{"id":104000,"date":"2025-12-04T11:51:10","date_gmt":"2025-12-04T11:51:10","guid":{"rendered":"https:\/\/www.europesays.com\/no\/104000\/"},"modified":"2025-12-04T11:51:10","modified_gmt":"2025-12-04T11:51:10","slug":"norge-skal-bli-ledende-innenfor-romfart-nrk-nordland","status":"publish","type":"post","link":"https:\/\/www.europesays.com\/no\/104000\/","title":{"rendered":"Norge skal bli ledende innenfor romfart \u2013 NRK Nordland"},"content":{"rendered":"<p>1969. \u00c5ret Neil Armstrong og Buzz Aldrin tok menneskets f\u00f8rste steg p\u00e5 m\u00e5nen fikk Norge sin f\u00f8rste romlov.<\/p>\n<p>Siden har loven st\u00e5tt seg. Men n\u00e5 kommer det en ny.<\/p>\n<p>Torsdag behandles forslaget til den nye romloven i Stortinget.<\/p>\n<p>\u2013 Det er \u00e5penbart at det har v\u00e6rt en rivende utvikling i romsektoren siden da. Med den nye romloven legger vi til rette for at den norske romn\u00e6ringen kan vokse videre, samtidig som vi ivaretar nasjonale interesser og internasjonale forpliktelser, sier n\u00e6ringsminister Cecilie Myrseth (Ap) til NRK.<\/p>\n<p><strong>Samtidig som loven fra 60-tallet skal erstattes varsler hun en ny satsing p\u00e5 romfart i Norge i en ny stortingsmelding.<\/strong><\/p>\n<p>Den forrige stortingsmeldingen p\u00e5 romfart kom tilbake i 2019.<\/p>\n<p>\u2013 Det er helt n\u00f8dvendig og viktig at vi oppdaterer rompolitikken v\u00e5r. Det har skjedd dramatisk mye p\u00e5 syv \u00e5r, b\u00e5de milit\u00e6rt, sivilt og kommersielt. Rom er blitt mer aktuelt enn noen ganger f\u00f8r.<\/p>\n<p><img decoding=\"async\"   src=\"data:image\/gif;base64,R0lGODlhAQABAIAAAAAAAP\/\/\/yH5BAEAAAAALAAAAAABAAEAAAIBRAA7\" loading=\"eager\" alt=\"Cecilie Myrseth\" title=\"Foto: Sofie Dege Dimmen \/ Regjeringen\"\/><\/p>\n<p class=\"\">N\u00e6ringsminister Cecilie Myrseth p\u00e5 Spaceport Norway 2025 p\u00e5 Mesh i Oslo torsdag morgen. 190 deltakere fra romsektoren var tilstede da n\u00e6ringsministeren slapp nyheten om at regjeringen kommer med ny stortingsmelding om romvirksomhet.<\/p>\n<p>Foto: Sofie Dege Dimmen \/ Regjeringen<\/p>\n<p>Regjeringen og Myrseth har flere ambisi\u00f8se m\u00e5lsettinger for rompolitikken:<\/p>\n<ul>\n<li>Norge skal bli en ledende romnasjon.<\/li>\n<li>Norge skal v\u00e6re best p\u00e5 hva som skjer i Arktis.<\/li>\n<li>And\u00f8ya skal v\u00e6re et av de mest attraktive stedene i verden for \u00e5 skyte opp satellitter.<\/li>\n<li>Norge skal v\u00e6re i front innen sivilmilit\u00e6r romvirksomhet.<\/li>\n<\/ul>\n<p>\u2013 Norge har noen fortrinn som ingen andre har. Vi har hele verdikjeder. Vi har romaksen v\u00e5r i nord, med And\u00f8ya, Narvik, Troms\u00f8 og Svalbard som er ledende p\u00e5 kompetanse om Arktis, sier Myrseth og legger til:<\/p>\n<p>\u2013 Vi har ogs\u00e5 muligheten til \u00e5 skyte opp raketter fra Norge p\u00e5 And\u00f8ya, og vi har stor kompetanse p\u00e5 jordobservasjon og nedlasting av satellittdata.<\/p>\n<p>Den nye romloven<\/p>\n<p>Regjeringen sier den nye loven skal bidra til n\u00e6ringsutvikling, innovasjon og fredelig utforskning av verdensrommet.<\/p>\n<p>Den skal ogs\u00e5 ta hensyn til milj\u00f8 og b\u00e6rekraft, samt foreg\u00e5 p\u00e5 en forsvarlig og sikker m\u00e5te i tr\u00e5d med Norges nasjonale sikkerhetsinteresser.<\/p>\n<p>Loven skal regulere drift av romhavner, oppskyting og p\u00e5virkning og drift av satellitter. Loven inneholder bestemmelser om tillatelser, registrering av romgjenstander, operat\u00f8rers plikter, erstatning og forsikring, tilsyn og forvaltningstiltak.<\/p>\n<p>Det er Luftfartstilsynet som blir \u00abromtilsyn\u00bb og skal ha en ledende rolle i oppf\u00f8lging av loven etter den er vedtatt.<\/p>\n<p>(Kilde: Regjeringen)<\/p>\n<p>Satsingen markeres ogs\u00e5 med at 2026 skal v\u00e6re et \u00abrom\u00e5r\u00bb i Norge.<\/p>\n<p>\u2013 Vi har en jobb \u00e5 gj\u00f8re med \u00e5 forst\u00e5 hvor mye vi p\u00e5virkes av det som skjer i verdensrommet. Dette er storpolitikk. Samtidig skaper det en ny industri i Norge som er kjempespennende. Her har vi muligheten til \u00e5 ta p\u00e5 oss en enda st\u00f8rre ledertr\u00f8ye p\u00e5 noe vi allerede er gode p\u00e5.<\/p>\n<p>Ny And\u00f8ya-oppskyting i desember<\/p>\n<p>And\u00f8ya blir en viktig del av Norges satsing p\u00e5 romfart.<\/p>\n<p>I mars i \u00e5r skjedde det en historisk rakettoppskyting fra And\u00f8ya. Det tyske romfartsselskapet Isar Aerospace skj\u00f8t opp sin f\u00f8rste b\u00e6rerakett.<\/p>\n<p>Raketten \u00abSpectrum\u00bb var imidlertid et knapt halvminutt i lufta og havnet i fj\u00e6ra. Isar Aerospace mente likevel at oppskytingen var en suksess. Det mener ogs\u00e5 Myrseth.<\/p>\n<p>\u2013 Vi er opptatt av at den reguleringen som ligger til grunn i romloven ogs\u00e5 ivaretar norske interesser. Vi er statlig eid, men samtidig opererer vi p\u00e5 kommersiell basis. S\u00e5 vi tenker at disse reguleringene er viktige for \u00e5 ivareta v\u00e5r og norsk sikkerhet. Vi er veldig positive til det som kommer, sier administrerende direkt\u00f8r Ketil Olsen i And\u00f8ya Space.<\/p>\n<p><img decoding=\"async\"   src=\"data:image\/gif;base64,R0lGODlhAQABAIAAAAAAAP\/\/\/yH5BAEAAAAALAAAAAABAAEAAAIBRAA7\" loading=\"eager\" alt=\"En mann st\u00e5r i en gang og ser i kamera\" title=\"Foto: And\u00f8ya Space\"\/><\/p>\n<p class=\"\">Ketil Olsen er toppsjef i And\u00f8ya Space.<\/p>\n<p>Foto: And\u00f8ya Space<\/p>\n<p>Nylig <a href=\"https:\/\/www.nrk.no\/nordland\/skal-skyte-opp-rakett-for-esa-fra-andoya-1.17674303\" ec-id=\"pp:article:1.17674303\" ec-name=\"inngikk tyskerne en avtale\" rel=\"nofollow noopener\" target=\"_blank\">inngikk tyskerne en avtale<\/a> med den europeiske romfartsorganisasjonen ESA, som inneb\u00e6rer oppskyting av en b\u00e6rerakett fra And\u00f8ya.<\/p>\n<p>Det er en del av ESA sitt romfartsprogram IOD\/IOV, som har som m\u00e5l \u00e5 demonstrere og teste nye teknologier i verdensrommet.<\/p>\n<p><strong>Vinduet for oppskytingen fra romhavna i Vester\u00e5len er satt fra 6. til 19. desember i \u00e5r, melder <a href=\"https:\/\/www.vol.no\/nyheter\/i\/9pml8q\/raketten-snart-klar-paa-rampen\" ec-id=\"https:\/\/www.vol.no\/nyheter\/i\/9pml8q\/raketten-snart-klar-paa-rampen\" ec-name=\"VOL\" rel=\"nofollow noopener\" target=\"_blank\">VOL<\/a>. <\/strong><\/p>\n<p>Europeisk kappl\u00f8p<\/p>\n<p>Romkappl\u00f8pet i Europa har foreg\u00e5tt lenge.<\/p>\n<p>Hvem i Europa skal bli f\u00f8rst til \u00e5 skyte opp romsatellitter? Norge? Sverige? Eller kanskje Storbritannia?<\/p>\n<p>Alle er land som har kjempet om \u00e5 bli f\u00f8rst, men n\u00e5 tyder det aller meste p\u00e5 at Norge og lille And\u00f8ya vil vinne. I november i fjor \u00e5pnet And\u00f8ya Spaceport sin oppskytningsbase for satellitter.<\/p>\n<p>Det kampen st\u00e5r om er \u00e5 v\u00e6re f\u00f8rst i Europa med \u00e5 sende satellitter rundt jorda.<\/p>\n<p><strong>\u2013 Det som er viktig for meg er at vi utvikler rompolitikken v\u00e5r i Norge, og gj\u00f8r fortrinnet v\u00e5rt enda st\u00f8rre, sier Myrseth.<\/strong><\/p>\n<p>Samtidig samarbeider Norge tett med andre land. Vi er med i ESA og har en ambisjon om \u00e5 bli med i EUs nye romprogrammer.<\/p>\n<p>And\u00f8ya har allerede skutt opp forskningsraketter og lignende i 60 \u00e5r. Men ingen har hatt god nok fart til \u00e5 g\u00e5 i bane rundt jorden.<\/p>\n<p>Rakettene det er snakk om er store b\u00e6reraketter som n\u00e5r verdensrommet og kan ha satellitter som last.<\/p>\n<p>Hittil har slike raketter blitt skutt opp fra land som USA, Russland, Kina og flere andre land.<\/p>\n<p>Publisert<\/p>\n<p>04.12.2025, kl. 09.11<\/p>\n<p>Oppdatert<\/p>\n<p>04.12.2025, kl. 09.51<\/p>\n","protected":false},"excerpt":{"rendered":"1969. \u00c5ret Neil Armstrong og Buzz Aldrin tok menneskets f\u00f8rste steg p\u00e5 m\u00e5nen fikk Norge sin f\u00f8rste romlov.&hellip;\n","protected":false},"author":2,"featured_media":104001,"comment_status":"","ping_status":"","sticky":false,"template":"","format":"standard","meta":{"footnotes":""},"categories":[10],"tags":[20,21,24,25,15,22,23,13,30,28,29,14,16,26,27],"class_list":{"0":"post-104000","1":"post","2":"type-post","3":"status-publish","4":"format-standard","5":"has-post-thumbnail","7":"category-norge","8":"tag-breaking-news","9":"tag-breakingnews","10":"tag-featured-news","11":"tag-featurednews","12":"tag-headlines","13":"tag-latest-news","14":"tag-latestnews","15":"tag-news","16":"tag-no","17":"tag-norge","18":"tag-norway","19":"tag-nyheter","20":"tag-overskrifter","21":"tag-top-stories","22":"tag-topstories"},"share_on_mastodon":{"url":"https:\/\/pubeurope.com\/@no\/115661156076722696","error":""},"_links":{"self":[{"href":"https:\/\/www.europesays.com\/no\/wp-json\/wp\/v2\/posts\/104000","targetHints":{"allow":["GET"]}}],"collection":[{"href":"https:\/\/www.europesays.com\/no\/wp-json\/wp\/v2\/posts"}],"about":[{"href":"https:\/\/www.europesays.com\/no\/wp-json\/wp\/v2\/types\/post"}],"author":[{"embeddable":true,"href":"https:\/\/www.europesays.com\/no\/wp-json\/wp\/v2\/users\/2"}],"replies":[{"embeddable":true,"href":"https:\/\/www.europesays.com\/no\/wp-json\/wp\/v2\/comments?post=104000"}],"version-history":[{"count":0,"href":"https:\/\/www.europesays.com\/no\/wp-json\/wp\/v2\/posts\/104000\/revisions"}],"wp:featuredmedia":[{"embeddable":true,"href":"https:\/\/www.europesays.com\/no\/wp-json\/wp\/v2\/media\/104001"}],"wp:attachment":[{"href":"https:\/\/www.europesays.com\/no\/wp-json\/wp\/v2\/media?parent=104000"}],"wp:term":[{"taxonomy":"category","embeddable":true,"href":"https:\/\/www.europesays.com\/no\/wp-json\/wp\/v2\/categories?post=104000"},{"taxonomy":"post_tag","embeddable":true,"href":"https:\/\/www.europesays.com\/no\/wp-json\/wp\/v2\/tags?post=104000"}],"curies":[{"name":"wp","href":"https:\/\/api.w.org\/{rel}","templated":true}]}}