{"id":104004,"date":"2025-12-04T11:58:09","date_gmt":"2025-12-04T11:58:09","guid":{"rendered":"https:\/\/www.europesays.com\/no\/104004\/"},"modified":"2025-12-04T11:58:09","modified_gmt":"2025-12-04T11:58:09","slug":"julepost-pakker-og-gaver-det-ville-kanskje-ikke-skjedd-i-oslo","status":"publish","type":"post","link":"https:\/\/www.europesays.com\/no\/104004\/","title":{"rendered":"Julepost, Pakker og gaver | \u2013 Det ville kanskje ikke skjedd i Oslo"},"content":{"rendered":"<p data-content=\"lead-text\" class=\"lead-text story brick-c-eOZvhA\">\n<p>          Det er mange som har tusen ting \u00e5 tenke p\u00e5 n\u00e5r julen stadig kommer litt n\u00e6rmere. I \u00e5r er det ogs\u00e5 mange som har gjort julehandelen sin p\u00e5 nettet. Det betyr ogs\u00e5 mange pakker hos dem som tar imot dem for eksempel hos Post i butikk. P\u00e5 Rjukan er den p\u00e5 Rema 1000. Der har de forel\u00f8pig god kontroll p\u00e5 pakkene. Hvis noen ikke henter f\u00f8r det har g\u00e5tt 14 dager, ringer de rett og slett hjem til dem som har navnet sitt p\u00e5 pakka.\n      <\/p>\n","protected":false},"excerpt":{"rendered":"Det er mange som har tusen ting \u00e5 tenke p\u00e5 n\u00e5r julen stadig kommer litt n\u00e6rmere. I \u00e5r&hellip;\n","protected":false},"author":2,"featured_media":104005,"comment_status":"","ping_status":"","sticky":false,"template":"","format":"standard","meta":{"footnotes":""},"categories":[10],"tags":[20,21,24,25,15,22,23,13,30,28,29,14,16,26,27],"class_list":{"0":"post-104004","1":"post","2":"type-post","3":"status-publish","4":"format-standard","5":"has-post-thumbnail","7":"category-norge","8":"tag-breaking-news","9":"tag-breakingnews","10":"tag-featured-news","11":"tag-featurednews","12":"tag-headlines","13":"tag-latest-news","14":"tag-latestnews","15":"tag-news","16":"tag-no","17":"tag-norge","18":"tag-norway","19":"tag-nyheter","20":"tag-overskrifter","21":"tag-top-stories","22":"tag-topstories"},"share_on_mastodon":{"url":"https:\/\/pubeurope.com\/@no\/115661183619668910","error":""},"_links":{"self":[{"href":"https:\/\/www.europesays.com\/no\/wp-json\/wp\/v2\/posts\/104004","targetHints":{"allow":["GET"]}}],"collection":[{"href":"https:\/\/www.europesays.com\/no\/wp-json\/wp\/v2\/posts"}],"about":[{"href":"https:\/\/www.europesays.com\/no\/wp-json\/wp\/v2\/types\/post"}],"author":[{"embeddable":true,"href":"https:\/\/www.europesays.com\/no\/wp-json\/wp\/v2\/users\/2"}],"replies":[{"embeddable":true,"href":"https:\/\/www.europesays.com\/no\/wp-json\/wp\/v2\/comments?post=104004"}],"version-history":[{"count":0,"href":"https:\/\/www.europesays.com\/no\/wp-json\/wp\/v2\/posts\/104004\/revisions"}],"wp:featuredmedia":[{"embeddable":true,"href":"https:\/\/www.europesays.com\/no\/wp-json\/wp\/v2\/media\/104005"}],"wp:attachment":[{"href":"https:\/\/www.europesays.com\/no\/wp-json\/wp\/v2\/media?parent=104004"}],"wp:term":[{"taxonomy":"category","embeddable":true,"href":"https:\/\/www.europesays.com\/no\/wp-json\/wp\/v2\/categories?post=104004"},{"taxonomy":"post_tag","embeddable":true,"href":"https:\/\/www.europesays.com\/no\/wp-json\/wp\/v2\/tags?post=104004"}],"curies":[{"name":"wp","href":"https:\/\/api.w.org\/{rel}","templated":true}]}}