{"id":104020,"date":"2025-12-04T12:19:23","date_gmt":"2025-12-04T12:19:23","guid":{"rendered":"https:\/\/www.europesays.com\/no\/104020\/"},"modified":"2025-12-04T12:19:23","modified_gmt":"2025-12-04T12:19:23","slug":"sean-diddy-combs-falske-fengselsbilder-sprer-seg","status":"publish","type":"post","link":"https:\/\/www.europesays.com\/no\/104020\/","title":{"rendered":"Sean \u00abDiddy\u00bb Combs: Falske fengselsbilder sprer seg"},"content":{"rendered":"<p class=\"kicker \" style=\"\">Sean \u00abDiddy\u00bb Combs:\u00a0<\/p>\n<p>  En rekke bisarre bilder som skal vise Sean \u00abDiddy\u00bb Combs liv bak murene har spredd seg den siste tida.\u00a0<\/p>\n<p>\n    KLEM: Flere bilder som angivelig skal vise Sean \u00abDiddy\u00bb Combs&#8217; liv p\u00e5 innsida av fengselet han soner i har florert p\u00e5 internett den siste tida. Foto: AI via TMZ\n  <\/p>\n<p>    Kort fortalt<\/p>\n<ul lang=\"nb-NO\">\n<li>Rapperen Sean \u00abDiddy\u00bb Combs ble d\u00f8mt til fire \u00e5r og to m\u00e5neder i fengsel for seksuell utnyttelse.<\/li>\n<li>Flere bilder av Combs fra fengselet har spredt seg, men de er laget med kunstig intelligens.<\/li>\n<li>Combs&#8217; representant bekrefter at bildene ikke er ekte og understreker strenge fengselsregler.<\/li>\n<li>Combs ble opprinnelig arrestert i september 2024 for alvorlige forbrytelser, inkludert menneskehandel.<\/li>\n<\/ul>\n<p class=\"italic ai-disclaimer\" data-lab-italic=\"italic\">Sammendraget er laget av ChatGPT og godkjent av Dagbladet.<\/p>\n<p>      Vis mer<br \/>\n      Vis mindre<\/p>\n<p>I sommer var den mye omtalte rettssaken mot rapperen <a href=\"https:\/\/www.dagbladet.no\/kjendis\/halvparten-var-splitter-nakne\/83027289\" rel=\"nofollow noopener\" target=\"_blank\">Sean \u00abDiddy\u00bb Combs (55)<\/a> i full sving.\u00a0<\/p>\n<p> 55-\u00e5ringen sto tiltalt for voldtekt, seksuelle overgrep og menneskehandel gjennom to ti\u00e5r, men ble bare d\u00f8mt\u00a0p\u00e5 punktene om seksuell utnyttelse av ekskj\u00e6resten Cassie Ventura (39) og en annen tidligere kj\u00e6reste. <\/p>\n<p>    <a itemprop=\"url\" href=\"https:\/\/www.dagbladet.no\/kjendis\/han-godtar-ikke-et-nei\/83271512\" rel=\"nofollow noopener\" target=\"_blank\"><\/p>\n<p>      <img loading=\"lazy\" decoding=\"async\" src=\"https:\/\/www.europesays.com\/no\/wp-content\/uploads\/2025\/12\/83269707.webp\" width=\"980\" height=\"441\" title=\"- Han godtar ikke et nei\" alt=\"\" class=\"lazyload\" style=\"--aspect-ratio-image: 2.22; \"\/><\/p>\n<p>        &#8211; Han godtar ikke et nei<\/p>\n<p>    <\/a><\/p>\n<p>P\u00e5talemyndigheten krevde at Diddy skulle bli <a href=\"https:\/\/www.dagbladet.no\/studio\/kjendisstudio\/668?post=188294\" rel=\"nofollow noopener\" target=\"_blank\">fengslet i elleve \u00e5r<\/a>, men forsvaret hans mente han skulle f\u00e5 en betydelig mildere straff p\u00e5 om lag 14 m\u00e5neder.<\/p>\n<p>          <img loading=\"lazy\" decoding=\"async\" src=\"https:\/\/www.europesays.com\/no\/wp-content\/uploads\/2025\/12\/83875605.webp\" width=\"686\" height=\"515\" title=\"VISTE F\u00d8LELSER: Da Combs fikk dommen skal han ha blitt sterkt preget, viser rettstegningen. Rettstegning: Jane Rosenberg\/REUTERS\/NTB\" alt=\"\" class=\"\" style=\"--aspect-ratio-image: 1.33; \"\/><\/p>\n<p>\n          VISTE F\u00d8LELSER: Da Combs fikk dommen skal han ha blitt sterkt preget, viser rettstegningen. Rettstegning: Jane Rosenberg\/REUTERS\/NTB\n      <\/p>\n<p>3. Oktober ble Combs d\u00f8mt til <a href=\"https:\/\/www.dagbladet.no\/kjendis\/na-er-dommen-klar\/83674410\" rel=\"nofollow noopener\" target=\"_blank\">fire \u00e5r og to m\u00e5neder i fengsel<\/a>, for seksuell utnyttelse.\u00a0<\/p>\n<p>Bisarre bilder sprer seg\t<\/p>\n<p>Combs soner n\u00e5 straffen sin i Fort Dix f\u00f8derale fengsel i New Jersey. En rekke bisarre bilder som utgir seg \u00e5 vise livet p\u00e5 innsida av fengselet har spredd seg som ild i t\u00f8rt gress den siste tida. Det skriver <a href=\"https:\/\/www.tmz.com\/2025\/12\/01\/diddy-prison-photo-selfie-ai-videos\/\" rel=\"nofollow noopener\" target=\"_blank\">TMZ<\/a>.\u00a0<\/p>\n<p class=\"font-weight-bold m-font-weight-bold\" data-lab-font_weight=\"font-weight-bold\">P\u00e5 bildene kan man se en blid og forn\u00f8yd Combs, som klemmer og tar selfier med andre innsatte. Samtlige har ogs\u00e5 f\u00e5tt et vannmerke p\u00e5 seg. Med store bokstaver st\u00e5r det TMZ over bildene.<\/p>\n<p>Bildene stammer derimot ikke fra kjendisnettstedet.<\/p>\n<p>          <img loading=\"lazy\" decoding=\"async\" src=\"https:\/\/www.europesays.com\/no\/wp-content\/uploads\/2025\/12\/83927817.webp\" width=\"686\" height=\"762\" title=\"I KANTINA: Et av bildene viser Combs sammen med en annen innsatt i det som ser ut som en kantine. Begge med h\u00e5rnett. Foto: AI via TMZ\" alt=\"\" class=\"\" style=\"--aspect-ratio-image: 0.90; \"\/><\/p>\n<p>\n          I KANTINA: Et av bildene viser Combs sammen med en annen innsatt i det som ser ut som en kantine. Begge med h\u00e5rnett. Foto: AI via TMZ\n      <\/p>\n<p>De er nemlig ikke ekte, men heller laget ved hjelp av kunstig intelligens, bekrefter TMZ selv.\u00a0<\/p>\n<p>\u00ab(&#8230;) Disse bildene er egentlig bare KI som l\u00f8per l\u00f8psk!\u00bb skriver de.<\/p>\n<p>Samtidig oppfordrer de lesere i tvil til \u00e5 opps\u00f8ke bildene p\u00e5 TMZs nettsider, for \u00e5 sjekke at de faktisk er ekte.<\/p>\n<p>          <img loading=\"lazy\" decoding=\"async\" src=\"https:\/\/www.europesays.com\/no\/wp-content\/uploads\/2025\/12\/83928131.webp\" width=\"686\" height=\"721\" title=\"FORN\u00d8YD: P\u00e5 flere av de manipulerte bildene kan man se Combs smile bredt, og holde rundt andre innsatte. Foto: AI via TMZ\" alt=\"\" class=\"\" style=\"--aspect-ratio-image: 0.95; \"\/><\/p>\n<p>\n          FORN\u00d8YD: P\u00e5 flere av de manipulerte bildene kan man se Combs smile bredt, og holde rundt andre innsatte. Foto: AI via TMZ\n      <\/p>\n<p class=\"font-weight-bold m-font-weight-bold\" data-lab-font_weight=\"font-weight-bold\">En representant fra hiphopmogulens leir har ogs\u00e5 sett seg n\u00f8dt til \u00e5 svare etter at bildene begynte \u00e5 sirkulere p\u00e5 nett.\u00a0<\/p>\n<p>Juda Engelmayer, Combs PR-mann, bekrefter til TMZ at bildene av rapperen ikke er ekte, og viser til hvor strenge regler det er i et f\u00f8deralt fengsel.\u00a0<\/p>\n<p>          <img loading=\"lazy\" decoding=\"async\" src=\"https:\/\/www.europesays.com\/no\/wp-content\/uploads\/2025\/12\/83927834.webp\" width=\"686\" height=\"844\" title=\"MED NUDLER: Et av bildene viser Combs som sitter i en celle med det som ser ut som en annen innsatt, mens han spiser en kopp med nudler. Foto: AI via TMZ\" alt=\"\" class=\"\" style=\"--aspect-ratio-image: 0.81; \"\/><\/p>\n<p>\n          MED NUDLER: Et av bildene viser Combs som sitter i en celle med det som ser ut som en annen innsatt, mens han spiser en kopp med nudler. Foto: AI via TMZ\n      <\/p>\n<p class=\"font-weight-bold m-font-weight-bold\" data-lab-font_weight=\"font-weight-bold\">&#8211;\u00a0 Disse bildene er ikke ekte. De er laget med kunstig intelligens. Sean har alltid behandlet mennesker med vennlighet og respekt, men mengden av manipulerte eller KI-genererte bilder som sirkulerer mens han sitter i et f\u00f8deralt fengsel er urovekkene. Ingen av disse forfalskede bildene har rot i virkeligheten, sier hun.\u00a0<\/p>\n<p>KI-bildene er tilsynelatende basert p\u00e5 et ekte bilde som <a href=\"https:\/\/www.tmz.com\/2025\/10\/31\/first-diddy-prison-photo\/\" rel=\"nofollow noopener\" target=\"_blank\">TMZ<\/a> fikk tak i mot slutten av oktober. Der kunne man se Combs med gr\u00e5tt skjegg og en oransje lue tredd over hodet.\u00a0<\/p>\n<p>        Rapperen Sean Combs, kjent som Diddy, er siktet for menneskehandel, utpressing og organisert kriminalitet. N\u00e5 florerer ryktene om at Justin Bieber kan v\u00e6re involvert. <\/p>\n<p>Arrestert i hotell-lobby\t<\/p>\n<p>Ballen startet \u00e5 rulle da Combs i september 2024 ble\u00a0<a href=\"https:\/\/www.dagbladet.no\/kjendis\/arrestert-pa-hotell\/81950764\" rel=\"nofollow noopener\" target=\"_blank\">arrestert p\u00e5 et hotell<\/a>\u00a0i New York, og deretter tiltalt for en rekke alvorlige forbrytelser:<\/p>\n<p class=\"font-weight-bold m-font-weight-bold\" data-lab-font_weight=\"font-weight-bold\">Menneskehandel, vold, seksuell utnyttelse og organisert kriminalitet.<\/p>\n<p data-lab-font_weight=\"\"> Cassie Ventura (38), som Combs var i et forhold med fra 2007 til 2018,\u00a0<a href=\"https:\/\/www.dagbladet.no\/kjendis\/legger-seg-langflat\/81422741\" rel=\"nofollow noopener\" target=\"_blank\">saks\u00f8kte ham i november 2023<\/a>\u00a0for voldtekt, menneskehandel og fysisk mishandling.<\/p>\n<p>          <img loading=\"lazy\" decoding=\"async\" src=\"https:\/\/www.europesays.com\/no\/wp-content\/uploads\/2025\/12\/83679239.webp\" width=\"686\" height=\"762\" title=\"EKSEN: Cassie Ventura var ett av hovedvitnene i rettssaken mot Combs. De var i et forhold i over 10 \u00e5r, her avbildet i 2016. Foto: Chris Delmas \/ AFP \/ NTB\" alt=\"\" class=\"\" style=\"--aspect-ratio-image: 0.90; \"\/><\/p>\n<p>\n          EKSEN: Cassie Ventura var ett av hovedvitnene i rettssaken mot Combs. De var i et forhold i over 10 \u00e5r, her avbildet i 2016. Foto: Chris Delmas \/ AFP \/ NTB\n      <\/p>\n<p>I tillegg beit p\u00e5talemyndigheten seg merke i raplegendens \u00abFreak Off\u00bb-fester.\u00a0<\/p>\n<p> \u00abFreak Offs\u00bb var detaljerte og regisserte seksuelle opptrinn som Combs arrangerte, ledet, masturberte under, og ofte gjorde opptak av\u00bb, heter det i\u00a0<a href=\"https:\/\/www.justice.gov\/usao-sdny\/pr\/sean-combs-charged-manhattan-federal-court-sex-trafficking-and-other-federal-offenses?utm_source=sdrn%3Avg%3Aarticle%3AXjdk7b\" rel=\"nofollow noopener\" target=\"_blank\">tiltalen<\/a>.<\/p>\n","protected":false},"excerpt":{"rendered":"Sean \u00abDiddy\u00bb Combs:\u00a0 En rekke bisarre bilder som skal vise Sean \u00abDiddy\u00bb Combs liv bak murene har spredd&hellip;\n","protected":false},"author":2,"featured_media":104021,"comment_status":"","ping_status":"","sticky":false,"template":"","format":"standard","meta":{"footnotes":""},"categories":[58],"tags":[71,2507,479,467,30,28,29,74,72],"class_list":{"0":"post-104020","1":"post","2":"type-post","3":"status-publish","4":"format-standard","5":"has-post-thumbnail","7":"category-underholdning","8":"tag-entertainment","9":"tag-fengsel","10":"tag-kjendis","11":"tag-kunstig-intelligens","12":"tag-no","13":"tag-norge","14":"tag-norway","15":"tag-sean-diddy-combs","16":"tag-underholdning"},"share_on_mastodon":{"url":"https:\/\/pubeurope.com\/@no\/115661266828611284","error":""},"_links":{"self":[{"href":"https:\/\/www.europesays.com\/no\/wp-json\/wp\/v2\/posts\/104020","targetHints":{"allow":["GET"]}}],"collection":[{"href":"https:\/\/www.europesays.com\/no\/wp-json\/wp\/v2\/posts"}],"about":[{"href":"https:\/\/www.europesays.com\/no\/wp-json\/wp\/v2\/types\/post"}],"author":[{"embeddable":true,"href":"https:\/\/www.europesays.com\/no\/wp-json\/wp\/v2\/users\/2"}],"replies":[{"embeddable":true,"href":"https:\/\/www.europesays.com\/no\/wp-json\/wp\/v2\/comments?post=104020"}],"version-history":[{"count":0,"href":"https:\/\/www.europesays.com\/no\/wp-json\/wp\/v2\/posts\/104020\/revisions"}],"wp:featuredmedia":[{"embeddable":true,"href":"https:\/\/www.europesays.com\/no\/wp-json\/wp\/v2\/media\/104021"}],"wp:attachment":[{"href":"https:\/\/www.europesays.com\/no\/wp-json\/wp\/v2\/media?parent=104020"}],"wp:term":[{"taxonomy":"category","embeddable":true,"href":"https:\/\/www.europesays.com\/no\/wp-json\/wp\/v2\/categories?post=104020"},{"taxonomy":"post_tag","embeddable":true,"href":"https:\/\/www.europesays.com\/no\/wp-json\/wp\/v2\/tags?post=104020"}],"curies":[{"name":"wp","href":"https:\/\/api.w.org\/{rel}","templated":true}]}}