{"id":104024,"date":"2025-12-04T12:25:52","date_gmt":"2025-12-04T12:25:52","guid":{"rendered":"https:\/\/www.europesays.com\/no\/104024\/"},"modified":"2025-12-04T12:25:52","modified_gmt":"2025-12-04T12:25:52","slug":"kan-vaere-flertall-for-norsk-kulturkanon","status":"publish","type":"post","link":"https:\/\/www.europesays.com\/no\/104024\/","title":{"rendered":"Kan v\u00e6re flertall for norsk kulturkanon"},"content":{"rendered":"\n<ul class=\"_list_o9xde_3 _list_64s2r_85 _unordered_o9xde_106 text-sans-m\">\n<li class=\"_item_o9xde_30\">H\u00f8yre \u00f8nsker \u00e5 etablere en norsk kulturkanon med de 100 viktigste verkene innen musikk, litteratur, teater, kunst og arkitektur.<\/li>\n<li class=\"_item_o9xde_30\">Haagen Poppe fra H\u00f8yre mener kanonen vil hjelpe nordmenn forst\u00e5 sin kulturarv og gi innvandrere nyttige referanser.<\/li>\n<li class=\"_item_o9xde_30\">Kulturminister Jaffery er kritisk og kaller initiativet \u00abfeilsl\u00e5tt\u00bb.<\/li>\n<\/ul>\n<p>Vis mer <\/p>\n<p class=\"_paragraph_o9xde_4 _paragraph_xtcu6_10 layout-component text-serif-m layout-normal text-serif-m layout-padded\">Det m\u00e5 du snart ta stilling til dersom H\u00f8yre f\u00e5r flertall for sitt \u00f8nske om en norsk kulturkanonkulturkanonEn liste over kunst- og kulturverk som anses som spesielt viktige og innflytelsesrike i et land. \u2013 en liste over Norges viktigste verk innen kunst og kultur, fra A-ha til Aa. O. Vinje.<\/p>\n<p class=\"_paragraph_o9xde_4 _paragraph_xtcu6_10 layout-component text-serif-m layout-normal text-serif-m layout-padded\">Den skal bli det nye, nasjonale leirb\u00e5let i splittelsens tid. <\/p>\n<p class=\"_paragraph_o9xde_4 _paragraph_xtcu6_10 layout-component text-serif-m layout-normal text-serif-m layout-padded\">\u2013 Jeg tror vi har de stemmene som skal til, sier stortingsrepresentant Haagen Poppe (H) til VG. If\u00f8lge ham har forslaget n\u00e5 st\u00f8tte fra et tilstrekkelig antall kulturkonservativekulturkonservativePersoner eller grupper som \u00f8nsker \u00e5 bevare tradisjonelle kulturelle verdier og uttrykk. i KrF og Sp til at et flertall er oppn\u00e5elig.<\/p>\n<p class=\"_paragraph_o9xde_4 _paragraph_xtcu6_10 layout-component text-serif-m layout-normal text-serif-m layout-padded\">Frp fremmet en lignende proposisjon i 2006. Den fikk bare partiets egen tilslutning. <\/p>\n<p class=\"_paragraph_o9xde_4 _paragraph_xtcu6_10 layout-component text-serif-m layout-normal text-serif-m layout-padded\">I 2017 la dav\u00e6rende kunnskapsminister Torbj\u00f8rn R\u00f8e Isaksen (H) frem <a href=\"https:\/\/www.morgenbladet.no\/pafyll\/torbjorn-roe-isaksen-lad-kulturkanonene\/8843145\" class=\"_link_o9xde_39\" rel=\"nofollow noopener\" target=\"_blank\">et likelydende forslag<\/a>, som noks\u00e5 overraskende <a href=\"https:\/\/www.aftenposten.no\/norge\/politikk\/i\/4aVwa\/landsmoetet-skjoet-ned-roee-isaksens-kulturkanon\" class=\"_link_o9xde_39\" rel=\"nofollow noopener\" target=\"_blank\">ble skutt ned av H\u00f8yres landsm\u00f8te.<\/a><\/p>\n<p><img alt=\"STANG INN: Haagen Poppe ved marmorbysten av Emil Stang, partigrunnlegger og H\u00f8yres f\u00f8rste leder. Poppe tror at det n\u00e5 finnes et politisk flertall p\u00e5 Stortinget for \u00e5 f\u00e5 laget en norsk kulturkanon. Bysten er laget av Jo Visdal i 1922.   Foto: YNGVE KVISTAD \/ VG\" class=\"_image_qp4xg_65 layout-component layout-normal\" data-fullscreen- data-track-element-type=\"Article image fullscreen\" data-track-name=\"ImageFullscreen\" decoding=\"async\" loading=\"lazy\" height=\"3024\" itemprop=\"image\"  src=\"https:\/\/www.europesays.com\/no\/wp-content\/uploads\/2025\/12\/bdb15338-0c4d-416d-b263-f2f07b18adf0\"  style=\"object-position:0% 0%\" width=\"4032\"\/>STANG INN: Haagen Poppe ved marmorbysten av Emil Stang, partigrunnlegger og H\u00f8yres f\u00f8rste leder. Poppe tror at det n\u00e5 finnes et politisk flertall p\u00e5 Stortinget for \u00e5 f\u00e5 laget en norsk kulturkanon. Bysten er laget av Jo Visdal i 1922.   Foto: YNGVE KVISTAD \/ VG<\/p>\n<p class=\"_paragraph_o9xde_4 _paragraph_xtcu6_10 layout-component text-serif-m layout-normal text-serif-m layout-padded\">\u2013 Vi trenger en veileder inn i kulturarven for \u00e5 forst\u00e5 hvem vi er, hvor vi kommer fra. En kanon kan ogs\u00e5 gi en pekepinn til dem som kommer hit. Et oppslagsverk som forklarer nye landsmenn: \u00abDisse referansene er det nyttig \u00e5 kjenne til\u00bb, p\u00e5peker Poppe.<\/p>\n<p class=\"_paragraph_o9xde_4 _paragraph_xtcu6_10 layout-component text-serif-m layout-normal text-serif-m layout-padded\"><strong class=\"_strong_o9xde_25\">Kulturminister Lubna Jaffery (Ap) er uenig. <\/strong><\/p>\n<p class=\"_paragraph_o9xde_4 _paragraph_xtcu6_10 layout-component text-serif-m layout-normal text-serif-m layout-padded\">I et skriftlig svar til Stortingets Familie og kulturkomite kaller hun H\u00f8yres initiativ \u00abs\u00e6rlig feilsl\u00e5tt\u00bb.<\/p>\n<p><img decoding=\"async\" alt=\"Bilde av Lubna Jaffery, kulturminister (Ap) \" class=\"_image_ygndg_42\" height=\"27\" itemprop=\"image\" loading=\"lazy\"  src=\"https:\/\/www.europesays.com\/no\/wp-content\/uploads\/2025\/12\/6dfe79a9-639b-4a4d-824b-609c7730ac8f\"  width=\"40\"\/><strong class=\"_name_ygndg_51 title-serif-xs\">Lubna Jaffery, kulturminister (Ap) <\/strong><\/p>\n<p class=\"_paragraph_o9xde_4 _paragraph_xtcu6_10 layout-component text-serif-m layout-normal text-serif-m layout-padded\">Statsr\u00e5den begrunner sitt avslag med at regjeringen \u00abskal f\u00f8re en kulturpolitikk som bygger opp under grunnleggende verdier som demokrati, ytringsfrihet, inkluderende fellesskap, bred deltagelse og tillit. En overordnet kulturkanon, mener jeg ikke er veien \u00e5 g\u00e5 for \u00e5 n\u00e5 disse m\u00e5lene.<\/p>\n<p class=\"_paragraph_o9xde_4 _paragraph_xtcu6_10 layout-component text-serif-m layout-normal text-serif-m layout-padded\">Det er hovedsakelig tre grunner til at jeg mener dette ikke er et godt forslag:<\/p>\n<p class=\"_paragraph_o9xde_4 _paragraph_xtcu6_10 layout-component text-serif-m layout-normal text-serif-m layout-padded\">1. Forslagets forst\u00e5else av kultur<\/p>\n<p class=\"_paragraph_o9xde_4 _paragraph_xtcu6_10 layout-component text-serif-m layout-normal text-serif-m layout-padded\">2.<strong class=\"_strong_o9xde_25\"> <\/strong>Tiden vi lever i<\/p>\n<p class=\"_paragraph_o9xde_4 _paragraph_xtcu6_10 layout-component text-serif-m layout-normal text-serif-m layout-padded\">3. \u00d8konomi og byr\u00e5kratisering\u00bb<\/p>\n<p class=\"_paragraph_o9xde_4 _paragraph_xtcu6_10 layout-component text-serif-m layout-normal text-serif-m layout-padded\">(Les hele hennes svar lenger ned i artikkelen.)<\/p>\n<p>Dette er Haagen Poppe (H):<\/p>\n<p class=\"_paragraph_o9xde_4 _paragraph_xtcu6_10 _paragraph_16v91_10 layout-component text-serif-m layout-normal text-sans-m layout-padded\" itemprop=\"text\">Haagen Severin Nilson Poppe (f\u00f8dt 12. september 1995) er valgt inn p\u00e5 Stortinget fra Aust-Agder valgdistrikt for perioden 2025\u20132029.<\/p>\n<p class=\"_paragraph_o9xde_4 _paragraph_xtcu6_10 _paragraph_16v91_10 layout-component text-serif-m layout-normal text-sans-m layout-padded\" itemprop=\"text\">Han vokste opp i Revesand i Arendal, og har studert jus ved Universitetet i Oslo. Poppe har arbeidet som museumsguide ved Aust-Agder museum og arkiv og senere som juridisk r\u00e5dgiver og eiendomsutvikler i Arendal kommune.<\/p>\n<p class=\"_paragraph_o9xde_4 _paragraph_xtcu6_10 _paragraph_16v91_10 layout-component text-serif-m layout-normal text-sans-m layout-padded\" itemprop=\"text\">Politisk har han hatt en rask karriere fra Unge H\u00f8yre-verv i Arendal og Aust-Agder til fylkestingsrepresentant i Aust-Agder, varamedlem i fylkestinget i Agder og gruppeleder og senere formannskapsmedlem i Arendal kommune. <\/p>\n<p class=\"_paragraph_o9xde_4 _paragraph_xtcu6_10 _paragraph_16v91_10 layout-component text-serif-m layout-normal text-sans-m layout-padded\" itemprop=\"text\">Han var vararepresentant til Stortinget i periodene 2017\u20132021 og 2021\u20132025 f\u00f8r han ble fast representant.<\/p>\n<p class=\"_paragraph_o9xde_4 _paragraph_xtcu6_10 _paragraph_16v91_10 layout-component text-serif-m layout-normal text-sans-m layout-padded\" itemprop=\"text\">P\u00e5 Stortinget er Poppe medlem av familie- og kulturkomiteen og varamedlem i valgkomiteen, samt varamedlem i Stortingets delegasjon til Nordisk r\u00e5d.<\/p>\n<p class=\"_paragraph_o9xde_4 _paragraph_xtcu6_10 _paragraph_16v91_10 layout-component text-serif-m layout-normal text-sans-m layout-padded\" itemprop=\"text\">Ved siden av politikken er han aktiv musiker; han spiller saksofon, synger opera og beskriver seg som estetiker med sterk interesse for klassisk musikk, arkitektur, kunst, historie, mat og drikke. I et portrettintervju har han omtalt seg selv som engasjerende, lyttende \u2013 og lett eksentrisk.<\/p>\n<p class=\"_paragraph_o9xde_4 _paragraph_xtcu6_10 layout-component text-serif-m layout-normal text-serif-m layout-padded\">Hvis ordet kulturkanon er gresk for deg, er du p\u00e5 riktig spor. <\/p>\n<p class=\"_paragraph_o9xde_4 _paragraph_xtcu6_10 layout-component text-serif-m layout-normal text-serif-m layout-padded\">Det var de gamle grekere som ga begrepet kan\u014dn betydningen \u00abrettesnor\u00bb. <\/p>\n<p class=\"_paragraph_o9xde_4 _paragraph_xtcu6_10 layout-component text-serif-m layout-normal text-serif-m layout-padded\">N\u00e5r H\u00f8yre og Frp \u00f8nsker seg en kanon (uttales ka:\u2019 n\u00e5n) er det alts\u00e5 ikke for \u00e5 skyte ned den norske kulturarven, men tvert imot \u00e5 sikte mot en h\u00f8yere himmel, skal vi tro den eldre herren p\u00e5 30 i gyllen tweed-dress vi p\u00e5treffer i Stortingets vandrehall.<\/p>\n<p><img alt=\"KANONKLAR: Haagen Severin Nilson Poppe (30)   Foto: YNGVE KVISTAD \/ VG\" class=\"_image_qp4xg_65 layout-component layout-normal\" data-fullscreen- data-track-element-type=\"Article image fullscreen\" data-track-name=\"ImageFullscreen\" decoding=\"async\" loading=\"lazy\" height=\"3084\" itemprop=\"image\"  src=\"https:\/\/www.europesays.com\/no\/wp-content\/uploads\/2025\/12\/40ba745f-dc07-4443-9957-d90a9a0caf49\"  style=\"object-position:0% 0%\" width=\"3024\"\/>KANONKLAR: Haagen Severin Nilson Poppe (30)   Foto: YNGVE KVISTAD \/ VG<\/p>\n<blockquote class=\"_blockquote_1la86_1 layout-component layout-normal layout-padded\">\n<p class=\"_quote_1la86_14 text-serif-l\">\u00abJeg vet jeg kommer til \u00e5 bli sur n\u00e5r jeg ser den endelige listen. Men s\u00e5nn m\u00e5 det v\u00e6re.\u00bb<\/p>\n<p class=\"font-weight-semi-bold\">Haagen Poppe,<\/p>\n<p>forslagsstiller (H)<\/p>\n<\/blockquote>\n<p class=\"_paragraph_o9xde_4 _paragraph_xtcu6_10 layout-component text-serif-m layout-normal text-serif-m layout-padded\">\u2013 Jeg er muligens mer opptatt av klassisk kunst og Griegs A-mollkonsert enn brorparten av mine jevnaldringer, vedg\u00e5r Poppe idet vi sl\u00e5r oss ned p\u00e5 hans kontor.<\/p>\n<p class=\"_paragraph_o9xde_4 _paragraph_xtcu6_10 layout-component text-serif-m layout-normal text-serif-m layout-padded\">Selv elsker han Bachs kirkemusikk, spiller saksofon og er oppvokst i korpsbevegelsen.<\/p>\n<p class=\"_paragraph_o9xde_4 _paragraph_xtcu6_10 layout-component text-serif-m layout-normal text-serif-m layout-padded\">\u2013 Men la meg understreke det s\u00e5 sterkt som jeg bare kan, sier den unge gamle og tapper en bestemt finger i sitt skrivebord:<\/p>\n<p class=\"_paragraph_o9xde_4 _paragraph_xtcu6_10 layout-component text-serif-m layout-normal text-serif-m layout-padded\"><strong class=\"_strong_o9xde_25\">\u2013 En kulturkanon er IKKE, og skal IKKE v\u00e6re et kulturkonservativt prosjekt! bedyrer han. <\/strong><\/p>\n<p class=\"_paragraph_o9xde_4 _paragraph_xtcu6_10 layout-component text-serif-m layout-normal text-serif-m layout-padded\">\u2013 At en norsk kanon kanskje kommer til \u00e5 domineres av d\u00f8de, hvite menn er helt naturlig. Fra Snorre Sturlason til Munch, Grieg og Ibsen er det slike som har definert sine epoker og gullaldere, sier Poppe.<\/p>\n<p><img alt=\"KANONF\u00d8DE: \u2013 Dette bildet liker jeg veldig godt, sier Haagen Poppe, som poengterer at en kulturkanon ikke skal v\u00e6re et kulturkonservativt prosjekt. Maleriet \u00abOslo 4\u00bb (olje p\u00e5 PVC) er laget av Kira Wager i 2012.   Foto: YNGVE KVISTAD \/ VG\" class=\"_image_qp4xg_65 layout-component layout-normal\" data-fullscreen- data-track-element-type=\"Article image fullscreen\" data-track-name=\"ImageFullscreen\" decoding=\"async\" loading=\"lazy\" height=\"2022\" itemprop=\"image\"  src=\"https:\/\/www.europesays.com\/no\/wp-content\/uploads\/2025\/12\/da93b464-dcc9-4756-b16a-87d30a5474d5\"  style=\"object-position:0% 0%\" width=\"4032\"\/>KANONF\u00d8DE: \u2013 Dette bildet liker jeg veldig godt, sier Haagen Poppe, som poengterer at en kulturkanon ikke skal v\u00e6re et kulturkonservativt prosjekt. Maleriet \u00abOslo 4\u00bb (olje p\u00e5 PVC) er laget av Kira Wager i 2012.   Foto: YNGVE KVISTAD \/ VG<\/p>\n<p class=\"_paragraph_o9xde_4 _paragraph_xtcu6_10 layout-component text-serif-m layout-normal text-serif-m layout-padded\">\u2013 Den <a href=\"https:\/\/www.kulturkanon.se\/\" class=\"_link_o9xde_39\" rel=\"nofollow noopener\" target=\"_blank\">svenske kulturkanonen <\/a>ble beskyldt for \u00e5 v\u00e6re elitistisk, militaristisk og kjemisk fri for arbeiderkultur. Ser du for deg en norsk kanon uten Alf Pr\u00f8ysen og Kristofer Uppdal, eller V\u00f8mm\u00f8l og Dag Solstad, for den del?<\/p>\n<p class=\"_paragraph_o9xde_4 _paragraph_xtcu6_10 layout-component text-serif-m layout-normal text-serif-m layout-padded\">\u2013 Sverige var en krigernasjon med en adel som i sin tid ogs\u00e5 preget landets kultur. V\u00e5r historie er en annen. Svenskenes kulturkanon er ingen inspirasjon for den vi skal lage. Bortsett fra \u00e9n ting: Deres arbeid med \u00e5 utforme en kanon utl\u00f8ste et heftig folkelig engasjement, med mer enn ti tusen h\u00f8ringsinnspill fra folk flest. Det nuller ut kritikken av elitisme, sier Poppe.<\/p>\n<p>V\u00d8MM\u00d8L SPELMANNSLAG Foto: Reidar Fure \/ VG<\/p>\n<p class=\"_paragraph_o9xde_4 _paragraph_xtcu6_10 layout-component text-serif-m layout-normal text-serif-m layout-padded\">\u2013 Det er opplagt at en norsk kulturkanon vil ha viktige bidrag fra arbeiderkulturen og kunstnere med et helt annet politisk st\u00e5sted enn meg. Men det er heldigvis opp til andre \u00e5 avgj\u00f8re.<\/p>\n<p class=\"_paragraph_o9xde_4 _paragraph_xtcu6_10 layout-component text-serif-m layout-normal text-serif-m layout-padded\">\u2013 Hvem da? H\u00f8yres stortingsgruppe?<\/p>\n<p class=\"_paragraph_o9xde_4 _paragraph_xtcu6_10 layout-component text-serif-m layout-normal text-serif-m layout-padded\">\u2013 Tanken er \u00e5 f\u00e5 utarbeidet en formell liste med de, la oss si, 100 viktigste verk innen norsk musikk, litteratur, teater, billedkunst, film og arkitektur. Noen sier seg selv. Men det m\u00e5 v\u00e6re en bred, ikke-politikerstyrt prosess. Den skal v\u00e6re \u00e5pen for alle. S\u00e5 blir det en jobb med utvelgelse og endelig vekting, som skal utf\u00f8res av folk med egnet kompetanse.<\/p>\n<p class=\"_paragraph_o9xde_4 _paragraph_xtcu6_10 layout-component text-serif-m layout-normal text-serif-m layout-padded\">\u2013 Og deretter vedtas Norges kanon av et kulturkonservativt flertall p\u00e5 Stortinget? <\/p>\n<p class=\"_paragraph_o9xde_4 _paragraph_xtcu6_10 layout-component text-serif-m layout-normal text-serif-m layout-padded\">\u2013 Nei. Den skal hverken dikteres eller vedtas av politikere. Jeg ser for meg at en endelig kulturkanon er utarbeidet av en uavhengig komit\u00e9, kanskje oppnevnt av Kulturr\u00e5detKulturr\u00e5detEn norsk statlig institusjon som st\u00f8tter kunst og kultur gjennom tilskudd og r\u00e5dgivning.<\/p>\n<p>.<\/p>\n<p>H\u00f8yres forslag om kulturkanon:<\/p>\n<p class=\"_paragraph_o9xde_4 _paragraph_xtcu6_10 _paragraph_16v91_10 layout-component text-serif-m layout-normal text-sans-m layout-padded\" itemprop=\"text\">\u00abEn kulturkanon er en oversikt over de mest betydningsfulle verkene i en nasjons kulturhistorie \u2013 en samling av de viktigste nasjonale kunst- og kulturskattene. Forslagsstillerne \u00f8nsker \u00e5 utvikle en norsk kulturkanon for \u00e5 sl\u00e5 fast hvilke verk som er essensielle i Norges kunst- og kulturarv. Flere land, som for eksempel Sverige, Danmark og Nederland, har allerede laget egne kulturkanoner.<\/p>\n<p class=\"_paragraph_o9xde_4 _paragraph_xtcu6_10 _paragraph_16v91_10 layout-component text-serif-m layout-normal text-sans-m layout-padded\" itemprop=\"text\">Mange europeiske land er i dag preget av splittelse og av at tillit, trygghet, sosial samh\u00f8righet og fellesskap er under press. Man ser klart at etniske, religi\u00f8se og sosio\u00f8konomiske skiller sammenfaller, og at man f\u00e5r en innvandret befolkning som har lite til felles med resten av befolkningen. Lignende tendenser ser man i Norge. I denne situasjonen er det behov for \u00e5 tydeliggj\u00f8re og tilgjengeliggj\u00f8re den kulturelle arven som har formet ens egen sivilisasjon, som en felles referanseramme for b\u00e5de nye og etablerte borgere. Kunnskap om egen kultur er viktigere enn p\u00e5 lenge. Bare Norge og nordmenn kan ta vare p\u00e5 norsk kultur. Forslagsstillerne \u00f8nsker \u00e5 styrke dette arbeidet.<\/p>\n<p class=\"_paragraph_o9xde_4 _paragraph_xtcu6_10 _paragraph_16v91_10 layout-component text-serif-m layout-normal text-sans-m layout-padded\" itemprop=\"text\">I en digital og globalisert tidsalder er det behov for en nasjonal diskusjon om hvilke kulturelle verdier, hvilken immateriell kulturarv og hvilke verk som er sentrale og dermed aller viktigst. <\/p>\n<p class=\"_paragraph_o9xde_4 _paragraph_xtcu6_10 _paragraph_16v91_10 layout-component text-serif-m layout-normal text-sans-m layout-padded\" itemprop=\"text\">I Norge trenger man en diskusjon om hva som er felles for hele det norske samfunnet. Forslagsstillerne mener det norske samfunnet ikke b\u00f8r v\u00e6re redd for \u00e5 diskutere hvem man er, hvor man kommer fra, og hvilke verdier man skal st\u00e5 opp for. En norsk kulturkanon vil bidra til dette. <\/p>\n<p class=\"_paragraph_o9xde_4 _paragraph_xtcu6_10 _paragraph_16v91_10 layout-component text-serif-m layout-normal text-sans-m layout-padded\" itemprop=\"text\">Den vil ogs\u00e5 v\u00e6re nyttig for dannelse, fellesskap og inkludering, samt v\u00e6re et viktig verkt\u00f8y i skolen, for l\u00e6rere og i arbeidet med \u00e5 videreutvikle l\u00e6replanene. I tillegg vil den synliggj\u00f8re den norske kulturhistorien for fremtidige generasjoner og for innvandrere. Dessuten kan en liste over de viktigste verkene i norsk kunst- og kulturhistorie bidra til en mer levende kulturdebatt, noe som vil v\u00e6re positivt for Norge og norsk kulturpolitikk.<\/p>\n<p class=\"_paragraph_o9xde_4 _paragraph_xtcu6_10 _paragraph_16v91_10 layout-component text-serif-m layout-normal text-sans-m layout-padded\" itemprop=\"text\">Forslagsstillerne presiserer viktigheten av at kulturkanonen ikke skal utvikles av politikere. Utvalget som utarbeider en norsk kulturkanon, b\u00f8r nedsette uavhengige ekspertgrupper med kompetanse innenfor hvert omr\u00e5de: arkitektur, billedkunst, design, kunsth\u00e5ndverk, film, litteratur, immateriell kulturarv, musikk og scenekunst. <\/p>\n<p class=\"_paragraph_o9xde_4 _paragraph_xtcu6_10 _paragraph_16v91_10 layout-component text-serif-m layout-normal text-sans-m layout-padded\" itemprop=\"text\">Selv om ekspertgruppene skal v\u00e6re selvstendige og bidra til \u00e5 utarbeide kulturkanonen, b\u00f8r folket ogs\u00e5 f\u00e5 si sin mening, gjerne etter modell fra Sverige.<\/p>\n<p>P\u00e5 denne bakgrunn fremmes f\u00f8lgende forslag:<\/p>\n<p class=\"_paragraph_o9xde_4 _paragraph_xtcu6_10 _paragraph_16v91_10 layout-component text-serif-m layout-normal text-sans-m layout-padded\" itemprop=\"text\">Stortinget ber regjeringen sette ned et utvalg som skal utarbeide et forslag til en norsk kulturkanon, det vil si en liste over de viktigste verkene i Norges kunst- og kulturarv.\u00bb<\/p>\n<p class=\"_paragraph_o9xde_4 _paragraph_xtcu6_10 layout-component text-serif-m layout-normal text-serif-m layout-padded\">\u2013 Kultur er avledet av \u00abcultura\u00bb, god latin for \u00e5 \u00abdyrke\u00bb og \u00abforedle\u00bb. Det er det motsatte av en statisk liste over gamle verk. Hvordan tror du en norsk kulturkanon vil st\u00e5 seg om 50 \u00e5r? <\/p>\n<p class=\"_paragraph_o9xde_4 _paragraph_xtcu6_10 layout-component text-serif-m layout-normal text-serif-m layout-padded\">\u2013 Kulturuttrykk endres over tid, selvf\u00f8lgelig. Hva som oppleves som relevant, vil ogs\u00e5 v\u00e6re omskiftelig. Derfor m\u00e5 en kanon revideres med ujevne mellomrom. Samtidig er det et poeng \u00e5 beholde enkelte ting som kan fremst\u00e5 utdatert, nettopp av den grunn. En kulturkanon skal jo v\u00e6re ankeret n\u00e5r alt annet raser fort forbi, det ene flyktigere enn det andre.<\/p>\n<p class=\"_paragraph_o9xde_4 _paragraph_xtcu6_10 layout-component text-serif-m layout-normal text-serif-m layout-padded\">\u2013 Som sikringskost mot sosiale medier?<\/p>\n<p class=\"_paragraph_o9xde_4 _paragraph_xtcu6_10 layout-component text-serif-m layout-normal text-serif-m layout-padded\">\u2013 TikTok, Instagram og sosiale medier for \u00f8vrig stjeler ikke bare v\u00e5r tid og oppmerksomhet, men har bidratt til \u00e5 frar\u00f8ve oss mange felles referansepunkter. Legg til skolens utvanning av kjennskap til de grunnleggende verkene i norsk litteratur, og vi har snart en hel generasjon som mangler begrepsapparatet til \u00e5 delta i samfunnsdebatten.<\/p>\n<p class=\"_paragraph_o9xde_4 _paragraph_xtcu6_10 layout-component text-serif-m layout-normal text-serif-m layout-padded\">\u2013 Det g\u00e5r vel an \u00e5 diskutere behovet for studentboliger uten \u00e5 kunne \u00abByggmester Solness\u00bb?<\/p>\n<p class=\"_paragraph_o9xde_4 _paragraph_xtcu6_10 layout-component text-serif-m layout-normal text-serif-m layout-padded\">\u2013 Jo da. \u00c5 misforst\u00e5 metaforer og ordtak, eller mangle innsikt i kulturelle referanser, kan dessuten v\u00e6re ufrivillig komisk. Men det g\u00e5r fra morsomt til skummelt n\u00e5r misforst\u00e5elsen sementerer en feilaktig holdning, fordi debattanter, eller publikum for den del, ikke lenger vet hva et uttrykk betyr. <\/p>\n<p><img alt=\"KANONISK: P\u00e5 veggen bak Haagen Poppe i Eidsvollgalleriet i Stortinget henger Edvard Munchs portrett av statsminister Otto Blehr (V) fra 1927\/30 og til h\u00f8yre, Christian Krohgs portrett av Johan Sverdrup fra 1882.  Foto: YNGVE KVISTAD \/ VG\" class=\"_image_qp4xg_65 layout-component layout-normal\" data-fullscreen- data-track-element-type=\"Article image fullscreen\" data-track-name=\"ImageFullscreen\" decoding=\"async\" loading=\"lazy\" height=\"3568\" itemprop=\"image\"  src=\"https:\/\/www.europesays.com\/no\/wp-content\/uploads\/2025\/12\/cc4c6a22-4994-42a8-96fa-c96a56f947f0\"  style=\"object-position:0% 0%\" width=\"3024\"\/>KANONISK: P\u00e5 veggen bak Haagen Poppe i Eidsvollgalleriet i Stortinget henger Edvard Munchs portrett av statsminister Otto Blehr (V) fra 1927\/30 og til h\u00f8yre, Christian Krohgs portrett av Johan Sverdrup fra 1882.  Foto: YNGVE KVISTAD \/ VG<\/p>\n<p class=\"_paragraph_o9xde_4 _paragraph_xtcu6_10 layout-component text-serif-m layout-normal text-serif-m layout-padded\">\u2013 <a href=\"https:\/\/no.wikipedia.org\/wiki\/Danmarks_kulturkanon\" class=\"_link_o9xde_39\" rel=\"nofollow noopener\" target=\"_blank\">Danmark fikk sin kulturkanon<\/a> i 2006, Sverige i \u00e5r. I begge land ble den initiert av konservative regjeringer, og i begge land fikk forslaget kritikk \u2013 ogs\u00e5 fra deler av h\u00f8yresiden \u2013 for \u00e5 sause sammen politisk kultur- og verdikamp med en kunstdebatt om kulturens kvalitet og uttrykksmangfold. Kulturminister Lubna Jaffery sier egentlig det samme i sin avvisning?<\/p>\n<p class=\"_paragraph_o9xde_4 _paragraph_xtcu6_10 layout-component text-serif-m layout-normal text-serif-m layout-padded\">\u2013 Det er lov \u00e5 mene det. I dette ordskiftet m\u00e5 det v\u00e6re takh\u00f8yde, sier Poppe.<\/p>\n<p class=\"_paragraph_o9xde_4 _paragraph_xtcu6_10 layout-component text-serif-m layout-normal text-serif-m layout-padded\">H\u00f8yre-representanten er imidlertid lite imponert over statsr\u00e5dens svar, som han mener er et fors\u00f8k p\u00e5 \u00e5 legge lokk p\u00e5 hele diskusjonen.<\/p>\n<p class=\"_paragraph_o9xde_4 _paragraph_xtcu6_10 layout-component text-serif-m layout-normal text-serif-m layout-padded\">\u2013 En kanon er ikke en fasit med to streker under. Verkslisten er en prosess. Det er en diskusjon om innhold, om uttrykk, om mening, om betydning, der debatten i seg selv har en egenverdi. Den endelige listen er \u00e5 anse om en introduksjon til kulturarven, og et utgangspunkt for videre debatt. <\/p>\n<p class=\"_paragraph_o9xde_4 _paragraph_xtcu6_10 layout-component text-serif-m layout-normal text-serif-m layout-padded\">\u2013 Denne rangeringen som du n\u00e5 foresl\u00e5r ender alltid opp i ett av to spor: Enten som en diskurs om kvalitet og representasjon blant de allerede innviede, eller som en nasjonalistisk besvergelse. Hvordan skal dere unng\u00e5 det?<\/p>\n<p class=\"_paragraph_o9xde_4 _paragraph_xtcu6_10 layout-component text-serif-m layout-normal text-serif-m layout-padded\">\u2013 Ved \u00e5 invitere til en allsidig debatt. Dessuten er det ikke nasjonalisme \u00e5 fremholde noe som udiskutabelt norsk.<\/p>\n<p class=\"_paragraph_o9xde_4 _paragraph_xtcu6_10 layout-component text-serif-m layout-normal text-serif-m layout-padded\">\u2013 Men hva er \u00abudiskutabelt norsk\u00bb, da? Griegs nasjonalromantiske tonespr\u00e5k var sterkt p\u00e5virket av tysk samtidsmusikk, Tidemand og Gude var barn av <a href=\"https:\/\/snl.no\/D%C3%BCsseldorfskolen\" class=\"_link_o9xde_39\" rel=\"nofollow noopener\" target=\"_blank\">D\u00fcsseldorfskolen<\/a>, Ibsen var skapitaliener og rosemaling er en avart av europeisk kirkekunst fra barokken? <\/p>\n<p class=\"_paragraph_o9xde_4 _paragraph_xtcu6_10 layout-component text-serif-m layout-normal text-serif-m layout-padded\">\u2013 De fleste kulturuttrykk har oppst\u00e5tt som en syntese eller reaksjon mot noe annet. V\u00e5r kulturarv bygger p\u00e5 europeiske impulser som vi har importert og foredlet. Selv sl\u00e5ttemusikken \u00f8verst i Setesdal har slektninger p\u00e5 kontinentet. Likevel mener jeg det er noen verker som er viktigere \u00e5 fremheve enn andre.<\/p>\n<p><img decoding=\"async\" alt=\"Bilde av Henrik Ibsen, verdens mest spilte dramatiker etter Shakespeare\" class=\"_image_ygndg_42\" height=\"52\" itemprop=\"image\" loading=\"lazy\"  src=\"https:\/\/www.europesays.com\/no\/wp-content\/uploads\/2025\/12\/bc1778fd-276e-4fca-b258-d561ec72a213\"  width=\"40\"\/><strong class=\"_name_ygndg_51 title-serif-xs\">Henrik Ibsen, verdens mest spilte dramatiker etter Shakespeare<\/strong>Les hele svaret fra kulturministeren her:<\/p>\n<p class=\"_paragraph_o9xde_4 _paragraph_xtcu6_10 _paragraph_16v91_10 layout-component text-serif-m layout-normal text-sans-m layout-padded\" itemprop=\"text\"><strong class=\"_strong_o9xde_25\">Svar p\u00e5 representantforslag 26S (2025\u20132026) om \u00e5 nedsette et utvalg som skal utarbeide en norsk kulturkanon<\/strong><\/p>\n<p class=\"_paragraph_o9xde_4 _paragraph_xtcu6_10 _paragraph_16v91_10 layout-component text-serif-m layout-normal text-sans-m layout-padded\" itemprop=\"text\">Det vises til brev av 11. november 2025 fra Stortingets familie- og kulturkomit\u00e9. Kultur- og likestillingsdepartementet er bedt om \u00e5 vurdere f\u00f8lgende forslag i Dokument nr. 8:26 S (2025\u20132026) fra stortingsrepresentantene Haagen Poppe, Tone Wilhelmsen Tr\u00f8en, Anna Molberg og Tage Pettersen:<\/p>\n<p class=\"_paragraph_o9xde_4 _paragraph_xtcu6_10 _paragraph_16v91_10 layout-component text-serif-m layout-normal text-sans-m layout-padded\" itemprop=\"text\">\u00abStortinget ber regjeringen sette ned et utvalg som skal utarbeide et forslag til en norsk kulturkanon, det vil si en liste over de viktigste verkene i Norges kunst- og kulturarv.\u00bb<\/p>\n<p class=\"_paragraph_o9xde_4 _paragraph_xtcu6_10 _paragraph_16v91_10 layout-component text-serif-m layout-normal text-sans-m layout-padded\" itemprop=\"text\"><strong class=\"_strong_o9xde_25\">Departementets vurdering<\/strong>:<\/p>\n<p class=\"_paragraph_o9xde_4 _paragraph_xtcu6_10 _paragraph_16v91_10 layout-component text-serif-m layout-normal text-sans-m layout-padded\" itemprop=\"text\">Forslaget begrunnes med at \u00abMange europeiske land er preget av splittelse og av at tillit, trygghet, sosial samh\u00f8righet og fellesskap er under press.\u00bb Forslagsstillerne mener at man ser lignende tendenser i Norge og at det i denne situasjonen er behov for \u00e5 \u00abtydeliggj\u00f8re og tilgjengeliggj\u00f8re den kulturelle arven som har formet ens egen sivilisasjon, som en felles referanseramme for b\u00e5de nye og etablerte borgere\u00bb. Videre heter det at \u00abKunnskap om egen kultur er viktigere enn p\u00e5 lenge. Bare Norge og nordmenn kan ta vare p\u00e5 norsk kultur. Forslagsstillerne \u00f8nsker \u00e5 styrke dette arbeidet.\u00bb<\/p>\n<p class=\"_paragraph_o9xde_4 _paragraph_xtcu6_10 _paragraph_16v91_10 layout-component text-serif-m layout-normal text-sans-m layout-padded\" itemprop=\"text\">Jeg deler forslagsstillernes \u00f8nske om \u00e5 \u00abtydeliggj\u00f8re og tilgjengeliggj\u00f8re den kulturelle arven som har formet ens egen sivilisasjon, som en felles referanseramme for b\u00e5de nye og etablerte borgere\u00bb. At en kulturkanon, som, slik forslagsstillerne \u00f8nsker seg, \u00absl\u00e5r fast hvilke verk som er essensielle i Norges kunst- og kulturarv\u00bb, er en del av l\u00f8sningen p\u00e5 disse problemene, tror jeg derimot ikke. Regjeringen skal f\u00f8re en kulturpolitikk som bygger opp under grunnleggende verdier som demokrati, ytringsfrihet, inkluderende fellesskap, bred deltagelse og tillit. En overordnet kulturkanon, mener jeg ikke er veien \u00e5 g\u00e5 for \u00e5 n\u00e5 disse m\u00e5lene.<\/p>\n<p class=\"_paragraph_o9xde_4 _paragraph_xtcu6_10 _paragraph_16v91_10 layout-component text-serif-m layout-normal text-sans-m layout-padded\" itemprop=\"text\">Det er hovedsakelig tre grunner til at jeg mener dette ikke er et godt forslag:\u00a0<\/p>\n<p class=\"_paragraph_o9xde_4 _paragraph_xtcu6_10 _paragraph_16v91_10 layout-component text-serif-m layout-normal text-sans-m layout-padded\" itemprop=\"text\">1. Forslagets forst\u00e5else av kultur<\/p>\n<p class=\"_paragraph_o9xde_4 _paragraph_xtcu6_10 _paragraph_16v91_10 layout-component text-serif-m layout-normal text-sans-m layout-padded\" itemprop=\"text\"><strong class=\"_strong_o9xde_25\">2. <\/strong>Tiden vi lever i<\/p>\n<p class=\"_paragraph_o9xde_4 _paragraph_xtcu6_10 _paragraph_16v91_10 layout-component text-serif-m layout-normal text-sans-m layout-padded\" itemprop=\"text\">3. \u00d8konomi og byr\u00e5kratisering<\/p>\n<p class=\"_paragraph_o9xde_4 _paragraph_xtcu6_10 _paragraph_16v91_10 layout-component text-serif-m layout-normal text-sans-m layout-padded\" itemprop=\"text\"><strong class=\"_strong_o9xde_25\">Forst\u00e5elsen av kultur<\/strong><\/p>\n<p class=\"_paragraph_o9xde_4 _paragraph_xtcu6_10 _paragraph_16v91_10 layout-component text-serif-m layout-normal text-sans-m layout-padded\" itemprop=\"text\">Den viktigste kulturelle fellesnevneren vi har i Norge er det norske spr\u00e5ket. \u00c5 mestre fellesspr\u00e5ket legger til rette for samfunnsdeltagelse og kulturell forst\u00e5else. Regjeringen f\u00f8rer en aktiv spr\u00e5kpolitikk, og store deler av kultur- og mediepolitikken er spr\u00e5kpolitisk begrunnet. Utover det mener jeg at det m\u00e5 ligge en dynamisk tiln\u00e6rming til kulturbegrepet til grunn for kulturpolitikken. Kulturelt fellesskap og kulturell verdi skapes og utvikles mange steder og p\u00e5 mange m\u00e5ter hele tiden. Ulike verks kvalitet og betydning er kontekstavhengig. Hvem som vekter verkene har mye \u00e5 si. Hadde vi laget en slik kanon som forslagsstillerne \u00f8nsker seg for hundre eller femti \u00e5r siden, hadde den sett annerledes ut enn den vil gj\u00f8re i dag, eller om femti \u00e5r. En hundre \u00e5r gammel kulturkanon ville for eksempel, etter all sannsynlighet, v\u00e6rt dominert av menn. I dag vil det v\u00e6re problematisk, fordi kulturen har endret seg og gj\u00f8r det hele tiden. En kulturkanon ala 2025 vil kun fortelle hva utvalgte mennesker mener er de viktigste verkene p\u00e5 det tidspunktet de setter opp sin liste.<\/p>\n<p class=\"_paragraph_o9xde_4 _paragraph_xtcu6_10 _paragraph_16v91_10 layout-component text-serif-m layout-normal text-sans-m layout-padded\" itemprop=\"text\">Det finnes utvilsomt et norsk fellesskap, rammet inn av v\u00e5re nasjonale grenser, Grunnloven, og mange fellesarenaer, ritualer og strukturer, som fellesskolen, grunnlovsfeiringen og politiske valg for \u00e5 nevne noen. Dette er et fellesskap forslagsstillerne og jeg er enige om at vi skal ta vare p\u00e5 og videreutvikle. Men norske tradisjoner og kultur kan ikke forst\u00e5s som noe isolert eller statisk. Kultur utvikles alltid og kontinuerlig i m\u00f8ter mellom mennesker og lar seg ikke \u00absl\u00e5 fast\u00bb slik forslagsstillerne ser det.<\/p>\n<p class=\"_paragraph_o9xde_4 _paragraph_xtcu6_10 _paragraph_16v91_10 layout-component text-serif-m layout-normal text-sans-m layout-padded\" itemprop=\"text\">Jeg ser at forslagsstillerne peker p\u00e5 at det er behov for en kulturkanon blant annet fordi den kan brukes i skolen. Uten \u00e5 ta stilling til hvilke tiltak kunnskapssektoren anser som viktige, vil jeg peke p\u00e5 at det innenfor fellesskolens rammer alltid har v\u00e6rt mulig \u00e5 lage et faglig begrunnet pensum for ulike fag, uten at Norge har hatt en kulturkanon.<\/p>\n<p class=\"_paragraph_o9xde_4 _paragraph_xtcu6_10 _paragraph_16v91_10 layout-component text-serif-m layout-normal text-sans-m layout-padded\" itemprop=\"text\"><strong class=\"_strong_o9xde_25\">Tiden vi lever i<\/strong><\/p>\n<p class=\"_paragraph_o9xde_4 _paragraph_xtcu6_10 _paragraph_16v91_10 layout-component text-serif-m layout-normal text-sans-m layout-padded\" itemprop=\"text\">Jeg deler forslagsstillernes engasjement for \u00e5 ta vare p\u00e5 kulturarven. Det mener jeg kulturpolitikken er godt innrettet til \u00e5 gj\u00f8re, blant annet gjennom museene, arkivene og bibliotekene v\u00e5re. Disse institusjonene jobber hver dag med \u00e5 ta vare p\u00e5 kulturarven v\u00e5r og de aktualiserer og formidler den i dialog med ulike grupper i samfunnet. Et slik arbeid inneb\u00e6rer fortl\u00f8pende utvelgelser og prioriteringer. Riksantikvaren har dessuten en fredningsliste for kulturminner av nasjonal verdi. Vektinger og verdivurderinger er alts\u00e5 kontinuerlig en del av kulturlivets dynamikk og funksjon. Diskusjonene er gjerne b\u00e5de skjerpende og opplysende. N\u00e5r jeg likevel mener at en statlig initiert, overnasjonal kulturkanon ikke er hensiktsmessig nettopp i v\u00e5r tid, er det fordi en slik kanondanning fort kan bli ekskluderende, skape hierarkiske grenser mellom kulturuttrykk og verk og virke mer splittende enn samlende. Nyanser forsvinner ofte i slike prosesser. \u00c5 dra skarpe grenser mellom \u00abdet norske\u00bb og \u00abdet andre\u00bb er ikke det vi trenger n\u00e5.<\/p>\n<p class=\"_paragraph_o9xde_4 _paragraph_xtcu6_10 _paragraph_16v91_10 layout-component text-serif-m layout-normal text-sans-m layout-padded\" itemprop=\"text\">Jeg mener at det viktigste grepet jeg som kulturminister kan ta for at kulturen skal virke samlende og inkluderende, er \u00e5 s\u00f8rge for at det er plass til alle, at det er rom for ulikhet og sameksistens og at det finnes gode fellesarenaer der kulturuttrykk og ulike meninger kan brynes mot hverandre og utvikle seg i sin egen tid. Jeg mener derfor at en kulturpolitikk som bygger strukturer for \u00e5 hierarkisere kulturell verdi, er s\u00e6rlig feilsl\u00e5tt i v\u00e5r tid.<\/p>\n<p class=\"_paragraph_o9xde_4 _paragraph_xtcu6_10 _paragraph_16v91_10 layout-component text-serif-m layout-normal text-sans-m layout-padded\" itemprop=\"text\"><strong class=\"_strong_o9xde_25\">\u00d8konomi og byr\u00e5kratisering\u00a0<\/strong><\/p>\n<p class=\"_paragraph_o9xde_4 _paragraph_xtcu6_10 _paragraph_16v91_10 layout-component text-serif-m layout-normal text-sans-m layout-padded\" itemprop=\"text\">Forslagsstillerne er tydelig inspirert av Sveriges utarbeidelse av en svensk kulturkanon, som ble presentert tidligere i h\u00f8st. Prosessen var drevet fram av partiene p\u00e5 h\u00f8yresiden i svensk politikk. Jeg har merket meg at b\u00e5de begrunnelsen og retorikken i foreliggende representantforslag sammenfaller med et tidligere forslag fra Fremskrittspartiet i 2006. Det forslaget fikk den gangen kun Frps egne stemmer, men er n\u00e5 alts\u00e5 tydelig forankret ogs\u00e5 i H\u00f8yre.<\/p>\n<p class=\"_paragraph_o9xde_4 _paragraph_xtcu6_10 _paragraph_16v91_10 layout-component text-serif-m layout-normal text-sans-m layout-padded\" itemprop=\"text\">Den svenske prosessen har vekket b\u00e5de engasjert debatt og konflikt. Den endelige listen er blant annet kritisert for \u00e5 v\u00e6re elitistisk og ideologisk farget og \u00e5 utelukke arbeiderklassekultur. Utvilsomt kom det tidvis interessante diskusjoner ut av arbeidet, ikke minst i de utvalgene som diskuterte seg fram til resultatet. Men det kostet ogs\u00e5 8 millioner svenske kroner. Det er penger som for eksempel kunne v\u00e6rt brukt p\u00e5 frivilligheten, regionale kulturarenaer eller restaureringsarbeid. Det svenske forslaget understreker at en slik kanon ogs\u00e5 m\u00e5 forvaltes, vedlikeholdes og revideres jevnlig. Det skal vi merke oss. Hvilket mottaksapparat skal fange opp en kanon? Svenskene foresl\u00e5r at staten oppretter en egen stiftelse som skal st\u00e5 for dette arbeidet. Stiftelsen foresl\u00e5s tilf\u00f8rt en grunnkapital p\u00e5 150 millioner svenske kroner, hvis avkastning skal finansiere driften, sammen med gaver og donasjoner, ansl\u00e5tt til ca. 6 millioner i \u00e5ret. \u00d8vrige utgifter foresl\u00e5s omdisponert innenfor kulturbudsjettet.<\/p>\n<p class=\"_paragraph_o9xde_4 _paragraph_xtcu6_10 _paragraph_16v91_10 layout-component text-serif-m layout-normal text-sans-m layout-padded\" itemprop=\"text\">Dersom opprettelsen av en slik stiftelse her til lands skulle v\u00e6rt finansiert over kulturbudsjettet, vil tilsvarende minst 160 millioner kroner m\u00e5tte g\u00e5 p\u00e5 bekostning av andre ting. Jeg mener det ikke er god bruk av fellesskapets midler \u00e5 drive statlig autorisert verksforvaltning, med tilh\u00f8rende byr\u00e5krati, til denne prisen.<\/p>\n<p class=\"_paragraph_o9xde_4 _paragraph_xtcu6_10 _paragraph_16v91_10 layout-component text-serif-m layout-normal text-sans-m layout-padded\" itemprop=\"text\">Jeg har notert meg at forslagsstillerne ikke mener at politikere skal diktere hva en kanon skal inneholde, og at man ser for seg en form for armlengdes avstand. Jeg mener likevel at dette er et forslag som bryter med v\u00e5rt armlengdeprinsipp. Selv om en kanon blir utarbeidet av uavhengige eksperter og eventuelt driftet av en selvstendig stiftelse, er det like fullt staten som initierer prosessen og gj\u00f8r kanonisering til operativ kulturpolitikk og forvaltning. Det er ikke statens oppgave og ikke noe denne regjeringen \u00f8nsker \u00e5 prioritere.<\/p>\n<p class=\"_paragraph_o9xde_4 _paragraph_xtcu6_10 _paragraph_16v91_10 layout-component text-serif-m layout-normal text-sans-m layout-padded\" itemprop=\"text\">Jeg diskuterer gjerne kulturpolitikkens innretning, justeringer, prioriteringer og mulige styrkinger. Jeg er enig i at det er legitimt og viktig \u00e5 diskutere kulturpolitikkens virkemidler for \u00e5 skape fellesskap og ta vare p\u00e5 norsk kultur. Men jeg vet av egen erfaring at det ikke er en overnasjonal kanon eller autoritative lister som bidrar til at man kommer inn i det norske fellesskapet. Det er det inkluderende arenaer, \u00e5penhet mot mangfoldet og sameksistens p\u00e5 tvers av ulikheter som gj\u00f8r.<\/p>\n<p class=\"_paragraph_o9xde_4 _paragraph_xtcu6_10 _paragraph_16v91_10 layout-component text-serif-m layout-normal text-sans-m layout-padded\" itemprop=\"text\"><strong class=\"_strong_o9xde_25\">Konklusjon<\/strong><\/p>\n<p class=\"_paragraph_o9xde_4 _paragraph_xtcu6_10 _paragraph_16v91_10 layout-component text-serif-m layout-normal text-sans-m layout-padded\" itemprop=\"text\">Etter Kultur- og likestillingsdepartementets vurdering er det ikke hensiktsmessig \u00e5 sette ned et utvalg som skal utarbeide et forslag til en norsk kulturkanon, det vil si en liste over de viktigste verkene i Norges kunst- og kulturarv.<\/p>\n<p class=\"_paragraph_o9xde_4 _paragraph_xtcu6_10 _paragraph_16v91_10 layout-component text-serif-m layout-normal text-sans-m layout-padded\" itemprop=\"text\">Med hilsen<\/p>\n<p class=\"_paragraph_o9xde_4 _paragraph_xtcu6_10 _paragraph_16v91_10 layout-component text-serif-m layout-normal text-sans-m layout-padded\" itemprop=\"text\">Lubna Jaffery<\/p>\n<p class=\"_paragraph_o9xde_4 _paragraph_xtcu6_10 layout-component text-serif-m layout-normal text-serif-m layout-padded\">\u2013 Er det bitte litt komisk at et liberalt parti som H\u00f8yre mener at staten b\u00f8r definere hvilke b\u00f8ker Norges borgere skal lese og hvilken musikk vi skal tvangsh\u00f8re p\u00e5? <\/p>\n<p class=\"_paragraph_o9xde_4 _paragraph_xtcu6_10 layout-component text-serif-m layout-normal text-serif-m layout-padded\">\u2013 Nei, noen verk er s\u00e5 grunnleggende at det ikke b\u00f8r v\u00e6re s\u00e6rlig kontroversielt \u00e5 mene at de h\u00f8rer hjemme i en norsk kulturkanon. \u00abPeer Gynt\u00bb, for eksempel. Men det skal ikke stikkes under stol at listen vil sprike. Arkitektur blir satt opp mot musikk. En opplagt kandidat for noen, vil irritere andre. Jeg vet jeg kommer til \u00e5 bli sur n\u00e5r jeg ser den endelige listen. Men s\u00e5nn m\u00e5 det v\u00e6re.<\/p>\n<p><img decoding=\"async\" alt=\"Bilde av Sissel Kyrkjeb\u00f8\" class=\"_image_ygndg_42\" height=\"27\" itemprop=\"image\" loading=\"lazy\"  src=\"https:\/\/www.europesays.com\/no\/wp-content\/uploads\/2025\/12\/4e832317-9e59-4c09-9b6a-4072198e74d8\"  width=\"40\"\/><strong class=\"_name_ygndg_51 title-serif-xs\">Sissel Kyrkjeb\u00f8<\/strong><\/p>\n<p class=\"_paragraph_o9xde_4 _paragraph_xtcu6_10 layout-component text-serif-m layout-normal text-serif-m layout-padded\">\u2013 S\u00e5 hva g\u00e5r h\u00f8yest: Tryvannst\u00e5rnet eller Sissel Kyrkjeb\u00f8? Hva er tyngst: \u00abKjempevisesl\u00e5tten\u00bb eller <a href=\"https:\/\/no.wikipedia.org\/wiki\/TNT_(band)\" class=\"_link_o9xde_39\" rel=\"nofollow noopener\" target=\"_blank\">TNT<\/a>? Hva tar mest plass: Vigelandsparken eller Odd Nerdrums selvbilde? Hva er mektigst: \u00abKristin Lavransdatter\u00bb eller f\u00e5rik\u00e5l? Hva representerer det moderne Norge: Operataket eller \u00abTake on me\u00bb? \u00c6rlig talt, Poppe, blir ikke dette bare dustete? <\/p>\n<p class=\"_paragraph_o9xde_4 _paragraph_xtcu6_10 layout-component text-serif-m layout-normal text-serif-m layout-padded\">\u2013 Det vil bli krevende vurderinger for dem som f\u00e5r den oppgaven, helt klart. Og, ja, i noen tilfeller blir det \u00e5 sammenligne epler og p\u00e6rer. Viktige verk vil ikke komme med. Men kunstnerisk egenart og kulturell verdi blir ikke noe mindre av den grunn. Den blir hverken st\u00f8rre eller mindre av \u00e5 st\u00e5 p\u00e5 denne listen. D\u00e9t er et viktig poeng, avrunder Haagen Poppe.                         <\/p>\n<p> Kulturministerens svarbrev:<br \/>\nLes ogs\u00e5<\/p>\n","protected":false},"excerpt":{"rendered":"H\u00f8yre \u00f8nsker \u00e5 etablere en norsk kulturkanon med de 100 viktigste verkene innen musikk, litteratur, teater, kunst og&hellip;\n","protected":false},"author":2,"featured_media":104025,"comment_status":"","ping_status":"","sticky":false,"template":"","format":"standard","meta":{"footnotes":""},"categories":[5],"tags":[20,21,24,25,15,19,1213,410,3963,3514,22,23,7456,17,18,13,30,28,281,29,14,16,26,27],"class_list":{"0":"post-104024","1":"post","2":"type-post","3":"status-publish","4":"format-standard","5":"has-post-thumbnail","7":"category-overskrifter","8":"tag-breaking-news","9":"tag-breakingnews","10":"tag-featured-news","11":"tag-featurednews","12":"tag-headlines","13":"tag-hovedoppslag","14":"tag-hoyre-h","15":"tag-kultur","16":"tag-kulturkanon","17":"tag-kulturpolitikk","18":"tag-latest-news","19":"tag-latestnews","20":"tag-lubna-jaffery","21":"tag-main-news","22":"tag-mainnews","23":"tag-news","24":"tag-no","25":"tag-norge","26":"tag-norsk-politikk","27":"tag-norway","28":"tag-nyheter","29":"tag-overskrifter","30":"tag-top-stories","31":"tag-topstories"},"share_on_mastodon":{"url":"https:\/\/pubeurope.com\/@no\/115661294662560248","error":""},"_links":{"self":[{"href":"https:\/\/www.europesays.com\/no\/wp-json\/wp\/v2\/posts\/104024","targetHints":{"allow":["GET"]}}],"collection":[{"href":"https:\/\/www.europesays.com\/no\/wp-json\/wp\/v2\/posts"}],"about":[{"href":"https:\/\/www.europesays.com\/no\/wp-json\/wp\/v2\/types\/post"}],"author":[{"embeddable":true,"href":"https:\/\/www.europesays.com\/no\/wp-json\/wp\/v2\/users\/2"}],"replies":[{"embeddable":true,"href":"https:\/\/www.europesays.com\/no\/wp-json\/wp\/v2\/comments?post=104024"}],"version-history":[{"count":0,"href":"https:\/\/www.europesays.com\/no\/wp-json\/wp\/v2\/posts\/104024\/revisions"}],"wp:featuredmedia":[{"embeddable":true,"href":"https:\/\/www.europesays.com\/no\/wp-json\/wp\/v2\/media\/104025"}],"wp:attachment":[{"href":"https:\/\/www.europesays.com\/no\/wp-json\/wp\/v2\/media?parent=104024"}],"wp:term":[{"taxonomy":"category","embeddable":true,"href":"https:\/\/www.europesays.com\/no\/wp-json\/wp\/v2\/categories?post=104024"},{"taxonomy":"post_tag","embeddable":true,"href":"https:\/\/www.europesays.com\/no\/wp-json\/wp\/v2\/tags?post=104024"}],"curies":[{"name":"wp","href":"https:\/\/api.w.org\/{rel}","templated":true}]}}