{"id":104030,"date":"2025-12-04T12:33:08","date_gmt":"2025-12-04T12:33:08","guid":{"rendered":"https:\/\/www.europesays.com\/no\/104030\/"},"modified":"2025-12-04T12:33:08","modified_gmt":"2025-12-04T12:33:08","slug":"helse-fhi-nye-smittetall-fra-fhi","status":"publish","type":"post","link":"https:\/\/www.europesays.com\/no\/104030\/","title":{"rendered":"Helse, FHI | Nye smittetall fra FHI"},"content":{"rendered":"\n<p>Torsdag kom FHI med ferske smittetall for \u00e5rets influensasesong. Den er i full gang, og \u00f8ker kraftig.<\/p>\n<p>N\u00e5 ber FHI sykehusene forberede seg p\u00e5 tiden fremover.<\/p>\n<p>\u2013 Sykehusene og kommunene m\u00e5 v\u00e6re forberedt p\u00e5 \u00f8kende antall innleggelser med influensa i tiden som kommer. Det kan bli mange innleggelser i julen, skriver FHI i sin nyeste rapport, som ble publisert klokken 13 torsdag.<\/p>\n<p>Det ventes betydelig mer influensa i oml\u00f8p f\u00f8r jul enn tidligere \u00e5r, st\u00e5r det videre i rapporten.<\/p>\n<p>Nok en gang ber ogs\u00e5 FHI folk om \u00e5 vaksinere seg.<\/p>\n<p>\u2013 Det er viktig at uvaksinerte eldre, personer i risikogrupper og helsepersonell med pasientkontakt vaksinerer seg s\u00e5 raskt som mulig.<\/p>\n<p><b>Les ogs\u00e5:<\/b> <a href=\"https:\/\/www.nettavisen.no\/nyheter\/fhi-ut-mot-steigan-innlegg-ingen-grunn-til-bekymring\/s\/5-95-2760480\" rel=\"Follow nofollow noopener\" target=\"_blank\">P\u00e5st\u00e5r barn d\u00f8de av koronavaksinen: Dette sier FHI<\/a><\/p>\n<p>Disse utgj\u00f8r st\u00f8rst smitterisiko<\/p>\n<p>De siste ukene har smittetallene for influensa \u00f8kt jevnt. FHI har flere ganger i h\u00f8st v\u00e6rt ute med oppfordringer til eldre og personer i risikogruppene om \u00e5 vaksinere seg. De har ogs\u00e5 sendt ut tekstmeldinger til en stor del av befolkningen med en p\u00e5minnelse om \u00e5 bestille time til vaksinasjon.<\/p>\n<p>FHI melder at det er registrert over 1,3 vaksinasjoner i SYSVAK, og av disse er 700.000 satt p\u00e5 personer i aldersgruppen 65 \u00e5r og eldre. Per 30. november var 65 prosent av denne aldersgruppen nylig vaksinert mot influensa.<\/p>\n<p>FHI har tidligere meldt at det p\u00e5vises mest influensa A (H3N2) og en ny og endret variant \u00abK\u00bb. Influensasesongen har startet flere uker tidligere enn den pleier i \u00e5r.<\/p>\n<p><b>Les ogs\u00e5:<\/b> <a href=\"https:\/\/www.nettavisen.no\/nyheter\/strommer-til-for-a-vaksineres-stor-pagang\/s\/5-95-2757041\" rel=\"Follow nofollow noopener\" target=\"_blank\">Str\u00f8mmer til for \u00e5 vaksineres<\/a><\/p>\n<p>Andel pr\u00f8ver med p\u00e5vist influensavirus var p\u00e5 15 prosent i uke 48 etter 8 prosent i uke 47. Dermed har smittetallene n\u00e6r doblet seg den siste uken. Mest smitte ser man blant barn i skolealder.<\/p>\n","protected":false},"excerpt":{"rendered":"Torsdag kom FHI med ferske smittetall for \u00e5rets influensasesong. Den er i full gang, og \u00f8ker kraftig. N\u00e5&hellip;\n","protected":false},"author":2,"featured_media":104031,"comment_status":"","ping_status":"","sticky":false,"template":"","format":"standard","meta":{"footnotes":""},"categories":[10],"tags":[20,21,24,25,15,22,23,13,30,28,29,14,16,26,27],"class_list":{"0":"post-104030","1":"post","2":"type-post","3":"status-publish","4":"format-standard","5":"has-post-thumbnail","7":"category-norge","8":"tag-breaking-news","9":"tag-breakingnews","10":"tag-featured-news","11":"tag-featurednews","12":"tag-headlines","13":"tag-latest-news","14":"tag-latestnews","15":"tag-news","16":"tag-no","17":"tag-norge","18":"tag-norway","19":"tag-nyheter","20":"tag-overskrifter","21":"tag-top-stories","22":"tag-topstories"},"share_on_mastodon":{"url":"https:\/\/pubeurope.com\/@no\/115661321284894125","error":""},"_links":{"self":[{"href":"https:\/\/www.europesays.com\/no\/wp-json\/wp\/v2\/posts\/104030","targetHints":{"allow":["GET"]}}],"collection":[{"href":"https:\/\/www.europesays.com\/no\/wp-json\/wp\/v2\/posts"}],"about":[{"href":"https:\/\/www.europesays.com\/no\/wp-json\/wp\/v2\/types\/post"}],"author":[{"embeddable":true,"href":"https:\/\/www.europesays.com\/no\/wp-json\/wp\/v2\/users\/2"}],"replies":[{"embeddable":true,"href":"https:\/\/www.europesays.com\/no\/wp-json\/wp\/v2\/comments?post=104030"}],"version-history":[{"count":0,"href":"https:\/\/www.europesays.com\/no\/wp-json\/wp\/v2\/posts\/104030\/revisions"}],"wp:featuredmedia":[{"embeddable":true,"href":"https:\/\/www.europesays.com\/no\/wp-json\/wp\/v2\/media\/104031"}],"wp:attachment":[{"href":"https:\/\/www.europesays.com\/no\/wp-json\/wp\/v2\/media?parent=104030"}],"wp:term":[{"taxonomy":"category","embeddable":true,"href":"https:\/\/www.europesays.com\/no\/wp-json\/wp\/v2\/categories?post=104030"},{"taxonomy":"post_tag","embeddable":true,"href":"https:\/\/www.europesays.com\/no\/wp-json\/wp\/v2\/tags?post=104030"}],"curies":[{"name":"wp","href":"https:\/\/api.w.org\/{rel}","templated":true}]}}