{"id":104037,"date":"2025-12-04T12:40:08","date_gmt":"2025-12-04T12:40:08","guid":{"rendered":"https:\/\/www.europesays.com\/no\/104037\/"},"modified":"2025-12-04T12:40:08","modified_gmt":"2025-12-04T12:40:08","slug":"yrkessjafor-benekter-straffskyld-nrk-trondelag-lokale-nyheter-tv-og-radio","status":"publish","type":"post","link":"https:\/\/www.europesays.com\/no\/104037\/","title":{"rendered":"Yrkessj\u00e5f\u00f8r benekter straffskyld \u2013 NRK Tr\u00f8ndelag \u2013 Lokale nyheter, TV og radio"},"content":{"rendered":"<p>Torsdag st\u00e5r en mann i 40-\u00e5rene tiltalt i Tr\u00f8ndelag tingrett for uaktsomt \u00e5 ha forvoldt en annens d\u00f8d.<\/p>\n<p>Semitraileren han kj\u00f8rte kom over i motg\u00e5ende kj\u00f8refelt og kolliderte med en personbil nord for Vikatunnelen \u2013 i Namsos.<\/p>\n<p>Ulykka skjedde klokka 5.15 om morgenen 21. mars i fjor.<\/p>\n<p>52 \u00e5r gamle Anita \u00d8vreb\u00f8 Pettersen d\u00f8de p\u00e5 stedet.<\/p>\n<p><img decoding=\"async\"   src=\"data:image\/gif;base64,R0lGODlhAQABAIAAAAAAAP\/\/\/yH5BAEAAAAALAAAAAABAAEAAAIBRAA7\" loading=\"eager\" alt=\"Anita \u00d8vreb\u00f8 Pettersen\" title=\"Foto: Privat\"\/><\/p>\n<p class=\"\">Anita \u00d8vreb\u00f8 Pettersen.<\/p>\n<p>Foto: Privat<\/p>\n<p>Da rettssaken startet i Namsos tinghus erkjente yrkessj\u00e5f\u00f8ren ikke straffskyld.<\/p>\n<p>Yrkessj\u00e5f\u00f8ren er tiltalt for ikke \u00e5 ha tilpasset hastigheten til de r\u00e5dende veiforholdene og dekkutrustningen p\u00e5 kj\u00f8ret\u00f8yet.<\/p>\n<p>Det sa aktor Marthe Aastad Br\u00f8ndbo i retten i dag.<\/p>\n<p><img decoding=\"async\"   src=\"data:image\/gif;base64,R0lGODlhAQABAIAAAAAAAP\/\/\/yH5BAEAAAAALAAAAAABAAEAAAIBRAA7\" loading=\"eager\" alt=\"Retten\" title=\"Foto: Rita Kleven\"\/><\/p>\n<p class=\"\">Aktor Marthe Aastad Br\u00f8ndbo i retten torsdag.<\/p>\n<p>Foto: Rita Kleven<\/p>\n<p>\u2013 Et sjokk<\/p>\n<p>P\u00e5 sp\u00f8rsm\u00e5l fra sin forsvarer Christian Arnkv\u00e6rn i retten, sa yrkessj\u00e5f\u00f8ren at tida etter ulykka har v\u00e6rt tung.<\/p>\n<p><strong>\u2013 Det har v\u00e6rt tungt. Det har kommet opp mange forskjellige tanker, men frem til n\u00e5 har jeg klart \u00e5 fortsette i samme jobben. N\u00e5r jeg fikk vite fra politiet at den andre personen i ulykken hadde mistet livet, s\u00e5 var det et stort sjokk ogs\u00e5 for meg, sa han i retten.<\/strong><\/p>\n<p>Fortalte om ulykka<\/p>\n<p>Yrkessj\u00e5f\u00f8ren fortalte om ulykka i retten. Han skulle n\u00e5 ei ferje, men sa at han ikke hadde det travelt denne morgenen.<\/p>\n<p><strong>\u2013 Jeg pr\u00f8vde \u00e5 teste vegforholdene for \u00e5 se hvor glatt det var med bremsene, og jeg s\u00e5 at det var glatt, sa han.<\/strong><\/p>\n<p>Han sa han holdt en hastighet p\u00e5 mellom 60 og 63 kilometer like f\u00f8r ulykka. Han forklarte at han bremset f\u00f8r en sving, og han s\u00e5 personbilen i motg\u00e5ende kj\u00f8refelt.<\/p>\n<p><img decoding=\"async\"   src=\"data:image\/gif;base64,R0lGODlhAQABAIAAAAAAAP\/\/\/yH5BAEAAAAALAAAAAABAAEAAAIBRAA7\" loading=\"eager\" alt=\"Retten\" title=\"Foto: Rita Kleven\"\/><\/p>\n<p class=\"\">Forsvarer Christian Arnkv\u00e6rn <\/p>\n<p>Foto: Rita Kleven<\/p>\n<p>Vegvesenets unders\u00f8kelser viste at semitraileren kom 1,25 meter over i motg\u00e5ende kj\u00f8refelt. Mannen var ikke enig i dette, og mener kj\u00f8ret\u00f8yene m\u00f8ttes ganske n\u00e6r midtlinja av vegen.<\/p>\n<p><strong>\u2013 Jeg har fortsatt ikke forst\u00e5tt det selv, hva som skjedde den dagen, sa yrkessj\u00e5f\u00f8ren.<\/strong><\/p>\n<p>Slitte dekk<\/p>\n<p>Vegvesenet har kontrollert bilen og har skrevet at flere av dekkene p\u00e5 semitraileren er slitt, sa aktor.<\/p>\n<p>\u2013 For meg virker det som at de var helt vanlige kj\u00f8rbare dekk. Slik som jeg tester, s\u00e5 virker det for meg at det er greit \u00e5 kj\u00f8re, sa tiltalte.<\/p>\n<p>Han sier han tok over kj\u00f8ret\u00f8yet fra en annen sj\u00e5f\u00f8r, som hadde kj\u00f8rt fra Oslo. Flere vitner forklarte seg i Tr\u00f8ndelag tingrett torsdag.<\/p>\n<p>Vitner i retten<\/p>\n<p>Flere vitner forklarte seg i Tr\u00f8ndelag tingrett torsdag. En lastebilsj\u00e5f\u00f8r kj\u00f8rte foran tiltalte da ulykka skjedde. Han s\u00e5 semitraileren i speilet.<\/p>\n<p><strong>\u2013 Han tok igjen meg. Jeg holdt veldig rolig tempo mot der det skjedde. Det var like glatt hele veien, sa han fra vitneboksen.<\/strong><\/p>\n<p>Et annet vitne fortalte at han hadde blitt forbikj\u00f8rt av begge de to trailerne. Like etterp\u00e5 kom han til ulykkesstedet og gikk ut.<\/p>\n<p>\u2013 Det var virkelig uvanlig glatt. Hadde jeg visst hvor glatt det var, ville jeg kj\u00f8rt enda saktere.<\/p>\n<p>Det var m\u00f8rkt denne morgenen, og personbilen hadde veltet i sammenst\u00f8tet. Det viste video fra et dashbordkamera til en av de f\u00f8rste som kom til stedet.<\/p>\n<p><img decoding=\"async\"   src=\"data:image\/gif;base64,R0lGODlhAQABAIAAAAAAAP\/\/\/yH5BAEAAAAALAAAAAABAAEAAAIBRAA7\" loading=\"eager\" alt=\"I retten\" title=\"Foto: Rita Kleven\"\/><\/p>\n<p class=\"\">Bistandsadvokat Lise Ligaard og aktor Marthe Aastad Br\u00f8ndbo.<\/p>\n<p>Foto: Rita Kleven<\/p>\n<p>To dager i retten<\/p>\n<p>Det er satt av to dager til rettssaken.<\/p>\n<p>Anita \u00d8vreb\u00f8 Pettersen bodde i Namsos, men var fra Skilbrei i Gaular.<\/p>\n<p>Hun etterlot seg fire barn. Bistandsadvokat for dem og hennes ektefelle er Lise Ligaard.<\/p>\n<p>Publisert<\/p>\n<p>04.12.2025, kl. 09.14<\/p>\n<p>Oppdatert<\/p>\n<p>04.12.2025, kl. 13.37<\/p>\n","protected":false},"excerpt":{"rendered":"Torsdag st\u00e5r en mann i 40-\u00e5rene tiltalt i Tr\u00f8ndelag tingrett for uaktsomt \u00e5 ha forvoldt en annens d\u00f8d.&hellip;\n","protected":false},"author":2,"featured_media":104038,"comment_status":"","ping_status":"","sticky":false,"template":"","format":"standard","meta":{"footnotes":""},"categories":[10],"tags":[20,21,24,25,15,22,23,13,30,28,29,14,16,26,27],"class_list":{"0":"post-104037","1":"post","2":"type-post","3":"status-publish","4":"format-standard","5":"has-post-thumbnail","7":"category-norge","8":"tag-breaking-news","9":"tag-breakingnews","10":"tag-featured-news","11":"tag-featurednews","12":"tag-headlines","13":"tag-latest-news","14":"tag-latestnews","15":"tag-news","16":"tag-no","17":"tag-norge","18":"tag-norway","19":"tag-nyheter","20":"tag-overskrifter","21":"tag-top-stories","22":"tag-topstories"},"share_on_mastodon":{"url":"https:\/\/pubeurope.com\/@no\/115661348836013188","error":""},"_links":{"self":[{"href":"https:\/\/www.europesays.com\/no\/wp-json\/wp\/v2\/posts\/104037","targetHints":{"allow":["GET"]}}],"collection":[{"href":"https:\/\/www.europesays.com\/no\/wp-json\/wp\/v2\/posts"}],"about":[{"href":"https:\/\/www.europesays.com\/no\/wp-json\/wp\/v2\/types\/post"}],"author":[{"embeddable":true,"href":"https:\/\/www.europesays.com\/no\/wp-json\/wp\/v2\/users\/2"}],"replies":[{"embeddable":true,"href":"https:\/\/www.europesays.com\/no\/wp-json\/wp\/v2\/comments?post=104037"}],"version-history":[{"count":0,"href":"https:\/\/www.europesays.com\/no\/wp-json\/wp\/v2\/posts\/104037\/revisions"}],"wp:featuredmedia":[{"embeddable":true,"href":"https:\/\/www.europesays.com\/no\/wp-json\/wp\/v2\/media\/104038"}],"wp:attachment":[{"href":"https:\/\/www.europesays.com\/no\/wp-json\/wp\/v2\/media?parent=104037"}],"wp:term":[{"taxonomy":"category","embeddable":true,"href":"https:\/\/www.europesays.com\/no\/wp-json\/wp\/v2\/categories?post=104037"},{"taxonomy":"post_tag","embeddable":true,"href":"https:\/\/www.europesays.com\/no\/wp-json\/wp\/v2\/tags?post=104037"}],"curies":[{"name":"wp","href":"https:\/\/api.w.org\/{rel}","templated":true}]}}