{"id":104039,"date":"2025-12-04T12:41:59","date_gmt":"2025-12-04T12:41:59","guid":{"rendered":"https:\/\/www.europesays.com\/no\/104039\/"},"modified":"2025-12-04T12:41:59","modified_gmt":"2025-12-04T12:41:59","slug":"tung-om-ukraina-gapet-vanskelig-a-ha-hoyere-ambisjon","status":"publish","type":"post","link":"https:\/\/www.europesays.com\/no\/104039\/","title":{"rendered":"Tung om Ukraina-gapet: \u2013 Vanskelig \u00e5 ha h\u00f8yere ambisjon"},"content":{"rendered":"<p><a class=\"inline-block uppercase px-2 py-1 rounded-full text-sm leading-none hover:underline whitespace-nowrap text-brandNeutral-900 bg-brandNeutral-100 dark:bg-brandStone-300 mb-6\" href=\"https:\/\/www.digi.no\/emne\/digitalisering-og-offentlig-it\" rel=\"nofollow noopener\" target=\"_blank\">Digitalisering og offentlig IT<\/a><\/p>\n<p class=\"text-xl leading-snug mb-8\">Ukraina har en super-app n\u00e5. Karianne Tung lover nordmenn en digital lommebok om noen \u00e5r, men avviser at Norge henger etter p\u00e5 proaktive tjenester.<\/p>\n<p>Kommentarer<\/p>\n<p>Du m\u00e5 v\u00e6re innlogget hos Ifr\u00e5gas\u00e4tt for \u00e5 kommentere. Bruk BankID for automatisk oppretting av brukerkonto. Du kan kommentere under fullt navn eller med kallenavn.<\/p>\n","protected":false},"excerpt":{"rendered":"Digitalisering og offentlig IT Ukraina har en super-app n\u00e5. Karianne Tung lover nordmenn en digital lommebok om noen&hellip;\n","protected":false},"author":2,"featured_media":104040,"comment_status":"","ping_status":"","sticky":false,"template":"","format":"standard","meta":{"footnotes":""},"categories":[5],"tags":[20,21,2608,24,25,15,19,3526,22,23,17,18,13,30,28,29,14,16,26,27],"class_list":{"0":"post-104039","1":"post","2":"type-post","3":"status-publish","4":"format-standard","5":"has-post-thumbnail","7":"category-overskrifter","8":"tag-breaking-news","9":"tag-breakingnews","10":"tag-digitalisering-og-offentlig-it","11":"tag-featured-news","12":"tag-featurednews","13":"tag-headlines","14":"tag-hovedoppslag","15":"tag-karianne-tung","16":"tag-latest-news","17":"tag-latestnews","18":"tag-main-news","19":"tag-mainnews","20":"tag-news","21":"tag-no","22":"tag-norge","23":"tag-norway","24":"tag-nyheter","25":"tag-overskrifter","26":"tag-top-stories","27":"tag-topstories"},"share_on_mastodon":{"url":"https:\/\/pubeurope.com\/@no\/115661356767834598","error":""},"_links":{"self":[{"href":"https:\/\/www.europesays.com\/no\/wp-json\/wp\/v2\/posts\/104039","targetHints":{"allow":["GET"]}}],"collection":[{"href":"https:\/\/www.europesays.com\/no\/wp-json\/wp\/v2\/posts"}],"about":[{"href":"https:\/\/www.europesays.com\/no\/wp-json\/wp\/v2\/types\/post"}],"author":[{"embeddable":true,"href":"https:\/\/www.europesays.com\/no\/wp-json\/wp\/v2\/users\/2"}],"replies":[{"embeddable":true,"href":"https:\/\/www.europesays.com\/no\/wp-json\/wp\/v2\/comments?post=104039"}],"version-history":[{"count":0,"href":"https:\/\/www.europesays.com\/no\/wp-json\/wp\/v2\/posts\/104039\/revisions"}],"wp:featuredmedia":[{"embeddable":true,"href":"https:\/\/www.europesays.com\/no\/wp-json\/wp\/v2\/media\/104040"}],"wp:attachment":[{"href":"https:\/\/www.europesays.com\/no\/wp-json\/wp\/v2\/media?parent=104039"}],"wp:term":[{"taxonomy":"category","embeddable":true,"href":"https:\/\/www.europesays.com\/no\/wp-json\/wp\/v2\/categories?post=104039"},{"taxonomy":"post_tag","embeddable":true,"href":"https:\/\/www.europesays.com\/no\/wp-json\/wp\/v2\/tags?post=104039"}],"curies":[{"name":"wp","href":"https:\/\/api.w.org\/{rel}","templated":true}]}}