{"id":104043,"date":"2025-12-04T12:48:11","date_gmt":"2025-12-04T12:48:11","guid":{"rendered":"https:\/\/www.europesays.com\/no\/104043\/"},"modified":"2025-12-04T12:48:11","modified_gmt":"2025-12-04T12:48:11","slug":"drapsforbund-siktet-16-aring-fra-stavanger-siktet-for-fem-nye-alvorlige-forhold","status":"publish","type":"post","link":"https:\/\/www.europesays.com\/no\/104043\/","title":{"rendered":"Drapsforbund-siktet 16-\u00e5ring fra Stavanger siktet for fem nye alvorlige forhold"},"content":{"rendered":"\n<p class=\"_lead_o9xde_2 _lead_xtcu6_50 layout-component text-serif-m layout-normal text-serif-l layout-component layout-wide layout-padded _wide_17hqh_1 layout-padded\">En 16 \u00e5r gammel gutt fra Stavanger som allerede er siktet for drapsplaner i flere land, er siktet for fem nye forhold, blant annet fors\u00f8k p\u00e5 drapsforbund.<\/p>\n<p><img alt=\"\u2013 Dette er en tidkrevende etterforskning av flere alvorlige forhold p\u00e5 tvers av flere landegrenser, sier politiadvokat John Ivar Johansen.&#10;Foto: Javad Parsa \/ NTB\" class=\"_image_qp4xg_65 layout-component layout-wide\" data-fullscreen- data-track-element-type=\"Article image fullscreen\" data-track-name=\"ImageFullscreen\" fetchpriority=\"high\" decoding=\"sync\" loading=\"eager\" height=\"3633\" itemprop=\"image\"  src=\"https:\/\/www.europesays.com\/no\/wp-content\/uploads\/2025\/12\/4d68da2b-ffcb-4499-9b9e-3b28361e53d7\"  style=\"object-position:0% 0%\" width=\"5449\"\/>\u2013 Dette er en tidkrevende etterforskning av flere alvorlige forhold p\u00e5 tvers av flere landegrenser, sier politiadvokat John Ivar Johansen.<br \/>\nFoto: Javad Parsa \/ NTB<\/p>\n<ul aria-hidden=\"true\" class=\"_images_1uft6_111\">\n<li><a class=\"_link_1uft6_116\" href=\"https:\/\/www.vg.no\/forfatter\/ntb\" style=\"z-index:1\" title=\"NTB\" rel=\"nofollow noopener\" target=\"_blank\"><img alt=\"Bilde av NTB\" class=\"_image_1uft6_93\" fetchpriority=\"low\" loading=\"lazy\" decoding=\"async\" itemprop=\"image\"  src=\"https:\/\/www.europesays.com\/no\/wp-content\/uploads\/2025\/12\/1764852491_49_c33980b0-5d07-4027-84a1-813f90a7c8d6\"  width=\"480\"\/><\/a><\/li>\n<\/ul>\n<p> Oppdatert torsdag 4. desember kl. 12:54     <\/p>\n<p class=\"_paragraph_o9xde_4 _paragraph_xtcu6_10 layout-component text-serif-m layout-normal text-serif-m layout-padded\"> Det bekrefter Kripos overfor <a href=\"https:\/\/www.aftenbladet.no\/lokalt\/i\/WvLLJ2\/16-aaring-fra-stavanger-siktet-for-fem-nye-alvorlige-forhold\" class=\"_link_o9xde_39\" rel=\"nofollow noopener\" target=\"_blank\">Aftenbladet\/Aftenposten<\/a> , og de beskriver sakene som \u00abalvorlige\u00bb. <\/p>\n<p class=\"_paragraph_o9xde_4 _paragraph_xtcu6_10 layout-component text-serif-m layout-normal text-serif-m layout-padded\">De nye siktelsene mot 16-\u00e5ringen gjelder lovbrudd som skal ha skjedd i tidsrommet januar-mars i \u00e5r. <\/p>\n<p class=\"_paragraph_o9xde_4 _paragraph_xtcu6_10 layout-component text-serif-m layout-normal text-serif-m layout-padded\">De gjelder blant annet planer om brannstiftelse knyttes til hendelser i Norrk\u00f6ping, if\u00f8lge Aftenbladet.<\/p>\n<p class=\"_paragraph_o9xde_4 _paragraph_xtcu6_10 layout-component text-serif-m layout-normal text-serif-m layout-padded\">\u2013 Den digitale etterforskningen har gitt informasjon som f\u00f8rer til at 16-\u00e5ringen er siktet for fors\u00f8k p\u00e5 drapsforbund, to tilfeller der politiet mener at han har inng\u00e5tt forbund om brannstiftelse, og to fors\u00f8k p\u00e5 \u00e5 inng\u00e5 forbund om brannstiftelse, sier politiadvokat John Ivar Johansen ved Kripos til Aftenposten\/Aftenbladet.<\/p>\n<p>Digital kommunikasjon<\/p>\n<p class=\"_paragraph_o9xde_4 _paragraph_xtcu6_10 layout-component text-serif-m layout-normal text-serif-m layout-padded\"> I en <a href=\"https:\/\/www.politiet.no\/nyheter-og-presse\/kripos\/nyhet\/2025-12-04\/kripos-nye-siktelser-mot-16-aring-i-drapsforbund-saken\" class=\"_link_o9xde_39\" rel=\"nofollow noopener\" target=\"_blank\">pressemelding<\/a> skriver politiet at de nye siktelsene gjelder forhold der 16-\u00e5ringen har kommunisert digitalt med personer i utlandet om forbrytelser som skulle beg\u00e5s forskjellige steder i Sverige.<\/p>\n<p class=\"_paragraph_o9xde_4 _paragraph_xtcu6_10 layout-component text-serif-m layout-normal text-serif-m layout-padded\">\u2013 Dette er forhold som skjedde i tiden forut for p\u00e5gripelsen av 16-\u00e5ringen. Politiet mener at 16-\u00e5ringen har bidratt ved \u00e5 rekruttere eller fors\u00f8ke \u00e5 rekruttere personer til \u00e5 utf\u00f8re disse alvorlige handlingene, p\u00e5 vegne av andre personer. Per n\u00e5 kan vi ikke tid- eller stedfeste dette n\u00e6rmere av hensyn til den videre etterforskningen, b\u00e5de i Norge og i Sverige, sier Johansen.<\/p>\n<p>Flere land<\/p>\n<p class=\"_paragraph_o9xde_4 _paragraph_xtcu6_10 layout-component text-serif-m layout-normal text-serif-m layout-padded\">Sakene mot 16-\u00e5ringen er del av et st\u00f8rre sakskompleks som rulles opp p\u00e5 tvers av flere landegrenser.<\/p>\n<p class=\"_paragraph_o9xde_4 _paragraph_xtcu6_10 layout-component text-serif-m layout-normal text-serif-m layout-padded\">Politiet mener at flere ten\u00e5ringer og unge menn fra Stavanger har v\u00e6rt involvert i \u00e5 planlegge ulike voldsangrep eller drap. 16-\u00e5ringen er siktet i alle de aktuelle sakene, som er i Stavanger, England, Lund, Stockholm-omr\u00e5det og G\u00e4vle i Sverige.<\/p>\n<p class=\"_paragraph_o9xde_4 _paragraph_xtcu6_10 layout-component text-serif-m layout-normal text-serif-m layout-padded\">I pressemeldingen torsdag skriver politiet at de mener flere av siktelsene skjer som ledd i aktivitetene til en organisert kriminell gruppe. <\/p>\n<p class=\"_paragraph_o9xde_4 _paragraph_xtcu6_10 layout-component text-serif-m layout-normal text-serif-m layout-padded\">Totalt er ni personer siktet av norsk politi i sakskomplekset.<\/p>\n<p class=\"_paragraph_o9xde_4 _paragraph_xtcu6_10 layout-component text-serif-m layout-normal text-serif-m layout-padded\">\u2013 Dette er en tidkrevende etterforskning av flere alvorlige forhold p\u00e5 tvers av flere landegrenser. Vi har et godt samarbeid med b\u00e5de svenske og britiske myndigheter i denne saken. Etterforskningen vil trolig v\u00e6re ferdig tidlig i vinter, og hovedforhandlingene er forh\u00e5ndsberammet til mars neste \u00e5r i S\u00f8r-Rogaland tingrett, sier Johansen.<\/p>\n<p>Fortsatt i avh\u00f8r<\/p>\n<p class=\"_paragraph_o9xde_4 _paragraph_xtcu6_10 layout-component text-serif-m layout-normal text-serif-m layout-padded\">Til NTB sier forsvarer J\u00f8rund L\u00e6gland at 16-\u00e5ringen ikke er avh\u00f8rt om forholdene som handler om forbund om brannstiftelse og fors\u00f8k p\u00e5 forbund om \u00e5 stifte brann. Dermed har de ikke tatt stilling til dette.<\/p>\n<p class=\"_paragraph_o9xde_4 _paragraph_xtcu6_10 layout-component text-serif-m layout-normal text-serif-m layout-padded\">\u2013 Han har v\u00e6rt i avh\u00f8r hos Kripos i dag og ikke forklart seg ferdig om det som gjelder fors\u00f8k p\u00e5 drapsforbund, sier forsvareren.<\/p>\n","protected":false},"excerpt":{"rendered":"En 16 \u00e5r gammel gutt fra Stavanger som allerede er siktet for drapsplaner i flere land, er siktet&hellip;\n","protected":false},"author":2,"featured_media":104044,"comment_status":"","ping_status":"","sticky":false,"template":"","format":"standard","meta":{"footnotes":""},"categories":[10],"tags":[20,21,24,25,15,22,23,13,30,28,29,14,16,26,27],"class_list":{"0":"post-104043","1":"post","2":"type-post","3":"status-publish","4":"format-standard","5":"has-post-thumbnail","7":"category-norge","8":"tag-breaking-news","9":"tag-breakingnews","10":"tag-featured-news","11":"tag-featurednews","12":"tag-headlines","13":"tag-latest-news","14":"tag-latestnews","15":"tag-news","16":"tag-no","17":"tag-norge","18":"tag-norway","19":"tag-nyheter","20":"tag-overskrifter","21":"tag-top-stories","22":"tag-topstories"},"share_on_mastodon":{"url":"https:\/\/pubeurope.com\/@no\/115661380432741813","error":""},"_links":{"self":[{"href":"https:\/\/www.europesays.com\/no\/wp-json\/wp\/v2\/posts\/104043","targetHints":{"allow":["GET"]}}],"collection":[{"href":"https:\/\/www.europesays.com\/no\/wp-json\/wp\/v2\/posts"}],"about":[{"href":"https:\/\/www.europesays.com\/no\/wp-json\/wp\/v2\/types\/post"}],"author":[{"embeddable":true,"href":"https:\/\/www.europesays.com\/no\/wp-json\/wp\/v2\/users\/2"}],"replies":[{"embeddable":true,"href":"https:\/\/www.europesays.com\/no\/wp-json\/wp\/v2\/comments?post=104043"}],"version-history":[{"count":0,"href":"https:\/\/www.europesays.com\/no\/wp-json\/wp\/v2\/posts\/104043\/revisions"}],"wp:featuredmedia":[{"embeddable":true,"href":"https:\/\/www.europesays.com\/no\/wp-json\/wp\/v2\/media\/104044"}],"wp:attachment":[{"href":"https:\/\/www.europesays.com\/no\/wp-json\/wp\/v2\/media?parent=104043"}],"wp:term":[{"taxonomy":"category","embeddable":true,"href":"https:\/\/www.europesays.com\/no\/wp-json\/wp\/v2\/categories?post=104043"},{"taxonomy":"post_tag","embeddable":true,"href":"https:\/\/www.europesays.com\/no\/wp-json\/wp\/v2\/tags?post=104043"}],"curies":[{"name":"wp","href":"https:\/\/api.w.org\/{rel}","templated":true}]}}