{"id":104049,"date":"2025-12-04T12:56:10","date_gmt":"2025-12-04T12:56:10","guid":{"rendered":"https:\/\/www.europesays.com\/no\/104049\/"},"modified":"2025-12-04T12:56:10","modified_gmt":"2025-12-04T12:56:10","slug":"tre-menn-i-20-arene-pagrepet-for-grov-narkotikaforbrytelse","status":"publish","type":"post","link":"https:\/\/www.europesays.com\/no\/104049\/","title":{"rendered":"Tre menn i 20-\u00e5rene p\u00e5grepet for grov narko\u00adtika\u00adforbry\u00adtelse"},"content":{"rendered":"<p>Mennene i 20-\u00e5rene ble p\u00e5grepet onsdag i en planlagt aksjon mot tre ulike adresser. Alle tre er siktet for grov narkotikaforbrytelse.<\/p>\n<p> To av dem ble p\u00e5grepet i Bergen, mens tredjemann ble arrestert av politiet i M\u00f8re og Romsdal, skriver <a href=\"https:\/\/www.ba.no\/tre-menn-pagrepet-i-stor-narkotikasak\/s\/5-8-3244268\" rel=\"noopener nofollow\" target=\"_blank\">Bergensavisen<\/a> (BA).<\/p>\n<p>\u2013 De siktede er ubeskrevne blad og ikke domfelt tidligere, sier politiadvokat J\u00f8rgen Henriksen i Vest politidistrikt til BA.<\/p>\n<p>En av de siktede har ikke \u00f8nsket \u00e5 forklare seg, og politiet venter p\u00e5 tilbakemelding fra de to andre som er p\u00e5grepet.<\/p>\n<p>\u2013 Det er tidlig i etterforskningen, og vi har ikke oversikt. Derfor vil vi be om at de tre fremstilles for varetektsfengsling enten torsdag eller fredag, sier Henriksen.<\/p>\n<p>Politiadvokaten \u00f8nsker ikke \u00e5 kommentere ytterligere detaljer.<\/p>\n","protected":false},"excerpt":{"rendered":"Mennene i 20-\u00e5rene ble p\u00e5grepet onsdag i en planlagt aksjon mot tre ulike adresser. Alle tre er siktet&hellip;\n","protected":false},"author":2,"featured_media":104050,"comment_status":"","ping_status":"","sticky":false,"template":"","format":"standard","meta":{"footnotes":""},"categories":[10],"tags":[444,20,21,24,25,15,22,23,953,212,13,30,28,29,14,16,26,27],"class_list":{"0":"post-104049","1":"post","2":"type-post","3":"status-publish","4":"format-standard","5":"has-post-thumbnail","7":"category-norge","8":"tag-bergen","9":"tag-breaking-news","10":"tag-breakingnews","11":"tag-featured-news","12":"tag-featurednews","13":"tag-headlines","14":"tag-latest-news","15":"tag-latestnews","16":"tag-more-og-romsdal","17":"tag-narkotika","18":"tag-news","19":"tag-no","20":"tag-norge","21":"tag-norway","22":"tag-nyheter","23":"tag-overskrifter","24":"tag-top-stories","25":"tag-topstories"},"share_on_mastodon":{"url":"https:\/\/pubeurope.com\/@no\/115661411901870089","error":""},"_links":{"self":[{"href":"https:\/\/www.europesays.com\/no\/wp-json\/wp\/v2\/posts\/104049","targetHints":{"allow":["GET"]}}],"collection":[{"href":"https:\/\/www.europesays.com\/no\/wp-json\/wp\/v2\/posts"}],"about":[{"href":"https:\/\/www.europesays.com\/no\/wp-json\/wp\/v2\/types\/post"}],"author":[{"embeddable":true,"href":"https:\/\/www.europesays.com\/no\/wp-json\/wp\/v2\/users\/2"}],"replies":[{"embeddable":true,"href":"https:\/\/www.europesays.com\/no\/wp-json\/wp\/v2\/comments?post=104049"}],"version-history":[{"count":0,"href":"https:\/\/www.europesays.com\/no\/wp-json\/wp\/v2\/posts\/104049\/revisions"}],"wp:featuredmedia":[{"embeddable":true,"href":"https:\/\/www.europesays.com\/no\/wp-json\/wp\/v2\/media\/104050"}],"wp:attachment":[{"href":"https:\/\/www.europesays.com\/no\/wp-json\/wp\/v2\/media?parent=104049"}],"wp:term":[{"taxonomy":"category","embeddable":true,"href":"https:\/\/www.europesays.com\/no\/wp-json\/wp\/v2\/categories?post=104049"},{"taxonomy":"post_tag","embeddable":true,"href":"https:\/\/www.europesays.com\/no\/wp-json\/wp\/v2\/tags?post=104049"}],"curies":[{"name":"wp","href":"https:\/\/api.w.org\/{rel}","templated":true}]}}