{"id":104051,"date":"2025-12-04T12:57:14","date_gmt":"2025-12-04T12:57:14","guid":{"rendered":"https:\/\/www.europesays.com\/no\/104051\/"},"modified":"2025-12-04T12:57:14","modified_gmt":"2025-12-04T12:57:14","slug":"influensautbrudd-i-gang","status":"publish","type":"post","link":"https:\/\/www.europesays.com\/no\/104051\/","title":{"rendered":"Influensautbrudd i gang"},"content":{"rendered":"\n<p class=\"_lead_o9xde_2 _lead_xtcu6_50 layout-component text-serif-m layout-normal text-serif-l layout-component layout-wide layout-padded _wide_17hqh_1 layout-padded\">Det skriver FHI i sin ukesrapport. <\/p>\n<p><img alt=\" Foto: Erik Flaaris Johansen \/ NTB\" class=\"_image_qp4xg_65 layout-component layout-wide\" data-fullscreen- data-track-element-type=\"Article image fullscreen\" data-track-name=\"ImageFullscreen\" fetchpriority=\"high\" decoding=\"sync\" loading=\"eager\" height=\"3353\" itemprop=\"image\"  src=\"https:\/\/www.europesays.com\/no\/wp-content\/uploads\/2025\/12\/f1b91e88-844f-43a3-b786-50c14eff6edc\"  style=\"object-position:0% 0%\" width=\"5030\"\/> Foto: Erik Flaaris Johansen \/ NTB<\/p>\n<ul aria-hidden=\"true\" class=\"_images_1uft6_111\">\n<li><a class=\"_link_1uft6_116\" href=\"https:\/\/www.vg.no\/forfatter\/kaja-marie-andreassen\" style=\"z-index:2\" title=\"Kaja Marie Andreassen\" rel=\"nofollow noopener\" target=\"_blank\"><img alt=\"Bilde av Kaja Marie Andreassen\" class=\"_image_1uft6_93\" fetchpriority=\"low\" loading=\"lazy\" decoding=\"async\" itemprop=\"image\"  src=\"https:\/\/www.europesays.com\/no\/wp-content\/uploads\/2025\/12\/1764853030_528_f9ab1286-21d8-4f37-8c46-c914fd91234e\"  width=\"480\"\/><\/a><\/li>\n<li><a class=\"_link_1uft6_116\" href=\"https:\/\/www.vg.no\/forfatter\/ingrid-storeboe\" style=\"z-index:1\" title=\"Ingrid Storeb\u00f8\" rel=\"nofollow noopener\" target=\"_blank\"><img alt=\"Bilde av Ingrid Storeb\u00f8\" class=\"_image_1uft6_93\" fetchpriority=\"low\" loading=\"lazy\" decoding=\"async\" itemprop=\"image\"  src=\"https:\/\/www.europesays.com\/no\/wp-content\/uploads\/2025\/12\/1764853031_599_b3fc896d-536d-4041-8257-79b6b2cd3323\"  width=\"480\"\/><\/a><\/li>\n<\/ul>\n<p> Oppdatert torsdag 4. desember kl. 13:54     <\/p>\n<p class=\"_paragraph_o9xde_4 _paragraph_xtcu6_10 layout-component text-serif-m layout-normal text-serif-m layout-padded\">Influensautbruddet i Norge \u00f8ker n\u00e5 i rekordfart, og helsemyndighetene advarer om at smitteutviklingen allerede f\u00f8rer til \u00f8kt belastning p\u00e5 sykehusene. <\/p>\n<p class=\"_paragraph_o9xde_4 _paragraph_xtcu6_10 layout-component text-serif-m layout-normal text-serif-m layout-padded\"><strong class=\"_strong_o9xde_25\">\u2013 Det ligger an til ei influensa-jul, sier omr\u00e5dedirekt\u00f8r i <a href=\"https:\/\/www.vg.no\/tag\/fhi?utm_source=vg-article&amp;utm_medium=auto-tagger&amp;utm_campaign=d4dOMz\" class=\"_link_o9xde_39\" rel=\"nofollow noopener\" target=\"_blank\">FHI<\/a>, Preben Aavitsland. <\/strong><\/p>\n<p class=\"_paragraph_o9xde_4 _paragraph_xtcu6_10 layout-component text-serif-m layout-normal text-serif-m layout-padded\">Han forteller at \u00f8kningen av influensa i forrige uke var sv\u00e6rt rask, og at de regner med at \u00f8kningen fortsetter denne uken og videre. <\/p>\n<p><img decoding=\"async\" alt=\"Bilde av Preben Aavitsland\" class=\"_image_ygndg_42\" height=\"27\" itemprop=\"image\" loading=\"lazy\"  src=\"https:\/\/www.europesays.com\/no\/wp-content\/uploads\/2025\/12\/ad9c853a-87eb-45af-bb0b-ade3a5c5a1a5\"  width=\"40\"\/><strong class=\"_name_ygndg_51 title-serif-xs\">Preben Aavitsland<\/strong><\/p>\n<p class=\"_paragraph_o9xde_4 text-sans-m _description_ygndg_56\">Omr\u00e5dedirekt\u00f8r, Folkehelseinstituttet <\/p>\n<p class=\"_paragraph_o9xde_4 _paragraph_xtcu6_10 layout-component text-serif-m layout-normal text-serif-m layout-padded\">\u2013 Kanskje kommer toppen i romjula, men det vil fortsatt v\u00e6re mye influensa utp\u00e5 ny\u00e5ret, sier Aavitsland. <\/p>\n<p class=\"_paragraph_o9xde_4 _paragraph_xtcu6_10 layout-component text-serif-m layout-normal text-serif-m layout-padded\">S\u00e5 langt er antallet innleggelser noks\u00e5 normalt, men det ventes en \u00f8kning de kommende ukende. <\/p>\n<p class=\"_paragraph_o9xde_4 _paragraph_xtcu6_10 layout-component text-serif-m layout-normal text-serif-m layout-padded\">\u2013 Det er fremdeles stor forskjell i forekomst mellom fylkene. Det er viktig at uvaksinerte eldre, personer i risikogrupper og helsepersonell med pasientkontakt vaksinerer seg s\u00e5 raskt som mulig, skriver FHI i rapporten. <\/p>\n<p class=\"_paragraph_o9xde_4 _paragraph_xtcu6_10 layout-component text-serif-m layout-normal text-serif-m layout-padded\">Sykehusene og kommunene m\u00e5 v\u00e6re forberedt p\u00e5 \u00f8kende antall innleggelser med influensa i tiden som kommer, og det man bli mange innleggelser i julen, skriver de videre. <\/p>\n<p class=\"_paragraph_o9xde_4 _paragraph_xtcu6_10 layout-component text-serif-m layout-normal text-serif-m layout-padded\">Viruset som dominerer er influensa A (H3N2), og en nyere variant kjent som \u00abK-varianten\u00bb driver utbruddet.<\/p>\n<p> Oslo hardest rammet<\/p>\n<p class=\"_paragraph_o9xde_4 _paragraph_xtcu6_10 layout-component text-serif-m layout-normal text-serif-m layout-padded\">I l\u00f8pet av uke 48 testet 15 prosent av de analyserte pr\u00f8vene positivt for influensavirus \u2013 opp fra 8 prosent uken f\u00f8r. Det merkes tydelig i hovedstaden, hvor 27 prosent av pr\u00f8vene var positive \u2013 opp fra 16 prosent.<\/p>\n<p class=\"_paragraph_o9xde_4 _paragraph_xtcu6_10 layout-component text-serif-m layout-normal text-serif-m layout-padded\">Andre fylker med rask \u00f8kning er:<\/p>\n<ul class=\"_list_o9xde_3 _list_xtcu6_9 _unordered_o9xde_106 layout-component text-serif-m layout-normal text-serif-m layout-padded\">\n<li class=\"_item_o9xde_30\">Akershus: 22 % (opp fra 13 %)<\/li>\n<li class=\"_item_o9xde_30\">M\u00f8re og Romsdal: 22 % (opp fra 9 %)<\/li>\n<li class=\"_item_o9xde_30\">\u00d8stfold: 19 % (opp fra 11 %)<\/li>\n<\/ul>\n<p class=\"_paragraph_o9xde_4 _paragraph_xtcu6_10 layout-component text-serif-m layout-normal text-serif-m layout-padded\">Barn og unge st\u00e5r for flest tilfeller. Andelen positive pr\u00f8ver er h\u00f8yest blant skolebarn, med hele 36 prosent. Dette er vanlig i tidlige faser av influensautbrudd, if\u00f8lge FHI.<\/p>\n<p>Dobbelt s\u00e5 mange innlagte<\/p>\n<p class=\"_paragraph_o9xde_4 _paragraph_xtcu6_10 layout-component text-serif-m layout-normal text-serif-m layout-padded\">Antall innlagte pasienter med bekreftet influensa \u00f8kte kraftig i uke 48.<\/p>\n<p class=\"_paragraph_o9xde_4 _paragraph_xtcu6_10 layout-component text-serif-m layout-normal text-serif-m layout-padded\">Rundt 290 pasienter fikk p\u00e5vist viruset p\u00e5 sykehus etter pr\u00f8vetaking \u2013 mer enn en dobling fra de 120 pasientene i uke 47.<\/p>\n<p class=\"_paragraph_o9xde_4 _paragraph_xtcu6_10 layout-component text-serif-m layout-normal text-serif-m layout-padded\">Det er denne utviklingen som gj\u00f8r at b\u00e5de sykehus og kommuner n\u00e5 blir bedt om \u00e5 v\u00e6re forberedt p\u00e5 enda flere innleggelser \u2013 s\u00e6rlig i jule- og nytt\u00e5rshelgen, hvor helsetjenesten tradisjonelt er presset fra f\u00f8r.<\/p>\n<p class=\"_paragraph_o9xde_4 _paragraph_xtcu6_10 layout-component text-serif-m layout-normal text-serif-m layout-padded\">FHIs vurdering er at sesongutviklingen til n\u00e5 er innenfor det normale, men at den sterke \u00f8kningen peker mot et heftig forl\u00f8p i ukene frem mot jul.<\/p>\n<p class=\"_paragraph_o9xde_4 _paragraph_xtcu6_10 layout-component text-serif-m layout-normal text-serif-m layout-padded\">I praksis er det ikke mulig \u00e5 sikre seg helt mot \u00e5 bli smittet, forteller Aavitsland. Men det er noen ting du kan gj\u00f8re: <\/p>\n<p class=\"_paragraph_o9xde_4 _paragraph_xtcu6_10 layout-component text-serif-m layout-normal text-serif-m layout-padded\"><strong class=\"_strong_o9xde_25\">\u2013 Vaksinasjon kan redusere risikoen noe, iallfall for alvorlig sykdom. <\/strong><\/p>\n<p>       <img decoding=\"async\" alt=\"Tips oss illustrasjon\" src=\"https:\/\/www.europesays.com\/no\/wp-content\/uploads\/2025\/10\/pssst-small.webp.webp\"\/>    <\/p>\n<p class=\"title-serif-s\">Har du tips?<\/p>\n<p class=\"text-sans-m\">Send oss informasjon, bilder eller video.<\/p>\n<p>  <a href=\"https:\/\/www.vg.no\/tips-oss\" rel=\"nofollow noopener\" target=\"_blank\"> Tips oss <\/a>      <\/p>\n","protected":false},"excerpt":{"rendered":"Det skriver FHI i sin ukesrapport. Foto: Erik Flaaris Johansen \/ NTB Oppdatert torsdag 4. desember kl. 13:54&hellip;\n","protected":false},"author":2,"featured_media":104052,"comment_status":"","ping_status":"","sticky":false,"template":"","format":"standard","meta":{"footnotes":""},"categories":[5],"tags":[31,20,21,24,25,1341,15,19,7141,22,23,17,18,13,30,28,29,14,16,26,27],"class_list":{"0":"post-104051","1":"post","2":"type-post","3":"status-publish","4":"format-standard","5":"has-post-thumbnail","7":"category-overskrifter","8":"tag-breaking","9":"tag-breaking-news","10":"tag-breakingnews","11":"tag-featured-news","12":"tag-featurednews","13":"tag-fhi","14":"tag-headlines","15":"tag-hovedoppslag","16":"tag-influensa","17":"tag-latest-news","18":"tag-latestnews","19":"tag-main-news","20":"tag-mainnews","21":"tag-news","22":"tag-no","23":"tag-norge","24":"tag-norway","25":"tag-nyheter","26":"tag-overskrifter","27":"tag-top-stories","28":"tag-topstories"},"share_on_mastodon":{"url":"https:\/\/pubeurope.com\/@no\/115661415834917087","error":""},"_links":{"self":[{"href":"https:\/\/www.europesays.com\/no\/wp-json\/wp\/v2\/posts\/104051","targetHints":{"allow":["GET"]}}],"collection":[{"href":"https:\/\/www.europesays.com\/no\/wp-json\/wp\/v2\/posts"}],"about":[{"href":"https:\/\/www.europesays.com\/no\/wp-json\/wp\/v2\/types\/post"}],"author":[{"embeddable":true,"href":"https:\/\/www.europesays.com\/no\/wp-json\/wp\/v2\/users\/2"}],"replies":[{"embeddable":true,"href":"https:\/\/www.europesays.com\/no\/wp-json\/wp\/v2\/comments?post=104051"}],"version-history":[{"count":0,"href":"https:\/\/www.europesays.com\/no\/wp-json\/wp\/v2\/posts\/104051\/revisions"}],"wp:featuredmedia":[{"embeddable":true,"href":"https:\/\/www.europesays.com\/no\/wp-json\/wp\/v2\/media\/104052"}],"wp:attachment":[{"href":"https:\/\/www.europesays.com\/no\/wp-json\/wp\/v2\/media?parent=104051"}],"wp:term":[{"taxonomy":"category","embeddable":true,"href":"https:\/\/www.europesays.com\/no\/wp-json\/wp\/v2\/categories?post=104051"},{"taxonomy":"post_tag","embeddable":true,"href":"https:\/\/www.europesays.com\/no\/wp-json\/wp\/v2\/tags?post=104051"}],"curies":[{"name":"wp","href":"https:\/\/api.w.org\/{rel}","templated":true}]}}