{"id":104054,"date":"2025-12-04T13:09:14","date_gmt":"2025-12-04T13:09:14","guid":{"rendered":"https:\/\/www.europesays.com\/no\/104054\/"},"modified":"2025-12-04T13:09:14","modified_gmt":"2025-12-04T13:09:14","slug":"india-leier-russisk-atomubat-finansavisen","status":"publish","type":"post","link":"https:\/\/www.europesays.com\/no\/104054\/","title":{"rendered":"India leier russisk atomub\u00e5t | Finansavisen"},"content":{"rendered":"<p>Leieprisen er rundt to milliarder dollar, melder <a href=\"https:\/\/www.bloomberg.com\/news\/articles\/2025-12-04\/india-clinches-2-billion-russia-submarine-deal-as-putin-visits\" target=\"_blank\" rel=\"nofollow noopener\">Bloomberg<\/a> , som viser til kilder som har kjennskap til avtalen. Bel\u00f8pet tilsvarer i overkant av 20 milliarder norske kroner.<\/p>\n<p>Avtalen er blitt klar rett f\u00f8r president Vladimir Putins bes\u00f8k i India torsdag. De to landene har forhandlet om leieavtalen i et ti\u00e5r.<\/p>\n<p>Ub\u00e5ten blir st\u00f8rre enn de to som den indiske fl\u00e5ten allerede har. Det nye fart\u00f8yet skal leveres i l\u00f8pet av to \u00e5r.<\/p>\n<p>Leasingavtalen l\u00f8per over ti \u00e5r og skal gi India mulighet til \u00e5 utdanne mannskapet og utforme en egen ub\u00e5tstrategi med tanke p\u00e5 produksjonen i India, melder Bloomberg.<\/p>\n<p>(\u00a9NTB)<\/p>\n","protected":false},"excerpt":{"rendered":"Leieprisen er rundt to milliarder dollar, melder Bloomberg , som viser til kilder som har kjennskap til avtalen.&hellip;\n","protected":false},"author":2,"featured_media":104055,"comment_status":"","ping_status":"","sticky":false,"template":"","format":"standard","meta":{"footnotes":""},"categories":[5],"tags":[20,21,24,25,15,19,22,23,17,18,13,30,28,29,14,16,26,27],"class_list":{"0":"post-104054","1":"post","2":"type-post","3":"status-publish","4":"format-standard","5":"has-post-thumbnail","7":"category-overskrifter","8":"tag-breaking-news","9":"tag-breakingnews","10":"tag-featured-news","11":"tag-featurednews","12":"tag-headlines","13":"tag-hovedoppslag","14":"tag-latest-news","15":"tag-latestnews","16":"tag-main-news","17":"tag-mainnews","18":"tag-news","19":"tag-no","20":"tag-norge","21":"tag-norway","22":"tag-nyheter","23":"tag-overskrifter","24":"tag-top-stories","25":"tag-topstories"},"share_on_mastodon":{"url":"https:\/\/pubeurope.com\/@no\/115661462819953592","error":""},"_links":{"self":[{"href":"https:\/\/www.europesays.com\/no\/wp-json\/wp\/v2\/posts\/104054","targetHints":{"allow":["GET"]}}],"collection":[{"href":"https:\/\/www.europesays.com\/no\/wp-json\/wp\/v2\/posts"}],"about":[{"href":"https:\/\/www.europesays.com\/no\/wp-json\/wp\/v2\/types\/post"}],"author":[{"embeddable":true,"href":"https:\/\/www.europesays.com\/no\/wp-json\/wp\/v2\/users\/2"}],"replies":[{"embeddable":true,"href":"https:\/\/www.europesays.com\/no\/wp-json\/wp\/v2\/comments?post=104054"}],"version-history":[{"count":0,"href":"https:\/\/www.europesays.com\/no\/wp-json\/wp\/v2\/posts\/104054\/revisions"}],"wp:featuredmedia":[{"embeddable":true,"href":"https:\/\/www.europesays.com\/no\/wp-json\/wp\/v2\/media\/104055"}],"wp:attachment":[{"href":"https:\/\/www.europesays.com\/no\/wp-json\/wp\/v2\/media?parent=104054"}],"wp:term":[{"taxonomy":"category","embeddable":true,"href":"https:\/\/www.europesays.com\/no\/wp-json\/wp\/v2\/categories?post=104054"},{"taxonomy":"post_tag","embeddable":true,"href":"https:\/\/www.europesays.com\/no\/wp-json\/wp\/v2\/tags?post=104054"}],"curies":[{"name":"wp","href":"https:\/\/api.w.org\/{rel}","templated":true}]}}