{"id":104058,"date":"2025-12-04T13:11:12","date_gmt":"2025-12-04T13:11:12","guid":{"rendered":"https:\/\/www.europesays.com\/no\/104058\/"},"modified":"2025-12-04T13:11:12","modified_gmt":"2025-12-04T13:11:12","slug":"silje-nordnes-kjaerlighet-silje-nordnes-deler-redd-for-a-bli-saret","status":"publish","type":"post","link":"https:\/\/www.europesays.com\/no\/104058\/","title":{"rendered":"Silje Nordnes, Kj\u00e6rlighet | Silje Nordnes deler: \u2013\u00a0Redd for \u00e5 bli s\u00e5ret"},"content":{"rendered":"\n<p>I 2021 ble det kjent at \u00abMaskorama\u00bb-programleder <a rel=\"Follow nofollow noopener\" href=\"https:\/\/www.nettavisen.no\/livsstil\/silje-nordnes-bekrefter-brudd\/s\/12-95-3424092389\" target=\"_blank\">Silje Nordnes (39) og artist Fay Wildhagen (30) hadde g\u00e5tt hver til sitt. <\/a>Det bekrefter f\u00f8rstnevnte i en episode av L\u00f8rdagsr\u00e5det p\u00e5 P3.<\/p>\n<p>Duoen ble et par f\u00f8r jul i 2018, men forholdet ble ikke bekreftet f\u00f8r i mars 2019.<\/p>\n<p><b>Les ogs\u00e5: <\/b><a href=\"https:\/\/www.nettavisen.no\/kjendis\/aleksander-saterstol-om-tiden-etter-bruddet-ville-ta-hensyn-til-martine\/s\/5-95-2755970\" rel=\"Follow nofollow noopener\" target=\"_blank\"><b>Fant lykken etter bruddet: \u2013 Jeg har lyst p\u00e5 barn <\/b><\/a><\/p>\n<p>N\u00e5 \u00e5pner Nordnes opp om kj\u00e6rligheten i en ny episode av <a href=\"https:\/\/podme.com\/no\/podkast\/ida-med-hjertet-i-handen\/?utm_source=google&amp;utm_medium=cpc&amp;utm_campaign=p-no-gsearch-premium-exact-2022&amp;utm_content=no-prsp-ida_med_hjertet_i_h%C3%A5nden-20230927&amp;utm_term=ida%20med%20hjertet%20i%20h%C3%A5nden&amp;gad_source=1&amp;gad_campaignid=17514920852&amp;gbraid=0AAAAACWFTDTM569qOCgVanI3LfcjYQl89&amp;gclid=Cj0KCQiA_8TJBhDNARIsAPX5qxQbIC7423aLmHYJ0DSfCY0Nc4eZgWUGezxjFvOkmA0OHGFUixJMxqIaAv5nEALw_wcB\" rel=\"Follow nofollow noopener\" target=\"_blank\">\u00abIda med hjertet i h\u00e5nden\u00bb<\/a> med programleder Ida Fladen (39).<\/p>\n<p>39-\u00e5ringen legger ikke skjul p\u00e5 at hun synes det kan v\u00e6re utfordrende \u00e5 tro p\u00e5 kj\u00e6rligheten.<\/p>\n<p>\u2013 Redd for \u00e5 bli s\u00e5ret<\/p>\n<p>I podkastepisoden sier Nordnes at hun er singel og at hun ikke investerer s\u00e6rlig mye i eget datingliv.<\/p>\n<p>\u2013 Singellivet har ikke v\u00e6rt noe s\u00e6rlig. Jeg har v\u00e6rt sv\u00e6rt lite aktiv. Det har ikke v\u00e6rt helt stille, men jeg har ikke mestret det. I starten var det med vilje fordi fram til mitt siste forhold, har jeg v\u00e6rt en serie-monogamist. Det har g\u00e5tt i ett kj\u00f8r fra det ene lange forholdet til det andre, sier Nordnes i podkasten.<\/p>\n<p>   <img decoding=\"async\" width=\"6000\" height=\"4000\" fetchpriority=\"low\"  loading=\"lazy\"  src=\"https:\/\/www.europesays.com\/no\/wp-content\/uploads\/2025\/12\/NTB_YxID5xU93_M.jpg\" alt=\"Oslo 20230301. &#10;Marion Ravn, Jan Thomas og Silje Nordnes p\u00e5 den r\u00f8de l\u00f8peren f\u00f8r premieren til NRK-serien Exit. Premieren finner sted p\u00e5 Colosseum kino i Oslo onsdag kveld.&#10;Foto: H\u00e5kon Mosvold Larsen \/ NTB\" class=\"brick-c-cFOWSL\" style=\"--brick-image-ratio: 6000 \/ 4000;\"\/><\/p>\n<p>      SINGEL: Silje Nordnes forteller at hun er singel, og at hun ikke har mestret singellivet.<br \/>\n      Foto: H\u00e5kon Mosvold Larsen\n    <\/p>\n<p>Nordnes forteller videre at hun ikke \u00f8nsker \u00e5 gi hele seg, av frykt for at et eventuelt forhold en dag skal ta slutt.<\/p>\n<p>\u2013 Jeg har blitt redd. Jeg har ikke mer \u00e5 gi. Jeg har tenkt at jeg ikke har lyst til \u00e5 investere i noe nytt om jeg ikke er hundre prosent sikker p\u00e5 at det er for alltid. Og det g\u00e5r ikke. Det har du aldri noe garanti for.<\/p>\n<p>39-\u00e5ringen frykter ogs\u00e5 at hun kommer til \u00e5 bli s\u00e5ret igjen.<\/p>\n<p>\u2013 Jeg er redd for \u00e5 bli s\u00e5ret. Jeg er redd for \u00e5 g\u00e5 inn i noe nytt. Jeg er redd for \u00e5 ikke f\u00e5 det til og p\u00e5 grunn av at det ikke har g\u00e5tt f\u00f8r, har jeg konkludert med at jeg ikke f\u00e5r det til. P\u00e5 de m\u00f8rkeste dagene tenker jeg at jeg tror ikke noen vil like det jeg har \u00e5 komme med. Ingen kan romme hele meg.<\/p>\n<p>Silje Nordnes har forel\u00f8pig ikke besvart Nettavisens henvendelse. <\/p>\n<p>Opplevde brudd i pandemien<\/p>\n<p>Nordnes har tidligere fortalt at hun sluttet i jobben i P3 samtidig som hun <a href=\"https:\/\/www.nettavisen.no\/kjendis\/silje-nordnes-apner-opp-om-kjarlighetssorgen-paralysert-av-situasjonen\/s\/5-95-1712870\" rel=\"Follow nofollow noopener\" target=\"_blank\">gikk gjennom et vanskelig brudd<\/a>, og at dette skjedde midt under koronapandemien<\/p>\n<p>\u2013 Jeg ble helt paralysert av situasjonen. N\u00e5r det skjer store endringer i livet, s\u00e5 finner jeg gjerne trygghet i de andre faste holdepunktene. Gjennom tidligere samlivsbrudd hadde jeg en fast jobb \u00e5 g\u00e5 til, trening og venner, men denne gang forsvant alle knagger, uttalte hun i <a rel=\"Follow nofollow noopener\" href=\"https:\/\/podimo.com\/no\/tonedamli?wpsrc=google&amp;wpcid=21047631735&amp;wpscid=156115467021&amp;wpcrid=692136445664&amp;wpkwid=kwd-1412148537732&amp;wpkwn=r%C3%A5ning%20med%20tone&amp;wpkmatch=b&amp;wpsnetn=g&amp;gad_source=1&amp;gclid=CjwKCAjw7-SvBhB6EiwAwYdCAQ8hZtTGmaWdUg-1I5UfECpsNeOVpVkj7e3IQgAxDzetI_9kbmc09BoCO4AQAvD_BwE\" target=\"_blank\">\u00abR\u00e5ning med Tone\u00bb<\/a> mars i fjor.<\/p>\n<p>Hun opplevde starten av pandemien var veldig overveldende, og at det var vanskelig at man verken kunne reise, dra p\u00e5 treningssenteret eller henge med venner og familie.<\/p>\n<p><b>Les ogs\u00e5: <a href=\"https:\/\/www.nettavisen.no\/kjendis\/konkurranse-fiske-og-reise-slik-blir-sommeren-pa-nrk\/s\/5-95-2481469\" rel=\"Follow nofollow noopener\" target=\"_blank\">Nytt NRK-konsept: \u2013 Til tider utfordrende<\/a><\/b><\/p>\n<p>Overfor Nettavisen sa Nordnes den gang at hun har lagt bruddet bak seg.<\/p>\n<p>\u2013 Det her er mange \u00e5r siden og det g\u00e5r veldig bra n\u00e5. Det er et tilbakelagt tema. Jeg er \u00e5pen om dette n\u00e5 fordi det er et tema som er aktuelt for mange, og man er ikke alene. De aller fleste g\u00e5r gjennom det i l\u00f8pet av livet, sier hun.<\/p>\n","protected":false},"excerpt":{"rendered":"I 2021 ble det kjent at \u00abMaskorama\u00bb-programleder Silje Nordnes (39) og artist Fay Wildhagen (30) hadde g\u00e5tt hver&hellip;\n","protected":false},"author":2,"featured_media":104059,"comment_status":"","ping_status":"","sticky":false,"template":"","format":"standard","meta":{"footnotes":""},"categories":[58],"tags":[71,30,28,29,72],"class_list":{"0":"post-104058","1":"post","2":"type-post","3":"status-publish","4":"format-standard","5":"has-post-thumbnail","7":"category-underholdning","8":"tag-entertainment","9":"tag-no","10":"tag-norge","11":"tag-norway","12":"tag-underholdning"},"share_on_mastodon":{"url":"https:\/\/pubeurope.com\/@no\/115661470865743559","error":""},"_links":{"self":[{"href":"https:\/\/www.europesays.com\/no\/wp-json\/wp\/v2\/posts\/104058","targetHints":{"allow":["GET"]}}],"collection":[{"href":"https:\/\/www.europesays.com\/no\/wp-json\/wp\/v2\/posts"}],"about":[{"href":"https:\/\/www.europesays.com\/no\/wp-json\/wp\/v2\/types\/post"}],"author":[{"embeddable":true,"href":"https:\/\/www.europesays.com\/no\/wp-json\/wp\/v2\/users\/2"}],"replies":[{"embeddable":true,"href":"https:\/\/www.europesays.com\/no\/wp-json\/wp\/v2\/comments?post=104058"}],"version-history":[{"count":0,"href":"https:\/\/www.europesays.com\/no\/wp-json\/wp\/v2\/posts\/104058\/revisions"}],"wp:featuredmedia":[{"embeddable":true,"href":"https:\/\/www.europesays.com\/no\/wp-json\/wp\/v2\/media\/104059"}],"wp:attachment":[{"href":"https:\/\/www.europesays.com\/no\/wp-json\/wp\/v2\/media?parent=104058"}],"wp:term":[{"taxonomy":"category","embeddable":true,"href":"https:\/\/www.europesays.com\/no\/wp-json\/wp\/v2\/categories?post=104058"},{"taxonomy":"post_tag","embeddable":true,"href":"https:\/\/www.europesays.com\/no\/wp-json\/wp\/v2\/tags?post=104058"}],"curies":[{"name":"wp","href":"https:\/\/api.w.org\/{rel}","templated":true}]}}