{"id":104061,"date":"2025-12-04T13:14:09","date_gmt":"2025-12-04T13:14:09","guid":{"rendered":"https:\/\/www.europesays.com\/no\/104061\/"},"modified":"2025-12-04T13:14:09","modified_gmt":"2025-12-04T13:14:09","slug":"slutt-for-bananpalegget-banos","status":"publish","type":"post","link":"https:\/\/www.europesays.com\/no\/104061\/","title":{"rendered":"Slutt for bananp\u00e5legget Banos"},"content":{"rendered":"\n<p class=\"_lead_o9xde_2 _lead_xtcu6_50 layout-component text-serif-m layout-normal text-serif-l layout-component layout-wide layout-padded _wide_17hqh_1 layout-padded\">Etter 95 \u00e5r forsvinner den s\u00f8te klassikeren fra Orkla. <\/p>\n<p><img alt=\" Foto: Orkla\" class=\"_image_qp4xg_65 layout-component layout-wide\" data-fullscreen- data-track-element-type=\"Article image fullscreen\" data-track-name=\"ImageFullscreen\" fetchpriority=\"high\" decoding=\"sync\" loading=\"eager\" height=\"460\" itemprop=\"image\"  src=\"https:\/\/www.europesays.com\/no\/wp-content\/uploads\/2025\/12\/4a734af6-755d-44d9-bf32-1ec593a5a522\"  style=\"object-position:0% 0%\" width=\"670\"\/> Foto: Orkla<\/p>\n<ul aria-hidden=\"true\" class=\"_images_1uft6_111\">\n<li><a class=\"_link_1uft6_116\" href=\"https:\/\/www.vg.no\/forfatter\/kaja-marie-andreassen\" style=\"z-index:2\" title=\"Kaja Marie Andreassen\" rel=\"nofollow noopener\" target=\"_blank\"><img alt=\"Bilde av Kaja Marie Andreassen\" class=\"_image_1uft6_93\" fetchpriority=\"low\" loading=\"lazy\" decoding=\"async\" itemprop=\"image\"  src=\"https:\/\/www.europesays.com\/no\/wp-content\/uploads\/2025\/12\/1764854049_519_f9ab1286-21d8-4f37-8c46-c914fd91234e\"  width=\"480\"\/><\/a><\/li>\n<li><a class=\"_link_1uft6_116\" href=\"https:\/\/www.vg.no\/forfatter\/ingrid-storeboe\" style=\"z-index:1\" title=\"Ingrid Storeb\u00f8\" rel=\"nofollow noopener\" target=\"_blank\"><img alt=\"Bilde av Ingrid Storeb\u00f8\" class=\"_image_1uft6_93\" fetchpriority=\"low\" loading=\"lazy\" decoding=\"async\" itemprop=\"image\"  src=\"https:\/\/www.europesays.com\/no\/wp-content\/uploads\/2025\/12\/1764854049_994_b3fc896d-536d-4041-8257-79b6b2cd3323\"  width=\"480\"\/><\/a><\/li>\n<\/ul>\n<p> Oppdatert torsdag 4. desember kl. 13:51     <\/p>\n<p class=\"_paragraph_o9xde_4 _paragraph_xtcu6_10 layout-component text-serif-m layout-normal text-serif-m layout-padded\">I september ble det kjent at <a href=\"https:\/\/www.vg.no\/nyheter\/i\/o3XwqK\/naa-er-det-slutt-for-noette\" data-track-element-type=\"Link\" data-track-id=\"link:o3XwqK\" class=\"_link_o9xde_39\" rel=\"nofollow noopener\" target=\"_blank\">det var siste produksjonssdag for hasselp\u00e5legget \u00abN\u00f8tte\u00bb<\/a>. N\u00e5 g\u00e5r alts\u00e5 enda en <a href=\"https:\/\/www.vg.no\/tag\/orkla?utm_source=vg-article&amp;utm_medium=auto-tagger&amp;utm_campaign=Pd39eR\" class=\"_link_o9xde_39\" rel=\"nofollow noopener\" target=\"_blank\">Orkla<\/a>-s\u00f8tnos dunken. <\/p>\n<p class=\"_paragraph_o9xde_4 _paragraph_xtcu6_10 layout-component text-serif-m layout-normal text-serif-m layout-padded\"><strong class=\"_strong_o9xde_25\">\u2013 Det stemmer, det er slutt for Banos, sier Kristoffer Barb\u00f8l Vikebak, kommunikasjonssjef i Orkla til VG. <\/strong><\/p>\n<p class=\"_paragraph_o9xde_4 _paragraph_xtcu6_10 layout-component text-serif-m layout-normal text-serif-m layout-padded\">Bananp\u00e5legget Banos har man kunne finne p\u00e5 frokostbord siden 1930, men n\u00e5 vil det alts\u00e5 forsvinne fra butikkhyllene. <\/p>\n<p class=\"_paragraph_o9xde_4 _paragraph_xtcu6_10 layout-component text-serif-m layout-normal text-serif-m layout-padded\">\u2013 Det er et produkt som har hatt lavt salg og begrenset distribusjon over tid. N\u00e5 er det slik at maskinene som produserer Banos er utslitt, og det kan ikke forsvares \u00e5 investere i nye, sier Vikebak.<\/p>\n<p class=\"_paragraph_o9xde_4 _paragraph_xtcu6_10 layout-component text-serif-m layout-normal text-serif-m layout-padded\">Det var <a href=\"https:\/\/dinside.dagbladet.no\/fritid\/forsvinner-kan-ikke-forsvares\/83934899\" class=\"_link_o9xde_39\" rel=\"nofollow noopener\" target=\"_blank\">Dagbladet <\/a>som omtalte saken f\u00f8rst. <\/p>\n<p class=\"_paragraph_o9xde_4 _paragraph_xtcu6_10 layout-component text-serif-m layout-normal text-serif-m layout-padded\">Vikebak forteller at det selges 85.000 bokser med Banos i \u00e5ret.<\/p>\n<p class=\"_paragraph_o9xde_4 _paragraph_xtcu6_10 layout-component text-serif-m layout-normal text-serif-m layout-padded\">Til sammenligning selges det 6,5 millioner bokser med Nugatti i \u00e5ret. Det tilsvarer 150 ganger s\u00e5 mye som salget av Banos.<\/p>\n<p class=\"_paragraph_o9xde_4 _paragraph_xtcu6_10 layout-component text-serif-m layout-normal text-serif-m layout-padded\">\u2013 Vi har hatt en liten og lojal kj\u00f8pergruppe som vi har satt stor pris p\u00e5. Mange har nok kj\u00f8pt det av nostalgiske grunner, sier Vikebak til VG.<\/p>\n<p class=\"_paragraph_o9xde_4 _paragraph_xtcu6_10 layout-component text-serif-m layout-normal text-serif-m layout-padded\">For noen \u00e5re siden beveget det seg noe under bananskallet og det som kom ut sjokkerte flere millioner verden rundt. Se videoen:<\/p>\n","protected":false},"excerpt":{"rendered":"Etter 95 \u00e5r forsvinner den s\u00f8te klassikeren fra Orkla. Foto: Orkla Oppdatert torsdag 4. desember kl. 13:51 I&hellip;\n","protected":false},"author":2,"featured_media":104062,"comment_status":"","ping_status":"","sticky":false,"template":"","format":"standard","meta":{"footnotes":""},"categories":[12],"tags":[20,21,24,25,15,22,23,737,13,30,28,29,14,1748,16,26,27,42,43,44,45],"class_list":{"0":"post-104061","1":"post","2":"type-post","3":"status-publish","4":"format-standard","5":"has-post-thumbnail","7":"category-verden","8":"tag-breaking-news","9":"tag-breakingnews","10":"tag-featured-news","11":"tag-featurednews","12":"tag-headlines","13":"tag-latest-news","14":"tag-latestnews","15":"tag-mat","16":"tag-news","17":"tag-no","18":"tag-norge","19":"tag-norway","20":"tag-nyheter","21":"tag-orkla","22":"tag-overskrifter","23":"tag-top-stories","24":"tag-topstories","25":"tag-verden","26":"tag-world","27":"tag-world-news","28":"tag-worldnews"},"share_on_mastodon":{"url":"https:\/\/pubeurope.com\/@no\/115661482731148870","error":""},"_links":{"self":[{"href":"https:\/\/www.europesays.com\/no\/wp-json\/wp\/v2\/posts\/104061","targetHints":{"allow":["GET"]}}],"collection":[{"href":"https:\/\/www.europesays.com\/no\/wp-json\/wp\/v2\/posts"}],"about":[{"href":"https:\/\/www.europesays.com\/no\/wp-json\/wp\/v2\/types\/post"}],"author":[{"embeddable":true,"href":"https:\/\/www.europesays.com\/no\/wp-json\/wp\/v2\/users\/2"}],"replies":[{"embeddable":true,"href":"https:\/\/www.europesays.com\/no\/wp-json\/wp\/v2\/comments?post=104061"}],"version-history":[{"count":0,"href":"https:\/\/www.europesays.com\/no\/wp-json\/wp\/v2\/posts\/104061\/revisions"}],"wp:featuredmedia":[{"embeddable":true,"href":"https:\/\/www.europesays.com\/no\/wp-json\/wp\/v2\/media\/104062"}],"wp:attachment":[{"href":"https:\/\/www.europesays.com\/no\/wp-json\/wp\/v2\/media?parent=104061"}],"wp:term":[{"taxonomy":"category","embeddable":true,"href":"https:\/\/www.europesays.com\/no\/wp-json\/wp\/v2\/categories?post=104061"},{"taxonomy":"post_tag","embeddable":true,"href":"https:\/\/www.europesays.com\/no\/wp-json\/wp\/v2\/tags?post=104061"}],"curies":[{"name":"wp","href":"https:\/\/api.w.org\/{rel}","templated":true}]}}