{"id":104075,"date":"2025-12-04T13:27:14","date_gmt":"2025-12-04T13:27:14","guid":{"rendered":"https:\/\/www.europesays.com\/no\/104075\/"},"modified":"2025-12-04T13:27:14","modified_gmt":"2025-12-04T13:27:14","slug":"rokke-vitner-i-solstad-saken-e24","status":"publish","type":"post","link":"https:\/\/www.europesays.com\/no\/104075\/","title":{"rendered":"R\u00f8kke vitner i Solstad-saken \u2013 E24"},"content":{"rendered":"<p class=\"fullWidthDesktop hyperion-css-71ztg2\" data-test-tag=\"lead-text\">Sveits-utflytter, milliard\u00e6r og Akers st\u00f8rste eier inntar vitneboksen i Oslo tingrett torsdag. Her kan du se R\u00f8kkes forklaring direkte. <\/p>\n<p>Publisert: <\/p>\n<p>I dag 10:43<\/p>\n<p>Oppdatert for mindre enn 30 minutter siden<\/p>\n<ul class=\"hyperion-css-pte5x0\">\n<li aria-label=\"link\" class=\"narrow-button hyperion-css-1sz7d3n\">Kopier lenke<\/li>\n<li aria-label=\"link\" class=\"wide-button hyperion-css-1sz7d3n\">Kopier lenke<\/li>\n<li aria-label=\"facebook\" class=\"narrow-button hyperion-css-1sz7d3n\">Del p\u00e5 Facebook<\/li>\n<li aria-label=\"facebook\" class=\"wide-button hyperion-css-1sz7d3n\">Del p\u00e5 Facebook<\/li>\n<li aria-label=\"email\" class=\"narrow-button hyperion-css-1sz7d3n\">Del med e-post<\/li>\n<li aria-label=\"email\" class=\"wide-button hyperion-css-1sz7d3n\">Del med e-post<\/li>\n<\/ul>\n<p class=\"hyperion-css-1lemvax\">Kjell Inge R\u00f8kke skal torsdag vitne i maratonrettsaken mellom Kistefos og Aker. <\/p>\n<p class=\"hyperion-css-1lemvax\">Enkelt forklart handler saken om at milliard\u00e6r Christen Sveaas mener seg grovt forskjellsbehandlet til fordel for R\u00f8kkes industrikonsern Aker i forbindelse med en stor finansiell endring i rederiet Solstad Offshore i 2023. <\/p>\n<p class=\"hyperion-css-1lemvax\">Sveaas\u2019 investeringsselskap Kistefos krever opptil 1,4 milliarder kroner i erstatning. <\/p>\n<p class=\"hyperion-css-1lemvax\">Etter planen skal milliard\u00e6ren og Akers st\u00f8rste eier forklare seg i to timer klokken 12.30, etter at partene i rettsaken er tilbake fra lunsj. Men retten kan endre tidsskjemaet l\u00f8pende. <\/p>\n<p class=\"hyperion-css-1lemvax\"><strong>I sendingen over kan du f\u00f8lge R\u00f8kkes forklaring. <\/strong><\/p>\n<p>Dette er saken<\/p>\n<ul class=\"hyperion-css-pkq1ci\" data-test-tag=\"list\">\n<li class=\"hyperion-css-12h2ush\">Kistefos med Christen Sveaas i spissen har samlet flere aksjon\u00e6rer i rederiet Solstad Offshore i et s\u00f8ksm\u00e5l mot Kjell Inge R\u00f8kkes Aker Capital og Solstads styre og toppledelse, i tillegg til meglerhuset Pareto Securities.<\/li>\n<li class=\"hyperion-css-12h2ush\">\u00c5rsaken er at de mener aksjon\u00e6rene ble overkj\u00f8rt da Aker Capital kj\u00f8pte seg kraftig opp under en refinansiering av Solstad i 2023.<\/li>\n<li class=\"hyperion-css-12h2ush\">Kort fortalt mener Kistefos og de andre saks\u00f8kerne at styret og toppsjefen i Solstad og s\u00e6rlig meglerhuset Pareto ble utsatt for press fra R\u00f8kke og Aker da selskapet kj\u00f8pte seg opp.<\/li>\n<li class=\"hyperion-css-12h2ush\">Sveaas har kalt saken \u00abEn av de mest grisete transaksjonene vi har sett p\u00e5 Oslo B\u00f8rs\u00bb.<\/li>\n<li class=\"hyperion-css-12h2ush\">R\u00f8kke og Aker har, i likhet med de andre saks\u00f8kte, hele veien avvist anklagen. I et intervju med DN sa R\u00f8kke at han brydde seg lite om hva \u00abChristen Smeaas, Sveaas eller hva han heter, mener\u00bb, og at \u00abhvis du skal bli general, kan du ikke bry deg om hva menige soldater mener til enhver tid\u00bb.<\/li>\n<\/ul>\n<p>Vis mer<a data-test-tag=\"teaser-small:link-internal\" href=\"https:\/\/e24.no\/boers-og-finans\/i\/wr6ldG\/kjell-inge-roekkes-tur-til-aa-forklare-seg-i-retten\" class=\"imagePosition-top inline hyperion-css-6238vu\" rel=\"nofollow noopener\" target=\"\" aria-label=\"Kjell Inge R\u00f8kkes tur til \u00e5 forklare seg i retten\"><\/p>\n<p>Les ogs\u00e5<\/p>\n<p>Kjell Inge R\u00f8kkes tur til \u00e5 forklare seg i retten<\/p>\n<p><\/a><\/p>\n","protected":false},"excerpt":{"rendered":"Sveits-utflytter, milliard\u00e6r og Akers st\u00f8rste eier inntar vitneboksen i Oslo tingrett torsdag. Her kan du se R\u00f8kkes forklaring&hellip;\n","protected":false},"author":2,"featured_media":104076,"comment_status":"","ping_status":"","sticky":false,"template":"","format":"standard","meta":{"footnotes":""},"categories":[56],"tags":[60,61,62,30,28,29],"class_list":{"0":"post-104075","1":"post","2":"type-post","3":"status-publish","4":"format-standard","5":"has-post-thumbnail","7":"category-naeringsliv","8":"tag-business","9":"tag-economy","10":"tag-naeringsliv","11":"tag-no","12":"tag-norge","13":"tag-norway"},"share_on_mastodon":{"url":"https:\/\/pubeurope.com\/@no\/115661533655492122","error":""},"_links":{"self":[{"href":"https:\/\/www.europesays.com\/no\/wp-json\/wp\/v2\/posts\/104075","targetHints":{"allow":["GET"]}}],"collection":[{"href":"https:\/\/www.europesays.com\/no\/wp-json\/wp\/v2\/posts"}],"about":[{"href":"https:\/\/www.europesays.com\/no\/wp-json\/wp\/v2\/types\/post"}],"author":[{"embeddable":true,"href":"https:\/\/www.europesays.com\/no\/wp-json\/wp\/v2\/users\/2"}],"replies":[{"embeddable":true,"href":"https:\/\/www.europesays.com\/no\/wp-json\/wp\/v2\/comments?post=104075"}],"version-history":[{"count":0,"href":"https:\/\/www.europesays.com\/no\/wp-json\/wp\/v2\/posts\/104075\/revisions"}],"wp:featuredmedia":[{"embeddable":true,"href":"https:\/\/www.europesays.com\/no\/wp-json\/wp\/v2\/media\/104076"}],"wp:attachment":[{"href":"https:\/\/www.europesays.com\/no\/wp-json\/wp\/v2\/media?parent=104075"}],"wp:term":[{"taxonomy":"category","embeddable":true,"href":"https:\/\/www.europesays.com\/no\/wp-json\/wp\/v2\/categories?post=104075"},{"taxonomy":"post_tag","embeddable":true,"href":"https:\/\/www.europesays.com\/no\/wp-json\/wp\/v2\/tags?post=104075"}],"curies":[{"name":"wp","href":"https:\/\/api.w.org\/{rel}","templated":true}]}}