{"id":104081,"date":"2025-12-04T13:30:24","date_gmt":"2025-12-04T13:30:24","guid":{"rendered":"https:\/\/www.europesays.com\/no\/104081\/"},"modified":"2025-12-04T13:30:24","modified_gmt":"2025-12-04T13:30:24","slug":"disse-deltar-i-kompani-lauritzen-2026","status":"publish","type":"post","link":"https:\/\/www.europesays.com\/no\/104081\/","title":{"rendered":"\u00abDisse deltar i Kompani Lauritzen 2026"},"content":{"rendered":"<p>Nye kjendiser er klare for \u00e5 kjempe med b\u00e5de kropp og sinn for \u00e5 bli til tildelt den oransje bereten i \u00abKompani Lauritzen\u00bb.\u00a0<\/p>\n<p>I Dag Otto Lauritzens (69) kompani skal rekruttene pr\u00f8ve \u00e5 bli en bedre versjon av seg selv, gjennom ekstreme pr\u00f8velser de aldri har v\u00e6rt utsatt for tidligere.<\/p>\n<p>TV 2 m\u00f8ter deltakerne etter noen dagers innspilling.<\/p>\n<p class=\"bold m-bold\" data-lab-font_weight=\"bold\">Disse skal delta i \u00abKompani Lauritzen\u00bb sesong 7:<\/p>\n<p>Janne Amble<\/p>\n<p>Alder: 43<\/p>\n<p>Yrke: Programleder\u00a0<\/p>\n<p>Amble er klart sliten i det hun m\u00f8ter TV 2 p\u00e5 B\u00f8moen leir. Programlederen kunne ikke forestille seg hva hun hadde i ventet:<\/p>\n<p>\u2013 Jeg trodde jeg skulle v\u00e6re med i en TV-serie. Men dette er boot camp uten sidestykke.<\/p>\n<p>        <img class=\"image__img lazyload\" itemprop=\"image\" title=\"Foto: Jenny Eidesvik \/ TV 2\" alt=\"\u00abNORGE BAK FASADEN\u00bb: Janne Amble har mange sesonger bak seg av \u00abNorge bak fasaden\u00bb med makker Kadafi Zaman. Foto: Jenny Eidesvik \/ TV 2\" width=\"675\" height=\"453\" bad-src=\"https:\/\/www.europesays.com\/no\/wp-content\/uploads\/2025\/12\/18347312.webp\" fetchpriority=\"auto\" \/><\/p>\n<p>      \u00abNORGE BAK FASADEN\u00bb: Janne Amble har mange sesonger bak seg av \u00abNorge bak fasaden\u00bb med makker Kadafi Zaman.<br \/>\n         Foto: Jenny Eidesvik \/ TV 2<\/p>\n<p>Adam Schj\u00f8lberg<\/p>\n<p>Alder: 43<\/p>\n<p>Yrke: TV-profil<\/p>\n<p>Schj\u00f8lberg forteller at han har hatt flere fordommer mot det milit\u00e6re regime som han n\u00e5 \u00f8nsker \u00e5 f\u00e5 motbevist.\u00a0<\/p>\n<p>\u2013 Det er m\u00e5ten og strategien de bruker \u00e5 jobbe p\u00e5, forklarer han.<\/p>\n<p>        <img class=\"image__img lazyload\" itemprop=\"image\" title=\"Foto: Jenny Eidesvik \/ TV 2\" alt=\"\u00abSOFA\u00bb: Mange kjenner TV-profilen fra NRK-programmet \u00abSofa\u00bb. Foto: Jenny Eidesvik \/ TV 2\" width=\"675\" height=\"453\" bad-src=\"https:\/\/www.europesays.com\/no\/wp-content\/uploads\/2025\/12\/18347319.webp\" fetchpriority=\"auto\" \/><\/p>\n<p>      \u00abSOFA\u00bb: Mange kjenner TV-profilen fra NRK-programmet \u00abSofa\u00bb.<br \/>\n         Foto: Jenny Eidesvik \/ TV 2<\/p>\n<p>Eva B. Ragde<\/p>\n<p>Alder: 62<\/p>\n<p>Yrke: Kriminaltekniker<\/p>\n<p>\u2013 Hvem har interesse av \u00e5 se ei 62 \u00e5r gammel kjerring drive \u00e5 vimse rundt her oppe?\u00a0<\/p>\n<p>        <img class=\"image__img lazyload\" itemprop=\"image\" title=\"Foto: Jenny Eidesvik \/ TV 2\" alt=\"TV: Den siste tiden har hun v\u00e6rt \u00e5 se i \u00abHotellet\u00bb p\u00e5 TV 2. Foto: Jenny Eidesvik \/ TV 2\" width=\"675\" height=\"453\" bad-src=\"https:\/\/www.europesays.com\/no\/wp-content\/uploads\/2025\/12\/18347325.webp\" fetchpriority=\"auto\" \/><\/p>\n<p>      TV: Den siste tiden har hun v\u00e6rt \u00e5 se i \u00abHotellet\u00bb p\u00e5 TV 2.<br \/>\n         Foto: Jenny Eidesvik \/ TV 2<\/p>\n<p>Det spurte Ragde seg selv i det hun ble spurt om \u00e5 delta i \u00abKompani\u00bb.\u00a0<\/p>\n<p>N\u00e5 \u00f8nsker hun \u00e5 vise at det g\u00e5r an.<\/p>\n<p>Alessandra Mele<\/p>\n<p>Alder: 23<\/p>\n<p>Yrke: Artist<\/p>\n<p>Mele representerte Norge i Eurovision i 2023. Der var hun dekket i glitter og glam, n\u00e5 f\u00e5r vi se henne p\u00e5 en helt ny arena.\u00a0<\/p>\n<p>\u2013 Man vil l\u00e6re av seg selv, man vil bli kjent med hvem man er, forklarer Mele.<\/p>\n<p>        <img class=\"image__img lazyload\" itemprop=\"image\" title=\"Foto: Jenny Eidesvik \/ TV 2\" alt=\"MGP: I 2023 representerte Alessandra Mele Norge i Eurovision etter \u00e5 ha vunnet \u00abMelodi Grand Prix\u00bb. Foto: Jenny Eidesvik \/ TV 2\" width=\"675\" height=\"453\" bad-src=\"https:\/\/www.europesays.com\/no\/wp-content\/uploads\/2025\/12\/18347330.webp\" fetchpriority=\"auto\" \/><\/p>\n<p>      MGP: I 2023 representerte Alessandra Mele Norge i Eurovision etter \u00e5 ha vunnet \u00abMelodi Grand Prix\u00bb.<br \/>\n         Foto: Jenny Eidesvik \/ TV 2<\/p>\n<p>Oliver Bergset<\/p>\n<p>Alder: 26<\/p>\n<p>Yrke: Innholdsskaper<\/p>\n<p>Noe av det som har overrasket Bergset mest i det han m\u00f8ter TV 2, er hvor mye jobb det ligger bak \u00e5 holde det ryddig og brette kl\u00e6r.\u00a0<\/p>\n<p>        <img class=\"image__img lazyload\" itemprop=\"image\" title=\"Foto: Jenny Eidesvik \/ TV 2\" alt=\"TIKTOK: Oliver Bergset har mye av sin f\u00f8lgerskare p\u00e5 appen. Foto: Jenny Eidesvik \/ TV 2\" width=\"675\" height=\"453\" bad-src=\"https:\/\/www.europesays.com\/no\/wp-content\/uploads\/2025\/12\/18347332.webp\" fetchpriority=\"auto\" \/><\/p>\n<p>      TIKTOK: Oliver Bergset har mye av sin f\u00f8lgerskare p\u00e5 appen.<br \/>\n         Foto: Jenny Eidesvik \/ TV 2<\/p>\n<p>Thor Haavik<\/p>\n<p>Alder: 31<\/p>\n<p>Yrke: Prest<\/p>\n<p>Haavik ble en sentral skikkelse i den norske offentligheten etter sin deltakelse i TV 2-programmet \u00abFarmen\u00bb.\u00a0<\/p>\n<p>Det han merker mest p\u00e5 kroppen i forbindelse med \u00abKompani\u00bb er hvor lite s\u00f8vn han f\u00e5r.\u00a0<\/p>\n<p>\u2013 S\u00f8vn har det blitt veldig lite av, men det var jeg forberedt p\u00e5.\u00a0<\/p>\n<p>        <img class=\"image__img lazyload\" itemprop=\"image\" title=\"Foto: Jenny Eidesvik \/ TV 2\" alt=\"REALITY: Presten ble kjent for det norske folk da han deltok i \u00abFarmen\u00bb sesong 16. Foto: Jenny Eidesvik \/ TV 2\" width=\"675\" height=\"453\" bad-src=\"https:\/\/www.europesays.com\/no\/wp-content\/uploads\/2025\/12\/18347335.webp\" fetchpriority=\"auto\" \/><\/p>\n<p>      REALITY: Presten ble kjent for det norske folk da han deltok i \u00abFarmen\u00bb sesong 16.<br \/>\n         Foto: Jenny Eidesvik \/ TV 2<\/p>\n<p>Andrea Zeline Eriksen\u00a0<\/p>\n<p>Alder: 28<\/p>\n<p>Yrke: Influenser og TV-profil<\/p>\n<p>        <img class=\"image__img lazyload\" itemprop=\"image\" title=\"Foto: Jenny Eidesvik \/ TV 2\" alt=\"\u00abALLE ELSKER DAVID\u00bb: Andrea Z. Eriksen er datter av David Eriksen. Foto: Jenny Eidesvik \/ TV 2\" width=\"675\" height=\"453\" bad-src=\"https:\/\/www.europesays.com\/no\/wp-content\/uploads\/2025\/12\/18347348.webp\" fetchpriority=\"auto\" \/><\/p>\n<p>      \u00abALLE ELSKER DAVID\u00bb: Andrea Z. Eriksen er datter av David Eriksen.<br \/>\n         Foto: Jenny Eidesvik \/ TV 2<\/p>\n<p>Eriksen er datter av kjendismanager, David Eriksen (58). I TV 2-serien \u00abAlle elsker David\u00bb er folket vant til \u00e5 se henne leve det bedagelige liv.<\/p>\n<p>N\u00e5 er hun klar for \u00e5 utfordre seg selv.\u00a0<\/p>\n<p>\u2013 Jeg liker p\u00e5 en m\u00e5te budskapet med \u00e5 bli en bedre versjon av seg selv. Og jeg tror jeg har litt godt av det, uten at jeg vil innr\u00f8mme det, sier hun med en latter.\u00a0<\/p>\n<p>Adrian Sellevoll<\/p>\n<p>Alder: 27<\/p>\n<p>Yrke: Artist og TV-profil<\/p>\n<p>        <img class=\"image__img lazyload\" itemprop=\"image\" title=\"Foto: Jenny Eidesvik \/ TV 2\" alt=\"\u00abEX ON THE BEACH\u00bb: Adrian Sellevoll ble kjent gjennom skandaleprogrammet. Foto: Jenny Eidesvik \/ TV 2\" width=\"675\" height=\"453\" bad-src=\"https:\/\/www.europesays.com\/no\/wp-content\/uploads\/2025\/12\/18347360.webp\" fetchpriority=\"auto\" \/><\/p>\n<p>      \u00abEX ON THE BEACH\u00bb: Adrian Sellevoll ble kjent gjennom skandaleprogrammet.<br \/>\n         Foto: Jenny Eidesvik \/ TV 2<\/p>\n<p>\u2013 Jeg merker at den fysiske formen min er mye bedre enn jeg trodde.\u00a0<\/p>\n<p>Sellevoll ble kjent som en av landets st\u00f8rste skandaleprofiler, f\u00f8r han tok en <a href=\"https:\/\/www.tv2.no\/arkiv\/adrian-sellevoll?page=3\" target=\"_blank\" rel=\"nofollow noopener\">helomvending<\/a>.<\/p>\n<p>N\u00e5 er han klar for \u00e5 ta fatt p\u00e5 nye eventyr og leve i nuet.<\/p>\n<p>Olav Svarstad Haugland<\/p>\n<p>Alder: 37<\/p>\n<p>Yrke: Programleder og komiker<\/p>\n<p>Haugland vant i sommer NRK-programmet \u00abSommerlekene\u00bb. N\u00e5 f\u00e5r vi se ham i nytt farvann.<\/p>\n<p>\u2013 Dette er f\u00f8rste gang i milit\u00e6ret, og kommer forh\u00e5pentligvis til \u00e5 bli siste, sier han til TV 2 med en rungende latter.<\/p>\n<p>        <img class=\"image__img lazyload\" itemprop=\"image\" title=\"Foto: Jenny Eidesvik \/ TV 2\" alt=\"RADIO: Olav S. Haugland er blant annet kjent som radiovert. Foto: Jenny Eidesvik \/ TV 2\" width=\"675\" height=\"453\" bad-src=\"https:\/\/www.europesays.com\/no\/wp-content\/uploads\/2025\/12\/18347394.webp\" fetchpriority=\"auto\" \/><\/p>\n<p>      RADIO: Olav S. Haugland er blant annet kjent som radiovert.<br \/>\n         Foto: Jenny Eidesvik \/ TV 2<\/p>\n<p>Amalie Olsen Gjers\u00f8e<\/p>\n<p>Alder: 26<\/p>\n<p>Yrke: Influenser<\/p>\n<p>Olsen deler mye av hverdagen sin i sosiale medie-kanaler, blant annet treningsrutiner.<\/p>\n<p>N\u00e5 er hun klar for \u00e5 se hvor langt hun kan komme.\u00a0<\/p>\n<p>\u2013 Jeg vil se hva som bor i meg.\u00a0<\/p>\n<p>        <img class=\"image__img lazyload\" itemprop=\"image\" title=\"Foto: Jenny Eidesvik \/ TV 2\" alt=\"SOSIALE MEDIER: Amalie Olsen ble f\u00f8rst kjent gjennom Youtube. Foto: Jenny Eidesvik \/ TV 2\" width=\"675\" height=\"453\" bad-src=\"https:\/\/www.europesays.com\/no\/wp-content\/uploads\/2025\/12\/18347397.webp\" fetchpriority=\"auto\" \/><\/p>\n<p>      SOSIALE MEDIER: Amalie Olsen ble f\u00f8rst kjent gjennom Youtube.<br \/>\n         Foto: Jenny Eidesvik \/ TV 2<\/p>\n<p>Peter Bubresko<\/p>\n<p>Alder: 50<\/p>\n<p>Yrke: Programleder<\/p>\n<p>        <img class=\"image__img lazyload\" itemprop=\"image\" title=\"Foto: Jenny Eidesvik \/ TV 2\" alt=\"\u00abGOD MORGEN NORGE\u00bb: Peter Bubresko deltar i reality for f\u00f8rste gang. Foto: Jenny Eidesvik \/ TV 2\" width=\"675\" height=\"453\" bad-src=\"https:\/\/www.europesays.com\/no\/wp-content\/uploads\/2025\/12\/18347399.webp\" fetchpriority=\"auto\" \/><\/p>\n<p>      \u00abGOD MORGEN NORGE\u00bb: Peter Bubresko deltar i reality for f\u00f8rste gang.<br \/>\n         Foto: Jenny Eidesvik \/ TV 2<\/p>\n<p>For f\u00f8rste gang skal \u00abGod morgen Norge\u00bb-programlederen delta i reality.\u00a0<\/p>\n<p>Han f\u00f8lte at n\u00e5 var tiden inne.\u00a0<\/p>\n<p>\u2013 Vi kommer alle fra et veldig komfortabelt liv hjemme, alle sammen, s\u00e5 bare rykkes vi ut av det.\u00a0<\/p>\n<p>Anna-Lisa Kumoji<\/p>\n<p data-lab-font_weight=\"\">Alder: 35<\/p>\n<p>Yrke: Artist<\/p>\n<p>Kumoji m\u00f8ter TV 2 st\u00f8l som en stokk.\u00a0<\/p>\n<p>\u2013 Jeg klarer s\u00e5 vidt \u00e5 reise meg uten \u00e5 se ut som en 90-\u00e5ring! Jeg er helt ferdig i kroppen.<\/p>\n<p>        <img class=\"image__img lazyload\" itemprop=\"image\" title=\"Foto: Jenny Eidesvik \/ TV 2\" alt=\"MUSIKAL: Anna-Lisa Kumoji har opptr\u00e5dt i flere musikaler. Foto: Jenny Eidesvik \/ TV 2\" width=\"675\" height=\"453\" bad-src=\"https:\/\/www.europesays.com\/no\/wp-content\/uploads\/2025\/12\/18347401.webp\" fetchpriority=\"auto\" \/><\/p>\n<p>      MUSIKAL: Anna-Lisa Kumoji har opptr\u00e5dt i flere musikaler.<br \/>\n         Foto: Jenny Eidesvik \/ TV 2<\/p>\n","protected":false},"excerpt":{"rendered":"Nye kjendiser er klare for \u00e5 kjempe med b\u00e5de kropp og sinn for \u00e5 bli til tildelt den&hellip;\n","protected":false},"author":2,"featured_media":104082,"comment_status":"","ping_status":"","sticky":false,"template":"","format":"standard","meta":{"footnotes":""},"categories":[5],"tags":[20,21,24,25,15,19,22,23,17,18,13,30,28,29,14,16,26,27],"class_list":{"0":"post-104081","1":"post","2":"type-post","3":"status-publish","4":"format-standard","5":"has-post-thumbnail","7":"category-overskrifter","8":"tag-breaking-news","9":"tag-breakingnews","10":"tag-featured-news","11":"tag-featurednews","12":"tag-headlines","13":"tag-hovedoppslag","14":"tag-latest-news","15":"tag-latestnews","16":"tag-main-news","17":"tag-mainnews","18":"tag-news","19":"tag-no","20":"tag-norge","21":"tag-norway","22":"tag-nyheter","23":"tag-overskrifter","24":"tag-top-stories","25":"tag-topstories"},"share_on_mastodon":{"url":"https:\/\/pubeurope.com\/@no\/115661545442447825","error":""},"_links":{"self":[{"href":"https:\/\/www.europesays.com\/no\/wp-json\/wp\/v2\/posts\/104081","targetHints":{"allow":["GET"]}}],"collection":[{"href":"https:\/\/www.europesays.com\/no\/wp-json\/wp\/v2\/posts"}],"about":[{"href":"https:\/\/www.europesays.com\/no\/wp-json\/wp\/v2\/types\/post"}],"author":[{"embeddable":true,"href":"https:\/\/www.europesays.com\/no\/wp-json\/wp\/v2\/users\/2"}],"replies":[{"embeddable":true,"href":"https:\/\/www.europesays.com\/no\/wp-json\/wp\/v2\/comments?post=104081"}],"version-history":[{"count":0,"href":"https:\/\/www.europesays.com\/no\/wp-json\/wp\/v2\/posts\/104081\/revisions"}],"wp:featuredmedia":[{"embeddable":true,"href":"https:\/\/www.europesays.com\/no\/wp-json\/wp\/v2\/media\/104082"}],"wp:attachment":[{"href":"https:\/\/www.europesays.com\/no\/wp-json\/wp\/v2\/media?parent=104081"}],"wp:term":[{"taxonomy":"category","embeddable":true,"href":"https:\/\/www.europesays.com\/no\/wp-json\/wp\/v2\/categories?post=104081"},{"taxonomy":"post_tag","embeddable":true,"href":"https:\/\/www.europesays.com\/no\/wp-json\/wp\/v2\/tags?post=104081"}],"curies":[{"name":"wp","href":"https:\/\/api.w.org\/{rel}","templated":true}]}}