{"id":104086,"date":"2025-12-04T13:37:09","date_gmt":"2025-12-04T13:37:09","guid":{"rendered":"https:\/\/www.europesays.com\/no\/104086\/"},"modified":"2025-12-04T13:37:09","modified_gmt":"2025-12-04T13:37:09","slug":"politiet-over-med-store-innsatsbiler-i-oslo-sentrum-torsdag","status":"publish","type":"post","link":"https:\/\/www.europesays.com\/no\/104086\/","title":{"rendered":"Politiet \u00f8ver med store innsatsbiler i Oslo sentrum torsdag"},"content":{"rendered":"\n<p class=\"_lead_o9xde_2 _lead_xtcu6_50 layout-component text-serif-m layout-normal text-serif-l layout-component layout-wide layout-padded _wide_17hqh_1 layout-padded\">\u00c5rlig trening med pyrotekniske virkemidler og st\u00f8ykilder st\u00e5r p\u00e5 agendaen i dag. <\/p>\n<ul aria-hidden=\"true\" class=\"_images_1uft6_111\">\n<li><a class=\"_link_1uft6_116\" href=\"https:\/\/www.vg.no\/forfatter\/ingrid-storeboe\" style=\"z-index:1\" title=\"Ingrid Storeb\u00f8\" rel=\"nofollow noopener\" target=\"_blank\"><img alt=\"Bilde av Ingrid Storeb\u00f8\" class=\"_image_1uft6_93\" fetchpriority=\"low\" loading=\"lazy\" decoding=\"async\" itemprop=\"image\"  src=\"https:\/\/www.europesays.com\/no\/wp-content\/uploads\/2025\/12\/1764855429_914_b3fc896d-536d-4041-8257-79b6b2cd3323\"  width=\"480\"\/><\/a><\/li>\n<\/ul>\n<p> Oppdatert torsdag 4. desember kl. 11:50     <\/p>\n<p class=\"_paragraph_o9xde_4 _paragraph_xtcu6_10 layout-component text-serif-m layout-normal text-serif-m layout-padded\"><a href=\"https:\/\/www.vg.no\/tag\/oslo?utm_source=vg-article&amp;utm_medium=auto-tagger&amp;utm_campaign=BxJRlE\" class=\"_link_o9xde_39\" rel=\"nofollow noopener\" target=\"_blank\">Oslo<\/a>-politiet gjennomf\u00f8rer omfattende \u00f8velser i sentrum torsdag, med mye synlig politi og store innsatsbiler.<\/p>\n<p class=\"_paragraph_o9xde_4 _paragraph_xtcu6_10 layout-component text-serif-m layout-normal text-serif-m layout-padded\">Det opplyser operasjonsleder Rune Hekkelstrand.<\/p>\n<p class=\"_paragraph_o9xde_4 _paragraph_xtcu6_10 layout-component text-serif-m layout-normal text-serif-m layout-padded\">\u00d8velsene er knyttet til trening av s\u00e5kalt MIK, som st\u00e5r for Mobiltaktisk innsatskonsept. Dette er de store bilene politiet bruker under blant annet demonstrasjoner.<\/p>\n<p class=\"_paragraph_o9xde_4 _paragraph_xtcu6_10 layout-component text-serif-m layout-normal text-serif-m layout-padded\">Politiet har trent med disse bilene flere dager de siste to ukene, senest onsdag denne uken.<\/p>\n<p class=\"_paragraph_o9xde_4 _paragraph_xtcu6_10 layout-component text-serif-m layout-normal text-serif-m layout-padded\">\u2013 Det kan bli benyttet pyrotekniske virkemidler og st\u00f8ykilder. Dette er \u00e5rlige \u00f8velse for mannskapene, skrev operasjonsleder Roy Langengen onsdag.<\/p>\n<p class=\"_paragraph_o9xde_4 _paragraph_xtcu6_10 layout-component text-serif-m layout-normal text-serif-m layout-padded\">I tillegg til MIK-treningen vil trafikkorpset \u00f8ve p\u00e5 kortesjekj\u00f8ring i sentrum.<\/p>\n<p class=\"_paragraph_o9xde_4 _paragraph_xtcu6_10 layout-component text-serif-m layout-normal text-serif-m layout-padded\">\u00d8velsene er en del av politiets \u00e5rlige treningsopplegg for \u00e5 holde mannskapene oppdatert p\u00e5 utstyr og prosedyrer. De store innsatsbilene er en viktig del av politiets beredskap ved st\u00f8rre hendelser og demonstrasjoner i hovedstaden.<\/p>\n<p class=\"_paragraph_o9xde_4 _paragraph_xtcu6_10 layout-component text-serif-m layout-normal text-serif-m layout-padded\">Det vil v\u00e6re mye synlig politi i sentrum torsdag p\u00e5 grunn av \u00f8velsene.<\/p>\n","protected":false},"excerpt":{"rendered":"\u00c5rlig trening med pyrotekniske virkemidler og st\u00f8ykilder st\u00e5r p\u00e5 agendaen i dag. Oppdatert torsdag 4. desember kl. 11:50&hellip;\n","protected":false},"author":2,"featured_media":104087,"comment_status":"","ping_status":"","sticky":false,"template":"","format":"standard","meta":{"footnotes":""},"categories":[10],"tags":[20,21,24,25,15,22,23,13,30,28,29,14,636,16,26,27,46],"class_list":{"0":"post-104086","1":"post","2":"type-post","3":"status-publish","4":"format-standard","5":"has-post-thumbnail","7":"category-norge","8":"tag-breaking-news","9":"tag-breakingnews","10":"tag-featured-news","11":"tag-featurednews","12":"tag-headlines","13":"tag-latest-news","14":"tag-latestnews","15":"tag-news","16":"tag-no","17":"tag-norge","18":"tag-norway","19":"tag-nyheter","20":"tag-oslo","21":"tag-overskrifter","22":"tag-top-stories","23":"tag-topstories","24":"tag-vgai"},"share_on_mastodon":{"url":"https:\/\/pubeurope.com\/@no\/115661573061530473","error":""},"_links":{"self":[{"href":"https:\/\/www.europesays.com\/no\/wp-json\/wp\/v2\/posts\/104086","targetHints":{"allow":["GET"]}}],"collection":[{"href":"https:\/\/www.europesays.com\/no\/wp-json\/wp\/v2\/posts"}],"about":[{"href":"https:\/\/www.europesays.com\/no\/wp-json\/wp\/v2\/types\/post"}],"author":[{"embeddable":true,"href":"https:\/\/www.europesays.com\/no\/wp-json\/wp\/v2\/users\/2"}],"replies":[{"embeddable":true,"href":"https:\/\/www.europesays.com\/no\/wp-json\/wp\/v2\/comments?post=104086"}],"version-history":[{"count":0,"href":"https:\/\/www.europesays.com\/no\/wp-json\/wp\/v2\/posts\/104086\/revisions"}],"wp:featuredmedia":[{"embeddable":true,"href":"https:\/\/www.europesays.com\/no\/wp-json\/wp\/v2\/media\/104087"}],"wp:attachment":[{"href":"https:\/\/www.europesays.com\/no\/wp-json\/wp\/v2\/media?parent=104086"}],"wp:term":[{"taxonomy":"category","embeddable":true,"href":"https:\/\/www.europesays.com\/no\/wp-json\/wp\/v2\/categories?post=104086"},{"taxonomy":"post_tag","embeddable":true,"href":"https:\/\/www.europesays.com\/no\/wp-json\/wp\/v2\/tags?post=104086"}],"curies":[{"name":"wp","href":"https:\/\/api.w.org\/{rel}","templated":true}]}}