{"id":104111,"date":"2025-12-04T14:01:45","date_gmt":"2025-12-04T14:01:45","guid":{"rendered":"https:\/\/www.europesays.com\/no\/104111\/"},"modified":"2025-12-04T14:01:45","modified_gmt":"2025-12-04T14:01:45","slug":"innforer-nasjonalt-manedskort-fra-2027-siste-nytt-nrk","status":"publish","type":"post","link":"https:\/\/www.europesays.com\/no\/104111\/","title":{"rendered":"Innf\u00f8rer nasjonalt m\u00e5nedskort fra 2027 \u2013 Siste nytt \u2013\u00a0NRK"},"content":{"rendered":"<p>MDG har f\u00e5tt gjennomslag i budsjettet for \u00e5 innf\u00f8re et nasjonalt m\u00e5nedskort fra 2027.<\/p>\n<p>\u2013 Vi leverer n\u00e5 p\u00e5 v\u00e5rt viktigste valgl\u00f8fte: Et landsdekkende m\u00e5nedskort for hele Norge skal innf\u00f8res fra 2027. Et norgeskort! Allerede fra neste \u00e5r blir m\u00e5nedskortet 100 kroner billigere i fylker som \u00f8nsker det. Det er starten p\u00e5 en liten transportrevolusjon i hverdagen til folk flest, sier Ingrid Liland, finanspolitisk talsperson i MDG.<\/p>\n","protected":false},"excerpt":{"rendered":"MDG har f\u00e5tt gjennomslag i budsjettet for \u00e5 innf\u00f8re et nasjonalt m\u00e5nedskort fra 2027. \u2013 Vi leverer n\u00e5&hellip;\n","protected":false},"author":2,"featured_media":62464,"comment_status":"","ping_status":"","sticky":false,"template":"","format":"standard","meta":{"footnotes":""},"categories":[10],"tags":[20,21,24,25,15,22,23,13,30,28,29,14,16,26,27],"class_list":{"0":"post-104111","1":"post","2":"type-post","3":"status-publish","4":"format-standard","5":"has-post-thumbnail","7":"category-norge","8":"tag-breaking-news","9":"tag-breakingnews","10":"tag-featured-news","11":"tag-featurednews","12":"tag-headlines","13":"tag-latest-news","14":"tag-latestnews","15":"tag-news","16":"tag-no","17":"tag-norge","18":"tag-norway","19":"tag-nyheter","20":"tag-overskrifter","21":"tag-top-stories","22":"tag-topstories"},"share_on_mastodon":{"url":"https:\/\/pubeurope.com\/@no\/115661667272831870","error":""},"_links":{"self":[{"href":"https:\/\/www.europesays.com\/no\/wp-json\/wp\/v2\/posts\/104111","targetHints":{"allow":["GET"]}}],"collection":[{"href":"https:\/\/www.europesays.com\/no\/wp-json\/wp\/v2\/posts"}],"about":[{"href":"https:\/\/www.europesays.com\/no\/wp-json\/wp\/v2\/types\/post"}],"author":[{"embeddable":true,"href":"https:\/\/www.europesays.com\/no\/wp-json\/wp\/v2\/users\/2"}],"replies":[{"embeddable":true,"href":"https:\/\/www.europesays.com\/no\/wp-json\/wp\/v2\/comments?post=104111"}],"version-history":[{"count":0,"href":"https:\/\/www.europesays.com\/no\/wp-json\/wp\/v2\/posts\/104111\/revisions"}],"wp:featuredmedia":[{"embeddable":true,"href":"https:\/\/www.europesays.com\/no\/wp-json\/wp\/v2\/media\/62464"}],"wp:attachment":[{"href":"https:\/\/www.europesays.com\/no\/wp-json\/wp\/v2\/media?parent=104111"}],"wp:term":[{"taxonomy":"category","embeddable":true,"href":"https:\/\/www.europesays.com\/no\/wp-json\/wp\/v2\/categories?post=104111"},{"taxonomy":"post_tag","embeddable":true,"href":"https:\/\/www.europesays.com\/no\/wp-json\/wp\/v2\/tags?post=104111"}],"curies":[{"name":"wp","href":"https:\/\/api.w.org\/{rel}","templated":true}]}}