{"id":104112,"date":"2025-12-04T14:04:14","date_gmt":"2025-12-04T14:04:14","guid":{"rendered":"https:\/\/www.europesays.com\/no\/104112\/"},"modified":"2025-12-04T14:04:14","modified_gmt":"2025-12-04T14:04:14","slug":"felix-herngren-der-solen-alltid-skinner","status":"publish","type":"post","link":"https:\/\/www.europesays.com\/no\/104112\/","title":{"rendered":"Felix Herngren, Der solen alltid skinner"},"content":{"rendered":"\n<p>SkyShowtime kunngjorde i dag at originalserien \u00abDer Solen Alltid Skinner\u00bb f\u00e5r en andre sesong. Den svenske dramakomedien, skapt og regissert av Felix Herngren (\u00abSolsidan\u00bb, \u00abBonusfamilien\u00bb) og spilt inn p\u00e5 Mallorca, har blitt \u00e5rets mest sette tittel p\u00e5 SkyShowtime i Sverige.<\/p>\n<p>Rommer et mysterium<\/p>\n<p>\u2013 Jeg er enormt glad for \u00e5 kunne fortsette \u00e5 bygge videre p\u00e5 og utforske livet som innflytter her p\u00e5 \u00f8ya, sier serieskaper og regiss\u00f8r Felix Herngren i en pressemelding.<\/p>\n<p>\u2013 Mallorca er kanskje et av Europas vakreste hj\u00f8rner, men det rommer ogs\u00e5 et stille mysterium \u2013 av den typen som p\u00e5 et vis finner veien inn i ens indre og inn i de mest krevende utfordringene.<\/p>\n<p><b>Les ogs\u00e5: <\/b><a class=\"simple-relation related-teaser article--c-eRUmMG article--c-eRUmMG-fZoQSp-design-nettavisen article--c-eRUmMG-iYqjuU-model-review article--c-eRUmMG-dVRqVF-cv article--c-eRUmMG-gwthdJ-cv\" href=\"https:\/\/www.nettavisen.no\/der-solen-alltid-skinner-svenskenes-the-white-lotus\/r\/5-95-2719306\" rel=\"nofollow noopener\" target=\"_blank\">Der solen alltid skinner: Svenskenes \u00abThe White Lotus\u00bb?<\/a><\/p>\n<p>M\u00f8rkere enn \u00abSolsidan\u00bb<\/p>\n<p>   <img decoding=\"async\" width=\"2856\" height=\"1606\" fetchpriority=\"low\"  loading=\"lazy\"  src=\"https:\/\/www.europesays.com\/no\/wp-content\/uploads\/2025\/12\/der+solen+alltid+skinner-anmeldelse-1.jpg\" alt=\"\" class=\"brick-c-cFOWSL\" style=\"--brick-image-ratio: 2856 \/ 1606;\"\/><\/p>\n<p>      \u00abDer Solen Alltid Skinner\u00bbs f\u00f8rste sesong la opp til at det kunne komme mer, og n\u00e5 er det bekreftet at det gj\u00f8r nettopp det.<br \/>\n      Foto: SkyShowtime\n    <\/p>\n<p>I seriens f\u00f8rste sesong m\u00f8ter vi Tom (Per Lasson) og Petra (Lisa Linnertorp), et vellykket par som har bygget opp en stor Ica Maxi-butikk i Nyk\u00f6ping og solgt den for en rekordsum. De har levd et liv i luksus p\u00e5 Mallorca sammen med s\u00f8nnene sine i en m\u00e5ned, f\u00f8r Toms bror Timmy (Erik \u00abJerka\u00bb Johansson) og hans kone Maja (Rakel W\u00e4rml\u00e4nder) flytter familien sin etter.<\/p>\n<p>Da Nettavisen m\u00f8tte Herngren i h\u00f8st for \u00e5 snakke om f\u00f8rste sesong av serien, kunne han fortelle om nettopp sin fascinasjon for det \u00e5 flytte til noe nytt og ukjent, og menneskene som gj\u00f8r nettopp det.<\/p>\n<p>\u2013 Lurer du p\u00e5 om du skal flytte, s\u00e5 bare gj\u00f8r det.<\/p>\n<p>\u00abDer Solen alltid skinner\u00bb har noen av de samme elementene som Herngrens godt kjente serie \u00abSolsidan\u00bb, men med mer dramatikk og m\u00f8rke.<\/p>\n<p>    Vil du se neste video?<\/p>\n<p>    <a href=\"https:\/\/www.nettavisen.no\/kjendis\/felix-herngren-nordmenn-er-gladere-enn-svensker\/v\/5-95-2708753\" class=\"recommend-poster\" data-adp-clicklabel=\"video-recommend\" data-adp-clickvalue=\"poster\" rel=\"nofollow noopener\" target=\"_blank\"><br \/>\n      <img decoding=\"async\" width=\"200\" height=\"200\" loading=\"lazy\" src=\"https:\/\/www.europesays.com\/no\/wp-content\/uploads\/2025\/12\/Felix_Herngren.jpg\" alt=\"\" class=\"brick-c-cFOWSL\" style=\"--brick-image-ratio: 200 \/ 200;\"\/><\/p>\n<p>Felix Herngren: \u2013 Nordmenn er gladere enn svensker0:18<\/p>\n<p>    <\/a><\/p>\n<p>        Vi har snakket med Felix Herngren om hans nye serie, som finner sted p\u00e5 Mallorca. Vil fans av \u00abSolsidan\u00bb kjenne seg igjen i \u00abDer solen alltid skinner\u00bb?<\/p>\n","protected":false},"excerpt":{"rendered":"SkyShowtime kunngjorde i dag at originalserien \u00abDer Solen Alltid Skinner\u00bb f\u00e5r en andre sesong. Den svenske dramakomedien, skapt&hellip;\n","protected":false},"author":2,"featured_media":104113,"comment_status":"","ping_status":"","sticky":false,"template":"","format":"standard","meta":{"footnotes":""},"categories":[58],"tags":[71,30,28,29,72],"class_list":{"0":"post-104112","1":"post","2":"type-post","3":"status-publish","4":"format-standard","5":"has-post-thumbnail","7":"category-underholdning","8":"tag-entertainment","9":"tag-no","10":"tag-norge","11":"tag-norway","12":"tag-underholdning"},"share_on_mastodon":{"url":"https:\/\/pubeurope.com\/@no\/115661679293086611","error":""},"_links":{"self":[{"href":"https:\/\/www.europesays.com\/no\/wp-json\/wp\/v2\/posts\/104112","targetHints":{"allow":["GET"]}}],"collection":[{"href":"https:\/\/www.europesays.com\/no\/wp-json\/wp\/v2\/posts"}],"about":[{"href":"https:\/\/www.europesays.com\/no\/wp-json\/wp\/v2\/types\/post"}],"author":[{"embeddable":true,"href":"https:\/\/www.europesays.com\/no\/wp-json\/wp\/v2\/users\/2"}],"replies":[{"embeddable":true,"href":"https:\/\/www.europesays.com\/no\/wp-json\/wp\/v2\/comments?post=104112"}],"version-history":[{"count":0,"href":"https:\/\/www.europesays.com\/no\/wp-json\/wp\/v2\/posts\/104112\/revisions"}],"wp:featuredmedia":[{"embeddable":true,"href":"https:\/\/www.europesays.com\/no\/wp-json\/wp\/v2\/media\/104113"}],"wp:attachment":[{"href":"https:\/\/www.europesays.com\/no\/wp-json\/wp\/v2\/media?parent=104112"}],"wp:term":[{"taxonomy":"category","embeddable":true,"href":"https:\/\/www.europesays.com\/no\/wp-json\/wp\/v2\/categories?post=104112"},{"taxonomy":"post_tag","embeddable":true,"href":"https:\/\/www.europesays.com\/no\/wp-json\/wp\/v2\/tags?post=104112"}],"curies":[{"name":"wp","href":"https:\/\/api.w.org\/{rel}","templated":true}]}}