{"id":104114,"date":"2025-12-04T14:07:11","date_gmt":"2025-12-04T14:07:11","guid":{"rendered":"https:\/\/www.europesays.com\/no\/104114\/"},"modified":"2025-12-04T14:07:11","modified_gmt":"2025-12-04T14:07:11","slug":"eus-tidligere-utenrikssjef-gar-av-som-rektor-for-eliteskole-etter-mistanke-om-korrupsjon","status":"publish","type":"post","link":"https:\/\/www.europesays.com\/no\/104114\/","title":{"rendered":"EUs tidligere utenrikssjef g\u00e5r av som rektor for eliteskole etter mistanke om korrupsjon"},"content":{"rendered":"<p class=\"extendedContent hyperion-css-eyn926\" data-test-tag=\"lead-text\">Federica Mogherini (52) er tidligere utenriksminister i Italia og sjef for EUs utenrikstjeneste i \u00e5rene 2014\u20132019. Tirsdag ble hun arrestert, mistenkt for korrupsjon.<\/p>\n<p><img decoding=\"async\" class=\"image-asset hyperion-css-u06ts1\" data-test-tag=\"image-asset\" src=\"https:\/\/www.europesays.com\/no\/wp-content\/uploads\/2025\/12\/cd08da0e-a33b-4ac1-8f4f-8e5a02b97138\"  alt=\"Federica Mogherini fotografert i 2019.\"  loading=\"eager\" fetchpriority=\"high\" style=\"aspect-ratio:2048 \/ 1357\"\/>Federica Mogherini fotografert i 2019. Foto: Julien Warnand \/ Reuters \/ NTB<\/p>\n<p class=\"paywall hyperion-css-1j42uic\">Etter at hun gikk av som EUs toppdiplomat, ble Mogherini rektor ved College of Europe i Brugge, en eliteskole for diplomater og EU-topper. Det er i den rollen hun mistenkes for \u00e5 ha gjort noe kriminelt.<\/p>\n<p class=\"paywall hyperion-css-1j42uic\">If\u00f8lge <a aria-label=\"EUs uavhengige offentlige p\u00e5talemyndighet\" class=\"breaking-short hyperion-css-1raymq9\" href=\"https:\/\/www.eppo.europa.eu\/en\/media\/news\/belgium-eppo-conducts-searches-college-europe-and-european-external-action-service\" target=\"_blank\" rel=\"noopener nofollow noreferrer\" data-test-tag=\"external-link\">EUs uavhengige offentlige p\u00e5talemyndighet<\/a> er Mogherini mistenkt for \u00e5 ha rigget en anbudsprosess som endte med at College of Europe i 2021 fikk avtale om \u00e5 drive et EU-finansiert oppl\u00e6ringsprogram for unge diplomater (European Diplomatic Academy). <\/p>\n<p class=\"paywall hyperion-css-1j42uic\">Mistanken gjelder korrupsjon, svindel, interessekonflikter og brudd p\u00e5 taushetsplikt i anskaffelsesprosessen. Ogs\u00e5 to andre personer ble arrestert.<\/p>\n<p class=\"paywall hyperion-css-1j42uic\">Onsdag kom Federica Mogherini med en kort <a aria-label=\"uttalelse\" class=\"breaking-short hyperion-css-1raymq9\" href=\"https:\/\/www.coleurope.eu\/statement-mrs-federica-mogherini-rector-college-europe?utm_source=euractiv&amp;utm_medium=newsletter&amp;utm_content=From+the+capital&amp;utm_term=0-0&amp;utm_campaign=EN_THE_CAPITALS\" target=\"_blank\" rel=\"noopener nofollow noreferrer\" data-test-tag=\"external-link\">uttalelse<\/a>, der hun hevdet sin uskyld. Torsdag ettermiddag kom en ny <a aria-label=\"uttalelse\" class=\"breaking-short hyperion-css-1raymq9\" href=\"https:\/\/www.coleurope.eu\/statement-mrs-federica-mogherini-rector-college-europe-0\" target=\"_blank\" rel=\"noopener nofollow noreferrer\" data-test-tag=\"external-link\">uttalelse<\/a> om at hun g\u00e5r av som rektor ved College of Europe. <\/p>\n","protected":false},"excerpt":{"rendered":"Federica Mogherini (52) er tidligere utenriksminister i Italia og sjef for EUs utenrikstjeneste i \u00e5rene 2014\u20132019. Tirsdag ble&hellip;\n","protected":false},"author":2,"featured_media":104115,"comment_status":"","ping_status":"","sticky":false,"template":"","format":"standard","meta":{"footnotes":""},"categories":[12],"tags":[20,21,24,25,15,22,23,13,30,28,29,14,16,26,27,42,43,44,45],"class_list":{"0":"post-104114","1":"post","2":"type-post","3":"status-publish","4":"format-standard","5":"has-post-thumbnail","7":"category-verden","8":"tag-breaking-news","9":"tag-breakingnews","10":"tag-featured-news","11":"tag-featurednews","12":"tag-headlines","13":"tag-latest-news","14":"tag-latestnews","15":"tag-news","16":"tag-no","17":"tag-norge","18":"tag-norway","19":"tag-nyheter","20":"tag-overskrifter","21":"tag-top-stories","22":"tag-topstories","23":"tag-verden","24":"tag-world","25":"tag-world-news","26":"tag-worldnews"},"share_on_mastodon":{"url":"https:\/\/pubeurope.com\/@no\/115661691258630769","error":""},"_links":{"self":[{"href":"https:\/\/www.europesays.com\/no\/wp-json\/wp\/v2\/posts\/104114","targetHints":{"allow":["GET"]}}],"collection":[{"href":"https:\/\/www.europesays.com\/no\/wp-json\/wp\/v2\/posts"}],"about":[{"href":"https:\/\/www.europesays.com\/no\/wp-json\/wp\/v2\/types\/post"}],"author":[{"embeddable":true,"href":"https:\/\/www.europesays.com\/no\/wp-json\/wp\/v2\/users\/2"}],"replies":[{"embeddable":true,"href":"https:\/\/www.europesays.com\/no\/wp-json\/wp\/v2\/comments?post=104114"}],"version-history":[{"count":0,"href":"https:\/\/www.europesays.com\/no\/wp-json\/wp\/v2\/posts\/104114\/revisions"}],"wp:featuredmedia":[{"embeddable":true,"href":"https:\/\/www.europesays.com\/no\/wp-json\/wp\/v2\/media\/104115"}],"wp:attachment":[{"href":"https:\/\/www.europesays.com\/no\/wp-json\/wp\/v2\/media?parent=104114"}],"wp:term":[{"taxonomy":"category","embeddable":true,"href":"https:\/\/www.europesays.com\/no\/wp-json\/wp\/v2\/categories?post=104114"},{"taxonomy":"post_tag","embeddable":true,"href":"https:\/\/www.europesays.com\/no\/wp-json\/wp\/v2\/tags?post=104114"}],"curies":[{"name":"wp","href":"https:\/\/api.w.org\/{rel}","templated":true}]}}