{"id":104118,"date":"2025-12-04T14:14:09","date_gmt":"2025-12-04T14:14:09","guid":{"rendered":"https:\/\/www.europesays.com\/no\/104118\/"},"modified":"2025-12-04T14:14:09","modified_gmt":"2025-12-04T14:14:09","slug":"skal-ha-plassert-rorbomber-i-washington-i-2021","status":"publish","type":"post","link":"https:\/\/www.europesays.com\/no\/104118\/","title":{"rendered":"Skal ha plassert r\u00f8rbomber i Washington i 2021"},"content":{"rendered":"\n<p class=\"_paragraph_o9xde_4 _paragraph_xtcu6_10 layout-component text-serif-m layout-normal text-serif-m layout-padded\">Bombene skal ha blitt plassert utenfor hovedkvarterene til det republikanske og det demokratiske partiet i Washington, D.C., kvelden f\u00f8r stormingen av Kongressen 6. januar.<\/p>\n<p class=\"_paragraph_o9xde_4 _paragraph_xtcu6_10 layout-component text-serif-m layout-normal text-serif-m layout-padded\">FBI har gjentatte ganger bedt offentligheten om tips som kunne f\u00f8re til en p\u00e5gripelse, skriver Sky News. <\/p>\n<p class=\"_paragraph_o9xde_4 _paragraph_xtcu6_10 layout-component text-serif-m layout-normal text-serif-m layout-padded\">FBI har etterforsket hvem som plasserte ut r\u00f8rbombene i nesten fem \u00e5r. <\/p>\n<p class=\"_paragraph_o9xde_4 _paragraph_xtcu6_10 layout-component text-serif-m layout-normal text-serif-m layout-padded\">R\u00f8rbombene ble plassert ut kvelden f\u00f8r stormingen. Ingen ble skadet f\u00f8r bombene ble sikret, men byr\u00e5et har sagt at begge bombene kunne v\u00e6rt d\u00f8delige. <\/p>\n<p class=\"_paragraph_o9xde_4 _paragraph_xtcu6_10 layout-component text-serif-m layout-normal text-serif-m layout-padded\">6. januar 2021 stormet tilhengere av president Donald Trump kongressen i USA. Det skjedde kort tid etter at Trump i en tale hadde oppfordret dem til \u00e5 \u00abkjempe som bare helvete\u00bb. Fem personer mistet livet i forbindelse med stormingen. <\/p>\n<p>    <img decoding=\"async\" alt=\"Tips oss illustrasjon\" src=\"https:\/\/www.europesays.com\/no\/wp-content\/uploads\/2025\/10\/pssst-small.webp.webp\"\/>    <\/p>\n<p class=\"title-serif-s\">Har du tips?<\/p>\n<p class=\"text-sans-m\">Send oss informasjon, bilder eller video.<\/p>\n<p>  <a href=\"https:\/\/www.vg.no\/tips-oss\" rel=\"nofollow noopener\" target=\"_blank\"> Tips oss <\/a>      <\/p>\n","protected":false},"excerpt":{"rendered":"Bombene skal ha blitt plassert utenfor hovedkvarterene til det republikanske og det demokratiske partiet i Washington, D.C., kvelden&hellip;\n","protected":false},"author":2,"featured_media":104119,"comment_status":"","ping_status":"","sticky":false,"template":"","format":"standard","meta":{"footnotes":""},"categories":[12],"tags":[31,20,21,24,25,15,22,23,13,30,28,29,14,16,26,27,50,42,1318,43,44,45],"class_list":{"0":"post-104118","1":"post","2":"type-post","3":"status-publish","4":"format-standard","5":"has-post-thumbnail","7":"category-verden","8":"tag-breaking","9":"tag-breaking-news","10":"tag-breakingnews","11":"tag-featured-news","12":"tag-featurednews","13":"tag-headlines","14":"tag-latest-news","15":"tag-latestnews","16":"tag-news","17":"tag-no","18":"tag-norge","19":"tag-norway","20":"tag-nyheter","21":"tag-overskrifter","22":"tag-top-stories","23":"tag-topstories","24":"tag-usa","25":"tag-verden","26":"tag-washington-d-c","27":"tag-world","28":"tag-world-news","29":"tag-worldnews"},"share_on_mastodon":{"url":"https:\/\/pubeurope.com\/@no\/115661718456583957","error":""},"_links":{"self":[{"href":"https:\/\/www.europesays.com\/no\/wp-json\/wp\/v2\/posts\/104118","targetHints":{"allow":["GET"]}}],"collection":[{"href":"https:\/\/www.europesays.com\/no\/wp-json\/wp\/v2\/posts"}],"about":[{"href":"https:\/\/www.europesays.com\/no\/wp-json\/wp\/v2\/types\/post"}],"author":[{"embeddable":true,"href":"https:\/\/www.europesays.com\/no\/wp-json\/wp\/v2\/users\/2"}],"replies":[{"embeddable":true,"href":"https:\/\/www.europesays.com\/no\/wp-json\/wp\/v2\/comments?post=104118"}],"version-history":[{"count":0,"href":"https:\/\/www.europesays.com\/no\/wp-json\/wp\/v2\/posts\/104118\/revisions"}],"wp:featuredmedia":[{"embeddable":true,"href":"https:\/\/www.europesays.com\/no\/wp-json\/wp\/v2\/media\/104119"}],"wp:attachment":[{"href":"https:\/\/www.europesays.com\/no\/wp-json\/wp\/v2\/media?parent=104118"}],"wp:term":[{"taxonomy":"category","embeddable":true,"href":"https:\/\/www.europesays.com\/no\/wp-json\/wp\/v2\/categories?post=104118"},{"taxonomy":"post_tag","embeddable":true,"href":"https:\/\/www.europesays.com\/no\/wp-json\/wp\/v2\/tags?post=104118"}],"curies":[{"name":"wp","href":"https:\/\/api.w.org\/{rel}","templated":true}]}}