{"id":104120,"date":"2025-12-04T14:17:09","date_gmt":"2025-12-04T14:17:09","guid":{"rendered":"https:\/\/www.europesays.com\/no\/104120\/"},"modified":"2025-12-04T14:17:09","modified_gmt":"2025-12-04T14:17:09","slug":"landslagssjef-per-elias-kalfoss-tok-alvorsprat-med-langrennsstjernene-i-internt-mote","status":"publish","type":"post","link":"https:\/\/www.europesays.com\/no\/104120\/","title":{"rendered":"Landslagssjef Per Elias Kalfoss tok alvorsprat med langrennsstjernene i internt m\u00f8te"},"content":{"rendered":"\n<ul class=\"_list_o9xde_3 _list_64s2r_85 _unordered_o9xde_106 text-sans-m\">\n<li class=\"_item_o9xde_30\">Det ble kaos f\u00f8r sesongens f\u00f8rste verdenscuprenn i Ruka etter at landslagsledelsen fikk kritikk fra b\u00e5de Emil Iversen og Johannes H\u00f8sflot Kl\u00e6bo.<\/li>\n<li class=\"_item_o9xde_30\">Landslagssjef Per Elias Kalfoss m\u00e5tte ta grep og deler av et lagm\u00f8te ble brukt til \u00e5 ta opp \u00abvanskelige ting\u00bb.<\/li>\n<\/ul>\n<p>Vis mer <\/p>\n<p class=\"_paragraph_o9xde_4 _paragraph_xtcu6_10 layout-component text-serif-m layout-normal text-serif-m layout-padded\">For det som skulle v\u00e6re et ordin\u00e6rt lagm\u00f8te foran verdenscupstarten i Ruka sist helg, handlet ogs\u00e5 om at landslagssjef <a href=\"https:\/\/www.vg.no\/tag\/per-elias-kalfoss?utm_source=vg-article&amp;utm_medium=auto-tagger&amp;utm_campaign=pB6LlV\" class=\"_link_o9xde_39\" rel=\"nofollow noopener\" target=\"_blank\">Per Elias Kalfoss<\/a> tok selvkritikk, men ogs\u00e5 hvordna han \u00f8nsket at l\u00f8perne skulle oppf\u00f8re seg.<\/p>\n<p class=\"_paragraph_o9xde_4 _paragraph_xtcu6_10 layout-component text-serif-m layout-normal text-serif-m layout-padded\">\u2013 Som leder for en gruppe som skal prestere, s\u00e5 har du ikke lyst til \u00e5 dra ned stemningen f\u00f8r et skirenn. Men noen ganger m\u00e5 man ta opp ting man synes er vanskelig. Jeg brukte vel et ord som respekt. At jeg synes det er veldig viktig at man har respekt for den jobben alle gj\u00f8r, sier Kalfoss til VG foran sesongens andre og uhyre viktige verdenscuphelg i Trondheimuhyre viktige verdenscuphelg i TrondheimI Trondheim skal langrennseliten g\u00e5 sprint klassisk, 20 kilometer med skibytte og 10 kilometer fristil i intervallstart. Alle disse tre \u00f8velsene er p\u00e5 OL-programmet..<\/p>\n<p><img decoding=\"async\" alt=\"Bilde av Per Elias Kalfoss\" class=\"_image_ygndg_42\" height=\"27\" itemprop=\"image\" loading=\"lazy\"  src=\"https:\/\/www.europesays.com\/no\/wp-content\/uploads\/2025\/12\/d4afd74c-6334-436e-9157-51e7fac4faa2\"  width=\"40\"\/><strong class=\"_name_ygndg_51 title-serif-xs\">Per Elias Kalfoss<\/strong><\/p>\n<p class=\"_paragraph_o9xde_4 text-sans-m _description_ygndg_56\">Landslagssjef langrenn<\/p>\n<p class=\"_paragraph_o9xde_4 _paragraph_xtcu6_10 layout-component text-serif-m layout-normal text-serif-m layout-padded\">Starten p\u00e5 \u00e5rets langrennssesong har med andre ord handlet vel s\u00e5 mye om hva som skjer utenfor som i sporet. <\/p>\n<p class=\"_paragraph_o9xde_4 _paragraph_xtcu6_10 layout-component text-serif-m layout-normal text-serif-m layout-padded\">Kalfoss\u2019 alvorsprat med ut\u00f8vergruppen i Ruka kom i kj\u00f8lvannet etter dager med uttaksbr\u00e5k.<\/p>\n<ul class=\"_list_o9xde_3 _list_xtcu6_9 _unordered_o9xde_106 layout-component text-serif-m layout-normal text-serif-m layout-padded\">\n<li class=\"_item_o9xde_30\">Onsdag kveld forrige uke raste <a href=\"https:\/\/www.vg.no\/sport\/i\/OkbXXV\/emil-iversen-rasende-paa-uttaket-til-verdenscupen-i-ruka-tror-du-er-med-paa-skjult-kamera\" data-track-element-type=\"Link\" data-track-id=\"link:OkbXXV\" class=\"_link_o9xde_39\" rel=\"nofollow noopener\" target=\"_blank\">en vraket Emil Iversen mot ski-ledelsen<\/a>.<\/li>\n<li class=\"_item_o9xde_30\">Torsdag morgen mente Johannes H\u00f8sflot Kl\u00e6bo at landslagsledelsen hadde <a href=\"https:\/\/www.vg.no\/sport\/i\/43jKmo\/klaebo-reagerer-paa-uttak-daarlig-haandverk-av-forbundet\" data-track-element-type=\"Link\" data-track-id=\"link:43jKmo\" class=\"_link_o9xde_39\" rel=\"nofollow noopener\" target=\"_blank\">gjort d\u00e5rlig h\u00e5ndverk i forbindelse med uttaket<\/a>.<\/li>\n<li class=\"_item_o9xde_30\">Torsdag kveld var det lagm\u00f8te \u2013 som utviklet seg til \u00e5 handle om andre ting enn selve idretten.<\/li>\n<\/ul>\n<p class=\"_paragraph_o9xde_4 _paragraph_xtcu6_10 layout-component text-serif-m layout-normal text-serif-m layout-padded\">\u2013 Om det er leger, fysioterapeuter, trenere og ledere. Vi m\u00e5 ha gjensidig respekt. Det f\u00f8ler jeg var veldig greit \u00e5 f\u00e5 sagt noe om, sier Kalfoss.<\/p>\n<p class=\"_paragraph_o9xde_4 _paragraph_xtcu6_10 layout-component text-serif-m layout-normal text-serif-m layout-padded\">Agendaen var egentlig det f\u00f8rste verdenscuprennet for sesongen.<\/p>\n<p class=\"_paragraph_o9xde_4 _paragraph_xtcu6_10 layout-component text-serif-m layout-normal text-serif-m layout-padded\">\u2013 Det er ikke s\u00e5nn at jeg har f\u00e5tt refs, sier Kl\u00e6bo, da VG sp\u00f8r om han har f\u00e5tt noen reaksjoner fra forbundsledelsen.<\/p>\n<p class=\"_paragraph_o9xde_4 _paragraph_xtcu6_10 layout-component text-serif-m layout-normal text-serif-m layout-padded\">Tr\u00f8nderen fortsetter:<\/p>\n<p class=\"_paragraph_o9xde_4 _paragraph_xtcu6_10 layout-component text-serif-m layout-normal text-serif-m layout-padded\">\u2013 Jeg har sagt det jeg mener, jeg st\u00e5r for det. Jeg synes det (uttaket) var spesielt og synes det er tungt at vi f\u00e5r en skeiv startvi f\u00e5r en skeiv startMed skeiv start mener Kl\u00e6bo at landslaget kommer i uheldig fokus for uttaksbr\u00e5k.. S\u00e5 er vi ferdig med den helgen n\u00e5 og de som fortjener det, er p\u00e5 plass her.<\/p>\n<p><img alt=\"NY RENNHELG OG NYE MULIGHETER: For landslagssjef Per Elias Kalfoss (venstre) og Emil Iversen, her torsdag foran verdenscuphelgen i Trondheim.  Foto: Geir Olsen \/ NTB\" class=\"_image_qp4xg_65 layout-component layout-normal\" data-fullscreen- data-track-element-type=\"Article image fullscreen\" data-track-name=\"ImageFullscreen\" decoding=\"async\" loading=\"lazy\" height=\"4048\" itemprop=\"image\"  src=\"https:\/\/www.europesays.com\/no\/wp-content\/uploads\/2025\/12\/afbd3aab-0006-4e5d-88df-3b47345437c7\"  style=\"object-position:0% 0%\" width=\"6080\"\/>NY RENNHELG OG NYE MULIGHETER: For landslagssjef Per Elias Kalfoss (venstre) og Emil Iversen, her torsdag foran verdenscuphelgen i Trondheim.  Foto: Geir Olsen \/ NTB<\/p>\n<p class=\"_paragraph_o9xde_4 _paragraph_xtcu6_10 layout-component text-serif-m layout-normal text-serif-m layout-padded\">Iversen \u2013 som ikke er landslagsl\u00f8per \u2013 har p\u00e5 sin side friplass til de to distansene n\u00e5r verdenscupen n\u00e5 fortsetter i Trondheim. <\/p>\n<p class=\"_paragraph_o9xde_4 _paragraph_xtcu6_10 layout-component text-serif-m layout-normal text-serif-m layout-padded\">Da VG sp\u00f8r hvordan det var \u00e5 m\u00f8te Kalfoss igjen etter en uke med mye kritikk, svarer tr\u00f8nderen slik med et glimt i \u00f8yet:<\/p>\n<p class=\"_paragraph_o9xde_4 _paragraph_xtcu6_10 layout-component text-serif-m layout-normal text-serif-m layout-padded\">\u2013 Vi gjorde opp bak traileren. Vi gikk l\u00f8s p\u00e5 hverandre, s\u00e5 la han meg i bakken og da skj\u00f8nte jeg at det bare er \u00e5 holde kjeft.<\/p>\n<p class=\"_paragraph_o9xde_4 _paragraph_xtcu6_10 layout-component text-serif-m layout-normal text-serif-m layout-padded\">Dette svarte Johannes H\u00f8sflot Kl\u00e6bo om at enkelte russere snart gj\u00f8r retur til verdenscupen:<\/p>\n<p class=\"_paragraph_o9xde_4 _paragraph_xtcu6_10 layout-component text-serif-m layout-normal text-serif-m layout-padded\">Kalfoss sier i hvert fall til VG at han f\u00f8ler ut\u00f8vergruppen tok godt imot budskapet hans.<\/p>\n<p class=\"_paragraph_o9xde_4 _paragraph_xtcu6_10 layout-component text-serif-m layout-normal text-serif-m layout-padded\">\u2013 Vi m\u00e5 v\u00e6re \u00e6rlige og \u00e5pne med hverandre om det vi driver med. Det er fellesskapet som er v\u00e5r styrke. Det er ikke bra om vi holder p\u00e5 med ting som ikke styrker det fellesskapet og da er det viktig \u00e5 si ifra at vi m\u00e5 korrigere retning.<\/p>\n<p class=\"_paragraph_o9xde_4 _paragraph_xtcu6_10 layout-component text-serif-m layout-normal text-serif-m layout-padded\"><strong class=\"_strong_o9xde_25\">\u2013 Du nevner ordet respekt for den jobben som blir gjort alle veier. F\u00f8lte du det var respektl\u00f8st det som ble sagt av Johannes?<\/strong><\/p>\n<p class=\"_paragraph_o9xde_4 _paragraph_xtcu6_10 layout-component text-serif-m layout-normal text-serif-m layout-padded\">\u2013 Det har jeg ikke lyst til \u00e5 kommentere rundt, sier Kalfoss og understreker f\u00f8lgende:<\/p>\n<p class=\"_paragraph_o9xde_4 _paragraph_xtcu6_10 layout-component text-serif-m layout-normal text-serif-m layout-padded\">\u2013  Ingen l\u00f8pere p\u00e5 laget har munnkurv. De m\u00e5 gjerne ytre seg og v\u00e6re uenige. Vi skal ha takh\u00f8yde for det. Det er like mye jeg som m\u00e5 vise respekt for ut\u00f8vere. Jeg tror at hvis vi klarer \u00e5 vise respekt for hverandre, s\u00e5 t\u00e5ler vi at vi er uenige og mener noe annet. Men det er viktig at vi viser den respekten.<\/p>\n<p class=\"_paragraph_o9xde_4 _paragraph_xtcu6_10 layout-component text-serif-m layout-normal text-serif-m layout-padded\">Dette sa Johannes H\u00f8sflot Kl\u00e6bo etter \u00e5 ha havnet langt bak p\u00e5 s\u00f8ndagens fellesstart i Ruka:<\/p>\n<p class=\"_paragraph_o9xde_4 _paragraph_xtcu6_10 layout-component text-serif-m layout-normal text-serif-m layout-padded\">For Kalfoss mener han ikke var helt feilfri selv og nok gikk for langt.<\/p>\n<p class=\"_paragraph_o9xde_4 _paragraph_xtcu6_10 layout-component text-serif-m layout-normal text-serif-m layout-padded\">I et <a href=\"https:\/\/www.nrk.no\/sport\/langrenn_-landslagssjefen-refser-kristine-stavas-skistad_-__ikke-i-trad-med-vare-verdier-1.17669942\" class=\"_link_o9xde_39\" rel=\"nofollow noopener\" target=\"_blank\">NRK<\/a>-intervju f\u00f8r verdenscuprennene i Ruka refset han selv Kristine Stav\u00e5s Skistad for hennes spesielle man\u00f8ver p\u00e5 Beitost\u00f8len for snart to uker siden, <a href=\"https:\/\/www.vg.no\/sport\/i\/vrW6ql\/weng-vant-10-kilometeren-johaug-tror-ikke-paa-skistad-forklaring\" data-track-element-type=\"Link\" data-track-id=\"link:vrW6ql\" class=\"_link_o9xde_39\" rel=\"nofollow noopener\" target=\"_blank\">der ski-stjernen \u00f8nsket \u00e5 f\u00e5 sitt andre gule kort<\/a>.<\/p>\n<p class=\"_paragraph_o9xde_4 _paragraph_xtcu6_10 layout-component text-serif-m layout-normal text-serif-m layout-padded\">Til kanalen sa Kalfoss at det sprint-esset gjorde ikke harmonerte med forbundets verdier.<\/p>\n<p class=\"_paragraph_o9xde_4 _paragraph_xtcu6_10 layout-component text-serif-m layout-normal text-serif-m layout-padded\">\u2013 Jeg synes ikke det er s\u00e5nn jeg skal oppf\u00f8re meg. Overskriften ble mer enn jeg hadde forventet, om at jeg refset henne. Jeg burde kanskje sett den komme, men jeg synes ikke jeg skal refse ut\u00f8vere i mediene. Det er ting vi skal ta internt. S\u00e5 jeg synes vi hadde en fin prat, sier Kalfoss og smiler.<\/p>\n<p><img decoding=\"async\" alt=\"Bilde av Kristine Stav\u00e5s Skistad\" class=\"_image_ygndg_42\" height=\"27\" itemprop=\"image\" loading=\"lazy\"  src=\"https:\/\/www.europesays.com\/no\/wp-content\/uploads\/2025\/12\/4d3f38f4-24d9-45f2-bdb8-052b89afd1aa\"  width=\"40\"\/><strong class=\"_name_ygndg_51 title-serif-xs\">Kristine Stav\u00e5s Skistad<\/strong><\/p>\n<p class=\"_paragraph_o9xde_4 text-sans-m _description_ygndg_56\">Landslagsl\u00f8per langrenn<\/p>\n<p class=\"_paragraph_o9xde_4 _paragraph_xtcu6_10 layout-component text-serif-m layout-normal text-serif-m layout-padded\">Landslagssjefen understreker at det kanskje var han som pratet mest i dialogen med Skistad.<\/p>\n<p class=\"_paragraph_o9xde_4 _paragraph_xtcu6_10 layout-component text-serif-m layout-normal text-serif-m layout-padded\">Skistad svarer slik med antydning til smilerynke da VG sp\u00f8r om Kalfoss\u2019 beklaget.<\/p>\n<p class=\"_paragraph_o9xde_4 _paragraph_xtcu6_10 layout-component text-serif-m layout-normal text-serif-m layout-padded\">\u2013 Jeg tror han var stresset. Han m\u00e5 passe p\u00e5 litt, han m\u00e5 passe p\u00e5 hva han sier, sier hun.<\/p>\n<p class=\"_paragraph_o9xde_4 _paragraph_xtcu6_10 layout-component text-serif-m layout-normal text-serif-m layout-padded\">Kalfoss sier han ikke beklaget, men han var ikke forn\u00f8yd med overskriften han hadde bidratt til i NRK.<\/p>\n<p class=\"_paragraph_o9xde_4 _paragraph_xtcu6_10 layout-component text-serif-m layout-normal text-serif-m layout-padded\"><strong class=\"_strong_o9xde_25\">\u2013 <\/strong>Jeg sa jo i intervjuet at jeg ikke var forn\u00f8yd og ga tydelig uttrykk for det. Det st\u00e5r jeg for. Men jeg synes det ble for hardt. Jeg pratet med Kristine etterp\u00e5 og hun tar det veldig fint og t\u00e5ler den. S\u00e5 det synes jeg er veldig bra.<\/p>\n<p class=\"_paragraph_o9xde_4 _paragraph_xtcu6_10 layout-component text-serif-m layout-normal text-serif-m layout-padded\">Det var en person som gikk lengst i kritikken etter rennhelgen i Ruka.<\/p>\n<p class=\"_paragraph_o9xde_4 _paragraph_xtcu6_10 layout-component text-serif-m layout-normal text-serif-m layout-padded\">Eks-langrennssjef Espen Bjervig gikk til angrep p\u00e5 b\u00e5de Iversen og Kl\u00e6bo.<\/p>\n<p class=\"_paragraph_o9xde_4 _paragraph_xtcu6_10 layout-component text-serif-m layout-normal text-serif-m layout-padded\">Bjervig mente duoen spredte negatitivtet og st\u00f8y, og at tr\u00f8nderne ikke forsto konsekvensen av den kritikken de kom med.<\/p>\n<p class=\"_paragraph_o9xde_4 _paragraph_xtcu6_10 layout-component text-serif-m layout-normal text-serif-m layout-padded\">Da VG sp\u00f8r Kalfoss hva han tenker om Bjervigs kritikk, svarer han slik:<\/p>\n<p class=\"_paragraph_o9xde_4 _paragraph_xtcu6_10 layout-component text-serif-m layout-normal text-serif-m layout-padded\">\u2013 Det har jeg ikke lyst til \u00e5 kommentere. Det m\u00e5 Espen st\u00e5 for selv.<\/p>\n<p class=\"_paragraph_o9xde_4 _paragraph_xtcu6_10 layout-component text-serif-m layout-normal text-serif-m layout-padded\">Da Kl\u00e6bo p\u00e5 torsdagens pressetreff fikk sp\u00f8rsm\u00e5l om han hadde noe \u00e5 si til sin eks-sjef Bjervig, svarte skistjernen slik:<\/p>\n<p class=\"_paragraph_o9xde_4 _paragraph_xtcu6_10 layout-component text-serif-m layout-normal text-serif-m layout-padded\">\u2013 Ingen kommentar p\u00e5 noen som helst m\u00e5te. Der har jeg ingenting \u00e5 si.<\/p>\n<p class=\"_paragraph_o9xde_4 _paragraph_xtcu6_10 layout-component text-serif-m layout-normal text-serif-m layout-padded\"><strong class=\"_strong_o9xde_25\">\u2013 Hvorfor ikke, sp\u00f8r VG.<\/strong><\/p>\n<p class=\"_paragraph_o9xde_4 _paragraph_xtcu6_10 layout-component text-serif-m layout-normal text-serif-m layout-padded\">\u2013 Det gidder jeg ikke \u00e5 bruke tid p\u00e5.<\/p>\n","protected":false},"excerpt":{"rendered":"Det ble kaos f\u00f8r sesongens f\u00f8rste verdenscuprenn i Ruka etter at landslagsledelsen fikk kritikk fra b\u00e5de Emil Iversen&hellip;\n","protected":false},"author":2,"featured_media":104121,"comment_status":"","ping_status":"","sticky":false,"template":"","format":"standard","meta":{"footnotes":""},"categories":[59],"tags":[711,794,398,30,28,29,6877,83,82,399],"class_list":{"0":"post-104120","1":"post","2":"type-post","3":"status-publish","4":"format-standard","5":"has-post-thumbnail","7":"category-sport","8":"tag-johannes-hosflot-klaebo","9":"tag-kristine-stavas-skistad","10":"tag-langrenn","11":"tag-no","12":"tag-norge","13":"tag-norway","14":"tag-per-elias-kalfoss","15":"tag-sport","16":"tag-sports","17":"tag-vintersport"},"share_on_mastodon":{"url":"https:\/\/pubeurope.com\/@no\/115661730405446598","error":""},"_links":{"self":[{"href":"https:\/\/www.europesays.com\/no\/wp-json\/wp\/v2\/posts\/104120","targetHints":{"allow":["GET"]}}],"collection":[{"href":"https:\/\/www.europesays.com\/no\/wp-json\/wp\/v2\/posts"}],"about":[{"href":"https:\/\/www.europesays.com\/no\/wp-json\/wp\/v2\/types\/post"}],"author":[{"embeddable":true,"href":"https:\/\/www.europesays.com\/no\/wp-json\/wp\/v2\/users\/2"}],"replies":[{"embeddable":true,"href":"https:\/\/www.europesays.com\/no\/wp-json\/wp\/v2\/comments?post=104120"}],"version-history":[{"count":0,"href":"https:\/\/www.europesays.com\/no\/wp-json\/wp\/v2\/posts\/104120\/revisions"}],"wp:featuredmedia":[{"embeddable":true,"href":"https:\/\/www.europesays.com\/no\/wp-json\/wp\/v2\/media\/104121"}],"wp:attachment":[{"href":"https:\/\/www.europesays.com\/no\/wp-json\/wp\/v2\/media?parent=104120"}],"wp:term":[{"taxonomy":"category","embeddable":true,"href":"https:\/\/www.europesays.com\/no\/wp-json\/wp\/v2\/categories?post=104120"},{"taxonomy":"post_tag","embeddable":true,"href":"https:\/\/www.europesays.com\/no\/wp-json\/wp\/v2\/tags?post=104120"}],"curies":[{"name":"wp","href":"https:\/\/api.w.org\/{rel}","templated":true}]}}