{"id":104126,"date":"2025-12-04T14:25:09","date_gmt":"2025-12-04T14:25:09","guid":{"rendered":"https:\/\/www.europesays.com\/no\/104126\/"},"modified":"2025-12-04T14:25:09","modified_gmt":"2025-12-04T14:25:09","slug":"amerikansk-klubb-vil-ha-brann-treneren","status":"publish","type":"post","link":"https:\/\/www.europesays.com\/no\/104126\/","title":{"rendered":"Amerikansk klubb vil ha Brann-treneren"},"content":{"rendered":"\n<p class=\"_lead_o9xde_2 _lead_xtcu6_50 layout-component text-serif-m layout-normal text-serif-l layout-component layout-wide layout-padded _wide_17hqh_1 layout-padded\">Freyr Alexandersson (43) bekrefter henvendelser fra MLS.<\/p>\n<p><img alt=\"\u00d8NSKET: Islandske Freyr Alexandersson har gjort seg bemerket i l\u00f8pet av \u00e5ret han har trent Brann. Foto: Paul S. Amundsen \/ NTB\" class=\"_image_qp4xg_65 layout-component layout-wide\" data-fullscreen- data-track-element-type=\"Article image fullscreen\" data-track-name=\"ImageFullscreen\" fetchpriority=\"high\" decoding=\"sync\" loading=\"eager\" height=\"4972\" itemprop=\"image\"  src=\"https:\/\/www.europesays.com\/no\/wp-content\/uploads\/2025\/12\/13cf2cde-4fd0-487a-af90-c5e3a576305b\"  style=\"object-position:0% 0%\" width=\"7454\"\/>\u00d8NSKET: Islandske Freyr Alexandersson har gjort seg bemerket i l\u00f8pet av \u00e5ret han har trent Brann. Foto: Paul S. Amundsen \/ NTB<\/p>\n<ul aria-hidden=\"true\" class=\"_images_1uft6_111\">\n<li><a class=\"_link_1uft6_116\" href=\"https:\/\/www.vg.no\/forfatter\/yasmin-sunde-hoel\" style=\"z-index:1\" title=\"Yasmin Sunde Hoel\" rel=\"nofollow noopener\" target=\"_blank\"><img alt=\"Bilde av Yasmin Sunde Hoel\" class=\"_image_1uft6_93\" fetchpriority=\"low\" loading=\"lazy\" decoding=\"async\" itemprop=\"image\"  src=\"https:\/\/www.europesays.com\/no\/wp-content\/uploads\/2025\/12\/9b0968a4-bfc7-4456-a6f4-b0a569ad0436\"  width=\"480\"\/><\/a><\/li>\n<\/ul>\n<p> Oppdatert torsdag 4. desember kl. 15:02     <\/p>\n<p class=\"_paragraph_o9xde_4 _paragraph_xtcu6_10 layout-component text-serif-m layout-normal text-serif-m layout-padded\">Brann-trener <a href=\"https:\/\/www.vg.no\/tag\/freyr-alexandersson?utm_source=vg-article&amp;utm_medium=auto-tagger&amp;utm_campaign=43dq4R\" class=\"_link_o9xde_39\" rel=\"nofollow noopener\" target=\"_blank\">Freyr Alexandersson<\/a> er \u00f8nsket av en amerikansk fotballklubb i Major League Soccer (MLS). Dette melder <a href=\"https:\/\/www.bt.no\/sport\/ballspark\/i\/gkP7j1\/freyr-alexandersson-er-oensket-i-mls\" class=\"_link_o9xde_39\" rel=\"nofollow noopener\" target=\"_blank\">Bergens Tidende<\/a>.<\/p>\n<p class=\"_paragraph_o9xde_4 _paragraph_xtcu6_10 layout-component text-serif-m layout-normal text-serif-m layout-padded\">\u2013 Det har v\u00e6rt henvendelser fra blant annet MLS, bekrefter Freyr Alexandersson overfor BT torsdag ettermiddag.<\/p>\n<p class=\"_paragraph_o9xde_4 _paragraph_xtcu6_10 layout-component text-serif-m layout-normal text-serif-m layout-padded\">Han \u00f8nsker ikke \u00e5 g\u00e5 i detaljer om hvilken klubb som er interessert eller hvor langt samtalene har kommet, men avviser at det er noe som er aktuelt. <\/p>\n<p class=\"_paragraph_o9xde_4 _paragraph_xtcu6_10 layout-component text-serif-m layout-normal text-serif-m layout-padded\">\u2013 Jeg har avvist alle henvendelser, sier Alexandersson til BT.<\/p>\n<p class=\"_paragraph_o9xde_4 _paragraph_xtcu6_10 layout-component text-serif-m layout-normal text-serif-m layout-padded\">Brann har gjort det godt under islendingens ledelse. Alexandersson kan lede Brann videre fra seriespillet i Europa League. Laget endte som nummer fire i \u00e5rets eliteserie. <\/p>\n<p class=\"_paragraph_o9xde_4 _paragraph_xtcu6_10 layout-component text-serif-m layout-normal text-serif-m layout-padded\">Det er snart ett \u00e5r siden han tok over Brann, etter at Eirik Horneland forlot klubben til fordel for franske Saint-\u00c9tienne.<\/p>\n","protected":false},"excerpt":{"rendered":"Freyr Alexandersson (43) bekrefter henvendelser fra MLS. \u00d8NSKET: Islandske Freyr Alexandersson har gjort seg bemerket i l\u00f8pet av&hellip;\n","protected":false},"author":2,"featured_media":104127,"comment_status":"","ping_status":"","sticky":false,"template":"","format":"standard","meta":{"footnotes":""},"categories":[59],"tags":[367,134,1826,30,28,29,83,82,46],"class_list":{"0":"post-104126","1":"post","2":"type-post","3":"status-publish","4":"format-standard","5":"has-post-thumbnail","7":"category-sport","8":"tag-brann","9":"tag-eliteserien","10":"tag-freyr-alexandersson","11":"tag-no","12":"tag-norge","13":"tag-norway","14":"tag-sport","15":"tag-sports","16":"tag-vgai"},"share_on_mastodon":{"url":"https:\/\/pubeurope.com\/@no\/115661761651430237","error":""},"_links":{"self":[{"href":"https:\/\/www.europesays.com\/no\/wp-json\/wp\/v2\/posts\/104126","targetHints":{"allow":["GET"]}}],"collection":[{"href":"https:\/\/www.europesays.com\/no\/wp-json\/wp\/v2\/posts"}],"about":[{"href":"https:\/\/www.europesays.com\/no\/wp-json\/wp\/v2\/types\/post"}],"author":[{"embeddable":true,"href":"https:\/\/www.europesays.com\/no\/wp-json\/wp\/v2\/users\/2"}],"replies":[{"embeddable":true,"href":"https:\/\/www.europesays.com\/no\/wp-json\/wp\/v2\/comments?post=104126"}],"version-history":[{"count":0,"href":"https:\/\/www.europesays.com\/no\/wp-json\/wp\/v2\/posts\/104126\/revisions"}],"wp:featuredmedia":[{"embeddable":true,"href":"https:\/\/www.europesays.com\/no\/wp-json\/wp\/v2\/media\/104127"}],"wp:attachment":[{"href":"https:\/\/www.europesays.com\/no\/wp-json\/wp\/v2\/media?parent=104126"}],"wp:term":[{"taxonomy":"category","embeddable":true,"href":"https:\/\/www.europesays.com\/no\/wp-json\/wp\/v2\/categories?post=104126"},{"taxonomy":"post_tag","embeddable":true,"href":"https:\/\/www.europesays.com\/no\/wp-json\/wp\/v2\/tags?post=104126"}],"curies":[{"name":"wp","href":"https:\/\/api.w.org\/{rel}","templated":true}]}}