{"id":104180,"date":"2025-12-04T15:37:14","date_gmt":"2025-12-04T15:37:14","guid":{"rendered":"https:\/\/www.europesays.com\/no\/104180\/"},"modified":"2025-12-04T15:37:14","modified_gmt":"2025-12-04T15:37:14","slug":"inhabilitet-agder-veisjefen-fratrer-etter-rolleblanding","status":"publish","type":"post","link":"https:\/\/www.europesays.com\/no\/104180\/","title":{"rendered":"Inhabilitet, Agder | Veisjefen fratrer etter rolleblanding"},"content":{"rendered":"\n<p>Partene har kommet frem til det som beskrives som en \u00abminnelig l\u00f8sning\u00bb, heter det i en pressemelding fra Agder fylkeskommune if\u00f8lge Avisa Kristiansand.<\/p>\n<p>Samferdselsdirekt\u00f8r Ola Olsbu jobbet i flere m\u00e5neder for en ny industrivei i Arendal samtidig som han forhandlet om salg av egen tomt i n\u00e6rheten, skrev NRK 1. desember.<\/p>\n<p>22. september 2021 erkl\u00e6rte han seg inhabil. Han fikk 11,8 millioner kroner da deler av tomten ble solgt samme \u00e5r. I forbindelse med avsl\u00f8ringen er det gjennomf\u00f8rt en ekstern vurdering av saken, og fylkeskommunedirekt\u00f8r Tine Sundtoft sier n\u00e5 at Olsbu ikke har tilliten han trenger i stillingen lenger.<\/p>\n<p>Ola Olsbu g\u00e5r over i en r\u00e5dgiverstilling fram til 31. mai.<\/p>\n","protected":false},"excerpt":{"rendered":"Partene har kommet frem til det som beskrives som en \u00abminnelig l\u00f8sning\u00bb, heter det i en pressemelding fra&hellip;\n","protected":false},"author":2,"featured_media":7879,"comment_status":"","ping_status":"","sticky":false,"template":"","format":"standard","meta":{"footnotes":""},"categories":[10],"tags":[1309,3755,36,20,21,24,25,15,13093,22,23,13,30,28,29,14,16,1510,26,27],"class_list":{"0":"post-104180","1":"post","2":"type-post","3":"status-publish","4":"format-standard","5":"has-post-thumbnail","7":"category-norge","8":"tag-agder","9":"tag-agder-fylkeskommune","10":"tag-art","11":"tag-breaking-news","12":"tag-breakingnews","13":"tag-featured-news","14":"tag-featurednews","15":"tag-headlines","16":"tag-inhabilitet","17":"tag-latest-news","18":"tag-latestnews","19":"tag-news","20":"tag-no","21":"tag-norge","22":"tag-norway","23":"tag-nyheter","24":"tag-overskrifter","25":"tag-story","26":"tag-top-stories","27":"tag-topstories"},"share_on_mastodon":{"url":"https:\/\/pubeurope.com\/@no\/115662044770220530","error":""},"_links":{"self":[{"href":"https:\/\/www.europesays.com\/no\/wp-json\/wp\/v2\/posts\/104180","targetHints":{"allow":["GET"]}}],"collection":[{"href":"https:\/\/www.europesays.com\/no\/wp-json\/wp\/v2\/posts"}],"about":[{"href":"https:\/\/www.europesays.com\/no\/wp-json\/wp\/v2\/types\/post"}],"author":[{"embeddable":true,"href":"https:\/\/www.europesays.com\/no\/wp-json\/wp\/v2\/users\/2"}],"replies":[{"embeddable":true,"href":"https:\/\/www.europesays.com\/no\/wp-json\/wp\/v2\/comments?post=104180"}],"version-history":[{"count":0,"href":"https:\/\/www.europesays.com\/no\/wp-json\/wp\/v2\/posts\/104180\/revisions"}],"wp:featuredmedia":[{"embeddable":true,"href":"https:\/\/www.europesays.com\/no\/wp-json\/wp\/v2\/media\/7879"}],"wp:attachment":[{"href":"https:\/\/www.europesays.com\/no\/wp-json\/wp\/v2\/media?parent=104180"}],"wp:term":[{"taxonomy":"category","embeddable":true,"href":"https:\/\/www.europesays.com\/no\/wp-json\/wp\/v2\/categories?post=104180"},{"taxonomy":"post_tag","embeddable":true,"href":"https:\/\/www.europesays.com\/no\/wp-json\/wp\/v2\/tags?post=104180"}],"curies":[{"name":"wp","href":"https:\/\/api.w.org\/{rel}","templated":true}]}}