{"id":104187,"date":"2025-12-04T16:06:28","date_gmt":"2025-12-04T16:06:28","guid":{"rendered":"https:\/\/www.europesays.com\/no\/104187\/"},"modified":"2025-12-04T16:06:28","modified_gmt":"2025-12-04T16:06:28","slug":"skattelister-vefsn-det-bor-en-skattesnoker-i-oss-alle-men-det-er-ikke-derfor-vi-publiserer","status":"publish","type":"post","link":"https:\/\/www.europesays.com\/no\/104187\/","title":{"rendered":"Skattelister, Vefsn | Det bor en skattesnoker i oss alle \u2013 men det er ikke derfor vi publiserer"},"content":{"rendered":"\n<p><b>Det er like greit \u00e5 v\u00e6re \u00e6rlig f\u00f8rst som sist: <\/b>Offentliggj\u00f8ringen av skattelistene er som julekvelden og nytt\u00e5rsaften p\u00e5 en gang b\u00e5de for oss i Helgelendingen og for det \u00f8vrige avis-Norge. I hvert fall m\u00e5lt i antall lesere og abonnementssalg. S\u00f8ylene p\u00e5 dashbordene som m\u00e5ler trafikk p\u00e5 nettsiden lyser irr gr\u00f8nt fra tidlig om morgenen til sent p\u00e5 kvelden. I redaksjonen snur vi oss rundt og legger alle kluter til for \u00e5 f\u00e5 mest mulig ut av denne store dagen. Med offentliggj\u00f8ring av navnene p\u00e5 de som tjente mest, og egne lister fordelt p\u00e5 alder, yrker, kj\u00f8nn og bostedskommuner. Litt senere p\u00e5 dagene bretter vi ut lerretet, med intervjuer og reportasjer med folk som har f\u00e5tt b\u00e5de navn og inntekt eksponert for all verden i avisa.<\/p>\n<p>  <a href=\"https:\/\/www.helg.no\/5-24-1118469\" class=\"related-teaser has-image default-story-teaser article--c-eRUmMG article--c-eRUmMG-jKCPdD-design-default\" rel=\"nofollow noopener\" target=\"_blank\"><\/p>\n<p>    <img decoding=\"async\" loading=\"lazy\"  src=\"https:\/\/www.europesays.com\/no\/wp-content\/uploads\/2025\/12\/Fritidssentret+Tone+Holmen+2.jpg\" alt=\"\" class=\"brick-c-cFOWSL\" style=\"\"\/><\/p>\n<p>\n            Les ogs\u00e5<\/p>\n<p>              \u00c5rets skattelister er klare og i Vefsn er det en ny person som topper inntektslista\n        <\/p>\n<p>  <\/a><\/p>\n<p><b>Vi skal v\u00e6re de siste til \u00e5 p\u00e5st\u00e5 <\/b>at bak denne enorme leserinteressen ligger det mer h\u00f8yverdige grunner enn en god porsjon nysgjerrighet, gjerne ispedd litt misunnelse og en dose ektef\u00f8lt indignasjon. Er det rett og rimelig at kollegaen min tjener s\u00e5 mye mer enn meg? Naboen min arvet masse penger i fjor, hvorfor har hun ikke betalt en krone i skatt? Men ogs\u00e5 beundring og fascinasjon over at noen lykkes, som gr\u00fcndere, n\u00e6ringslivstopper \u2013 eller butikkansatte, for den saks skyld.<\/p>\n<p><b>Det er ikke s\u00e5 rart at kritikken<\/b> mot offentliggj\u00f8ringen av skattelistene hagler mot avisene fra \u00e5r til \u00e5r. Dette er ikke annet enn snoking i folks privatliv, h\u00f8rer vi igjen og igjen. I mange andre land er l\u00f8nn og formue regnet som et h\u00f8yst privat anliggende, en strengt bevoktet hemmelighet som ingen andre har noe med, bortsett fra sjefen din og skatteetaten.<\/p>\n<p><b>S\u00e5 hvorfor i all verden skal vi fortsette med dette?<\/b><\/p>\n<p><b>Svaret er \u00e5penlyst, sett med demokratiske briller.<\/b> Knapt noen andre land p\u00e5 den vestlige halvkule har et tilsvarende samfunn som \u00abden norske velferdsmodellen\u00bb. Et samfunn hvor det (fortsatt) r\u00e5der stor enighet om at alle skal bidra til fellesskapets l\u00f8sninger og behov, og at man skal bidra etter evne. Enten det gjelder skole, veier, sykehus eller eldreomsorg. Sp\u00f8rsm\u00e5let som skiller partiene, langs hele den politiske aksen fra R\u00f8dt til Frp, er hvor mye mer (eller mindre) man skal bidra i form av skatter og avgifter til stat, fylke og kommune. Prinsippet om at byrden skal fordeles, ligger fast. Det man ikke kan bli enig om, er hva som regnes som rettferdig fordeling.<\/p>\n<p><b>Skattesystemet vi har i Norge er ingen selvf\u00f8lge.<\/b> Det har tatt generasjoner \u00e5 bygge opp, men det kan falle sammen som et korthus hvis tilliten forvitrer. For at folk skal ha tillit, m\u00e5 de ha kunnskap. Og det er her vi i avisa kommer inn. Vi kan organisere, sortere og systematisere, og fortelle de personlige historiene og reaksjonene som f\u00e5r fram b\u00e5de oppsiden og nedsiden av det norske skattesystemet. Slik at leserne kan gj\u00f8re sine egne vurderinger om hva som er rett og galt og rimelig fordeling av goder og byrder. Noe som i neste omgang styrker grunnpilaren i den norske velferdsmodellen og fellesskapsl\u00f8sningene som vi alle er avhengige av skal fungere.<\/p>\n<p>            Dette betyr skattelistene<\/p>\n<p>Tallene som st\u00e5r i \u00e5rets skattelistene n\u00e6rmer seg \u00e5 v\u00e6re ett \u00e5r gamle.<\/p>\n<p><b>Inntekt:<\/b><\/p>\n<p>Inntekten som fremkommer i skattelistene, er det som p\u00e5 skattespr\u00e5ket kalles for alminnelig inntekt. Det vil si l\u00f8nnsinntekt og alle andre skattepliktige inntekter \u2013 minus alle fradrag i inntekt.<\/p>\n<p>P\u00e5 grunn av fradragene som \u00aballe\u00bb f\u00e5r, er l\u00f8nnsinntekten og andre inntekter ofte vesentlig h\u00f8yere enn det som fremkommer i skattelistene.<\/p>\n<p><b>Formue:<\/b><\/p>\n<p>Formue er ikke det samme som rene penger. Det vesentligste av en formue kan v\u00e6re verdiene i en bedrift. Den kan best\u00e5 av lite omsettelige eiendeler, som maskiner, varelagre og tekniske installasjoner.<\/p>\n<p>Det finnes ingen fasit for hvor stor formue en privatperson har. Kapitals liste over landets 400 rikeste personer lages ved hjelp av en beregning av ansl\u00e5tte verdier.<\/p>\n<p><b>Skatt:<\/b><\/p>\n<p>Dette er samlet utlignet skatt for inntekts\u00e5ret 2024.<\/p>\n<p>Det er summen av all skatt som er betalt i l\u00f8pet av fjor\u00e5ret. All bruttoskatt, skatt p\u00e5 alminnelig inntekt, formuesskatt og all annen skatt.<\/p>\n<p>V\u00e6r oppmerksom p\u00e5 at tallene ikke n\u00f8dvendigvis er endelige. For eksempel vil tallene kunne bli endret blant annet som f\u00f8lge av klage p\u00e5 fastsettingen.<\/p>\n<p><b>For all del: Journalistikken v\u00e5r er ingen vitenskapelig forskning. <\/b>Til det har vi heldigvis forskere, som pressen ogs\u00e5 skriver om n\u00e5r de publiserer sine funn. Og her kommer den d\u00e5rlige nyheten: <a href=\"https:\/\/www.nrk.no\/norge\/de-rikeste-rykker-fra-i-norge-1.17380808\" rel=\"Follow nofollow noopener\" target=\"_blank\">Ulikheten i Norge har aldri v\u00e6rt st\u00f8rre. <\/a>Eller mer korrekt: Vi m\u00e5 over 100 \u00e5r tilbake i tid, n\u00e6rmere bestemt til 1912, for \u00e5 finne tilsvarende skjevfordeling i formue som i Norge anno 2025. I dag eier \u00e9n prosent av landets innbyggere &#8211; noe som tilsvarer om lag 47.000 personer &#8211; 25 prosent av all nettoformue. Vi havner p\u00e5 andreplass i Europa, i feil ende av ulikhets-skalaen. N\u00e5r det gjelder forskjeller i l\u00f8nnsinntekt, s\u00e5 er bildet litt annerledes. Her ligger vi midt p\u00e5 treet sammenliknet med andre vestlige land. Men ideen om det s\u00e6rnorske likhetssamfunnet har for lengst sl\u00e5tt sprekker.<\/p>\n<p><b>\u00c5penhet og kunnskap bygger tillit. <\/b>Det er derfor vi lager journalistikk om skattelistene. Og s\u00e5 er vi ikke mindre naive enn at vi skj\u00f8nner at dette ogs\u00e5 trigger lesernes nysgjerrighet om hvem som tjener hva, hvor mye skatt de betaler og formue de eier, uten at det ligger s\u00e5 mye annet bak. Prinsippet om \u00e5penhet gjelder selvsagt ogs\u00e5 for oss som jobber i avisa. S\u00e5 her er lista over de som tjente mest og minst i Helgelendingen i \u00e5ret som gikk. (Nesten) helt p\u00e5 topp ligger undertegnede sjefredakt\u00f8r og daglig leder for avisa.<\/p>\n<p><b>Rettferdig? Se det er en helt annen sak, som i hvert fall ikke jeg skal ha noen mening om. <\/b><\/p>\n<p><b>God forn\u00f8yelse! <\/b><\/p>\n<p>(ps. Arveavgiften ble fjernet i 2014 av Erna Solberg-regjeringen, og var uansett ikke synlig p\u00e5 skattelistene)<\/p>\n<p>  <a href=\"https:\/\/www.helg.no\/5-24-1119056\" class=\"related-teaser has-image default-story-teaser article--c-eRUmMG article--c-eRUmMG-jKCPdD-design-default\" rel=\"nofollow noopener\" target=\"_blank\"><\/p>\n<p>    <img decoding=\"async\" loading=\"lazy\"  src=\"https:\/\/www.europesays.com\/no\/wp-content\/uploads\/2025\/12\/Eirin+Kvandal+2025+VM+kvalifisering+2+NYTT.jpg\" alt=\"\" class=\"brick-c-cFOWSL\" style=\"\"\/><\/p>\n<p>\n            Les ogs\u00e5<\/p>\n<p>              Eirin er gjeldfri og forn\u00f8yd: \u2013 Det gjelder \u00e5 prestere\n        <\/p>\n<p>  <\/a><\/p>\n<p>  <a href=\"https:\/\/www.helg.no\/5-24-1119052\" class=\"related-teaser has-image default-story-teaser article--c-eRUmMG article--c-eRUmMG-jKCPdD-design-default\" rel=\"nofollow noopener\" target=\"_blank\"><\/p>\n<p>    <img decoding=\"async\" loading=\"lazy\"  src=\"https:\/\/www.europesays.com\/no\/wp-content\/uploads\/2025\/12\/Fritidssentret+Tone+Holmen+6.jpg\" alt=\"\" class=\"brick-c-cFOWSL\" style=\"\"\/><\/p>\n<p>\n            Les ogs\u00e5<\/p>\n<p>              Tone (53) topper lista i Mosj\u00f8en: \u2013 Blir garantert ikke \u00f8verst neste \u00e5r\n        <\/p>\n<p>  <\/a><\/p>\n<p>  <a href=\"https:\/\/www.helg.no\/5-24-1118466\" class=\"related-teaser has-image default-story-teaser article--c-eRUmMG article--c-eRUmMG-jKCPdD-design-default\" rel=\"nofollow noopener\" target=\"_blank\"><\/p>\n<p>    <img decoding=\"async\" loading=\"lazy\"  src=\"https:\/\/www.europesays.com\/no\/wp-content\/uploads\/2025\/12\/MIL+Fotball+2025+Seriekamp+mot+Junkeren+2+2+Martinus+Gunnarsen+og+Marcus+Gunnarsen+er+usikker+p%C3%A.jpeg\" alt=\"\" class=\"brick-c-cFOWSL\" style=\"\"\/><\/p>\n<p>\n            Les ogs\u00e5<\/p>\n<p>              Marcus og Martinus topper lista i Grane\n        <\/p>\n<p>  <\/a><\/p>\n<p>  <a href=\"https:\/\/www.helg.no\/5-24-1118463\" class=\"related-teaser has-image default-story-teaser article--c-eRUmMG article--c-eRUmMG-jKCPdD-design-default\" rel=\"nofollow noopener\" target=\"_blank\"><\/p>\n<p>    <img decoding=\"async\" loading=\"lazy\"  src=\"https:\/\/www.europesays.com\/no\/wp-content\/uploads\/2025\/12\/LJN-1-39.jpg\" alt=\"\" class=\"brick-c-cFOWSL\" style=\"\"\/><\/p>\n<p>\n            Les ogs\u00e5<\/p>\n<p>              Eskil p\u00e5 inntektstoppen i Hattfjelldal \u2013 Bj\u00f8rn har st\u00f8rst formue\n        <\/p>\n<p>  <\/a><\/p>\n<p>  <a href=\"https:\/\/www.helg.no\/5-24-1118268\" class=\"related-teaser has-image default-story-teaser article--c-eRUmMG article--c-eRUmMG-jKCPdD-design-default\" rel=\"nofollow noopener\" target=\"_blank\"><\/p>\n<p>    <img decoding=\"async\" loading=\"lazy\"  src=\"https:\/\/www.europesays.com\/no\/wp-content\/uploads\/2025\/12\/DSC_5806.jpg\" alt=\"\" class=\"brick-c-cFOWSL\" style=\"\"\/><\/p>\n<p>\n            Les ogs\u00e5<\/p>\n<p>              Hans (35) lever godt med \u00e5 ha en helt vanlig jobb med ei helt vanlig l\u00f8nn: \u2013 Synes jeg har det fint\n        <\/p>\n<p>  <\/a><\/p>\n<p>  <a href=\"https:\/\/www.helg.no\/5-24-1119021\" class=\"related-teaser default-story-teaser article--c-eRUmMG article--c-eRUmMG-jKCPdD-design-default article--c-eRUmMG-kpKLOW-cv\" rel=\"nofollow noopener\" target=\"_blank\"><\/p>\n<p>\n            Les ogs\u00e5<\/p>\n<p>              Slik sjekker du skattelistene og ser hvem som snoket p\u00e5 deg\n        <\/p>\n<p>  <\/a><\/p>\n","protected":false},"excerpt":{"rendered":"Det er like greit \u00e5 v\u00e6re \u00e6rlig f\u00f8rst som sist: Offentliggj\u00f8ringen av skattelistene er som julekvelden og nytt\u00e5rsaften&hellip;\n","protected":false},"author":2,"featured_media":104188,"comment_status":"","ping_status":"","sticky":false,"template":"","format":"standard","meta":{"footnotes":""},"categories":[5],"tags":[2486,36,20,21,24,25,15,19,22,23,246,17,18,156,13,30,28,29,14,1533,16,41,12944,26,27,1203],"class_list":{"0":"post-104187","1":"post","2":"type-post","3":"status-publish","4":"format-standard","5":"has-post-thumbnail","7":"category-overskrifter","8":"tag-alstahaug","9":"tag-art","10":"tag-breaking-news","11":"tag-breakingnews","12":"tag-featured-news","13":"tag-featurednews","14":"tag-headlines","15":"tag-hovedoppslag","16":"tag-latest-news","17":"tag-latestnews","18":"tag-leder","19":"tag-main-news","20":"tag-mainnews","21":"tag-meninger","22":"tag-news","23":"tag-no","24":"tag-norge","25":"tag-norway","26":"tag-nyheter","27":"tag-opinion","28":"tag-overskrifter","29":"tag-politikk","30":"tag-skattelister","31":"tag-top-stories","32":"tag-topstories","33":"tag-vefsn"},"share_on_mastodon":{"url":"https:\/\/pubeurope.com\/@no\/115662159007981280","error":""},"_links":{"self":[{"href":"https:\/\/www.europesays.com\/no\/wp-json\/wp\/v2\/posts\/104187","targetHints":{"allow":["GET"]}}],"collection":[{"href":"https:\/\/www.europesays.com\/no\/wp-json\/wp\/v2\/posts"}],"about":[{"href":"https:\/\/www.europesays.com\/no\/wp-json\/wp\/v2\/types\/post"}],"author":[{"embeddable":true,"href":"https:\/\/www.europesays.com\/no\/wp-json\/wp\/v2\/users\/2"}],"replies":[{"embeddable":true,"href":"https:\/\/www.europesays.com\/no\/wp-json\/wp\/v2\/comments?post=104187"}],"version-history":[{"count":0,"href":"https:\/\/www.europesays.com\/no\/wp-json\/wp\/v2\/posts\/104187\/revisions"}],"wp:featuredmedia":[{"embeddable":true,"href":"https:\/\/www.europesays.com\/no\/wp-json\/wp\/v2\/media\/104188"}],"wp:attachment":[{"href":"https:\/\/www.europesays.com\/no\/wp-json\/wp\/v2\/media?parent=104187"}],"wp:term":[{"taxonomy":"category","embeddable":true,"href":"https:\/\/www.europesays.com\/no\/wp-json\/wp\/v2\/categories?post=104187"},{"taxonomy":"post_tag","embeddable":true,"href":"https:\/\/www.europesays.com\/no\/wp-json\/wp\/v2\/tags?post=104187"}],"curies":[{"name":"wp","href":"https:\/\/api.w.org\/{rel}","templated":true}]}}