{"id":104193,"date":"2025-12-04T16:10:16","date_gmt":"2025-12-04T16:10:16","guid":{"rendered":"https:\/\/www.europesays.com\/no\/104193\/"},"modified":"2025-12-04T16:10:16","modified_gmt":"2025-12-04T16:10:16","slug":"tok-sveaas-i-handen-pa-theatercafeen-e24","status":"publish","type":"post","link":"https:\/\/www.europesays.com\/no\/104193\/","title":{"rendered":"Tok Sveaas i h\u00e5nden p\u00e5 Theatercaf\u00e9en \u2013 E24"},"content":{"rendered":"<p class=\"fullWidthDesktop hyperion-css-71ztg2\" data-test-tag=\"lead-text\">De to kamphanene Kjell Inge R\u00f8kke og Christen Sveaas m\u00f8ttes p\u00e5 restaurant ved en tilfeldighet. <\/p>\n<p>Publisert: <\/p>\n<p>For mindre enn 3 timer siden<\/p>\n<p>Oppdatert for mindre enn 20 minutter siden<\/p>\n<p>Kortversjonen<\/p>\n<ul class=\"hyperion-css-pkq1ci\" data-test-tag=\"list\">\n<li class=\"hyperion-css-12h2ush\">Kjell Inge R\u00f8kke og Christen Sveaas m\u00f8ttes tilfeldig p\u00e5 Theatercaf\u00e9en, fortalte R\u00f8kke etter \u00e5 ha vitnet i Oslo tingrett.<\/li>\n<li class=\"hyperion-css-12h2ush\">De to milliard\u00e6rer er motparten i en maratonrettssak i Oslo tingrett etter et s\u00f8ksm\u00e5l fra Sveaas\u2019 investeringsselskap. <\/li>\n<li class=\"hyperion-css-12h2ush\">R\u00f8kke avviser \u00e5 flytte tilbake til Norge og fortalte at han har minimal kontakt med \u00d8ystein Stray Spetalen, som har ogs\u00e5 har meldt flytting til Sveits. <\/li>\n<\/ul>\n<p class=\"hyperion-css-10lbhat\">Oppsummeringen er laget av AI-verkt\u00f8yet ChatGPT og kvalitetssikret av E24s journalister<\/p>\n<p>Vis mer <\/p>\n<ul class=\"hyperion-css-pte5x0\">\n<li aria-label=\"link\" class=\"narrow-button hyperion-css-1sz7d3n\">Kopier lenke<\/li>\n<li aria-label=\"link\" class=\"wide-button hyperion-css-1sz7d3n\">Kopier lenke<\/li>\n<li aria-label=\"facebook\" class=\"narrow-button hyperion-css-1sz7d3n\">Del p\u00e5 Facebook<\/li>\n<li aria-label=\"facebook\" class=\"wide-button hyperion-css-1sz7d3n\">Del p\u00e5 Facebook<\/li>\n<li aria-label=\"email\" class=\"narrow-button hyperion-css-1sz7d3n\">Del med e-post<\/li>\n<li aria-label=\"email\" class=\"wide-button hyperion-css-1sz7d3n\">Del med e-post<\/li>\n<\/ul>\n<p class=\"hyperion-css-1lemvax\">R\u00f8kke og Sveaas har barket sammen i Oslo tingrett, og de to leirene har sendt harde anklager i hverandres retninger. <\/p>\n<p class=\"hyperion-css-1lemvax\">Torsdag m\u00f8tte Aker-eier R\u00f8kke i maratonrettssaken mellom Kistefos og Aker for \u00e5 vitne i saken. <\/p>\n<p class=\"hyperion-css-1lemvax\">Etter rettssaken tok R\u00f8kke seg tid til \u00e5 ta sp\u00f8rsm\u00e5l journalister. <\/p>\n<p class=\"hyperion-css-1lemvax\">\u2013 Jeg m\u00f8tte han tilfeldigvis p\u00e5 Theatercaf\u00e9en, svarte R\u00f8kke p\u00e5 E24s sp\u00f8rsm\u00e5l om han har m\u00f8tt Sveaas nylig. <\/p>\n<p class=\"hyperion-css-1lemvax\">\u2013 Tok dere hverandre i h\u00e5nden? <\/p>\n<p class=\"hyperion-css-1lemvax\">\u2013 Ja, det gjorde vi faktisk. <\/p>\n<p class=\"hyperion-css-1lemvax\">\u2013 Hva snakket dere om?<\/p>\n<p class=\"hyperion-css-1lemvax\">\u2013 Det kan du sp\u00f8rre han om, sier R\u00f8kke og ler. <\/p>\n<p><img decoding=\"async\" class=\"image-asset hyperion-css-u06ts1\" data-test-tag=\"image-asset\" src=\"https:\/\/www.europesays.com\/no\/wp-content\/uploads\/2025\/12\/db4aaae2-bd03-42a8-8640-2d055e2c051e\"  alt=\"\u2013 Hehehe. Det var vel jeg som tok ham i h\u00e5nden, skriver Sveaas n\u00e5r E24 tar kontakt med ham.\"  loading=\"eager\" fetchpriority=\"high\" style=\"aspect-ratio:1900 \/ 1267\"\/>\u2013 Hehehe. Det var vel jeg som tok ham i h\u00e5nden, skriver Sveaas n\u00e5r E24 tar kontakt med ham. Foto: Skjalg B\u00f8hmer Vold<\/p>\n<p class=\"hyperion-css-1lemvax\">\u2013 Hehehe. Det var vel jeg som tok ham i h\u00e5nden, skriver Sveaas n\u00e5r E24 tar kontakt.<\/p>\n<p class=\"hyperion-css-1lemvax\">Han forteller at R\u00f8kke og ham selv \u00abhar et muntert forhold\u00bb.<\/p>\n<p class=\"hyperion-css-1lemvax\">\u2013 Vi er ikke uvenner. Advokatene v\u00e5re krangler og vi er uenige, det er helt fint!<\/p>\n<p class=\"hyperion-css-1lemvax\">\u2013 R\u00f8kke sier hele s\u00f8ksm\u00e5let er basert p\u00e5 l\u00f8gn?<\/p>\n<p class=\"hyperion-css-1lemvax\">\u2013 Dette f\u00e5r dommeren avgj\u00f8re, svarer Sveaas.<\/p>\n<p class=\"hyperion-css-1lemvax\">P\u00e5 sp\u00f8rsm\u00e5l om Sveaas ellers har noe \u00e5 si til R\u00f8kke, sier han:<\/p>\n<p class=\"hyperion-css-1lemvax\">\u2013 God f\u00f8rjulstid!<\/p>\n<p><a data-test-tag=\"teaser-small:link-internal\" href=\"https:\/\/e24.no\/boers-og-finans\/i\/M7wyXm\/cirkus-roekke\" class=\"imagePosition-top inline hyperion-css-6238vu\" rel=\"nofollow noopener\" target=\"\" aria-label=\"Cirkus R\u00f8kke\"><\/p>\n<p>Les p\u00e5 E24+<\/p>\n<p>Cirkus R\u00f8kke<\/p>\n<p><\/a><\/p>\n<p class=\"hyperion-css-1lemvax\">Enkelt forklart handler saken om at milliard\u00e6r Christen Sveaas mener seg grovt forskjellsbehandlet til fordel for R\u00f8kkes industrikonsern Aker i forbindelse med en stor finansiell endring i rederiet Solstad Offshore i 2023.<\/p>\n<p class=\"hyperion-css-1lemvax\">Sveaas\u2019 investeringsselskap Kistefos krever opptil 1,4 milliarder kroner i erstatning.<\/p>\n<p><img decoding=\"async\" class=\"image-asset hyperion-css-u06ts1\" data-test-tag=\"image-asset\" src=\"https:\/\/www.europesays.com\/no\/wp-content\/uploads\/2025\/12\/d260dcc5-a260-49a3-a72f-293a8adad3be\"  alt=\"Christen Sveaas fotografert i bryllupet til Stein Erik Hagen i november.\"  loading=\"eager\" fetchpriority=\"high\" style=\"aspect-ratio:1900 \/ 1267\"\/>Christen Sveaas fotografert i bryllupet til Stein Erik Hagen i november. Foto: Helen Wesnes \/ VG \/ NTBIkke mye kontakt med Spetalen<\/p>\n<p class=\"hyperion-css-1lemvax\">Kjell Inge R\u00f8kke meldte i 2022 at han hadde flyttet til Lugano i Sveits. Investorkjendis \u00d8ystein Stray Spetalen har i \u00e5r ogs\u00e5 meldt flytting dit. <\/p>\n<p class=\"hyperion-css-1lemvax\">\u2013 Hvordan er det \u00e5 f\u00e5 \u00d8ystein Stray Spetalen ned til Lugano?<\/p>\n<p class=\"hyperion-css-1lemvax\">\u2013 Jeg har ikke mye kontakt med \u00d8ystein Spetalen. Det har jeg ingen kommentar til, sier R\u00f8kke. <\/p>\n<p><img decoding=\"async\" class=\"image-asset hyperion-css-u06ts1\" data-test-tag=\"image-asset\" src=\"https:\/\/www.europesays.com\/no\/wp-content\/uploads\/2025\/12\/541c2db6-a93b-4044-bf43-e02796cf52e4\"  alt=\"Kjell Inge R\u00f8kke har lite \u00e5 si om det \u00e5 f\u00e5 investor \u00d8ystein Stray Spetalen til hjembyen Lugano.\"  loading=\"eager\" fetchpriority=\"high\" style=\"aspect-ratio:1900 \/ 1267\"\/>Kjell Inge R\u00f8kke har lite \u00e5 si om det \u00e5 f\u00e5 investor \u00d8ystein Stray Spetalen til hjembyen Lugano. Foto: Skjalg B\u00f8hmer Vold<\/p>\n<p class=\"hyperion-css-1lemvax\">Et stort presseoppbud m\u00f8tte milliard\u00e6ren p\u00e5 vei inn i Oslo tingrett, <a data-test-tag=\"internal-link\" href=\"https:\/\/e24.no\/boers-og-finans\/i\/9pmlbw\/roekke-utelukker-norge-comeback-det-gjoer-jeg-aldri\" class=\"hyperion-css-1rezu2g\" rel=\"nofollow noopener\" target=\"\" aria-label=\"der han blant annet avviste at han p\u00e5 noe tidspunkt skal flytte tilbake til Norge\">der han blant annet avviste at han p\u00e5 noe tidspunkt skal flytte tilbake til Norge<\/a>. <\/p>\n<p class=\"hyperion-css-1lemvax\">Han ble p\u00e5 vei ut igjen spurt om flytting tilbake til Norge \u2013 og hvorfor han ikke vil gj\u00f8re det. <\/p>\n<p class=\"hyperion-css-1lemvax\">\u2013 Det svarer jeg ikke p\u00e5, sier milliard\u00e6ren. <\/p>\n<p>\u2013 Blank l\u00f8gn<\/p>\n<p class=\"hyperion-css-1lemvax\">R\u00f8kke har blitt kalt for \u00abl\u00f8ve\u00bb og \u00abtiger\u00bb underveis i rettssaken, og selv om det er spilt av timer med lydopptak, har ingen h\u00f8rt fra R\u00f8kke i tingretten. Torsdag var den mektige Aker-sjefen i retten.<\/p>\n<p class=\"hyperion-css-1lemvax\">\u2013 Jeg m\u00e5 holde meg litt i skinnet og ikke si akkurat det jeg mener, sa R\u00f8kke i vitneboksen i Oslo tingrett.<\/p>\n<p class=\"hyperion-css-1lemvax\">Han gikk ogs\u00e5 hardt ut mot motparten. <\/p>\n<p class=\"hyperion-css-1lemvax\">\u2013 Det var basert p\u00e5 en blank l\u00f8gn fra Bengt Rem. Det vet Bengt Rem godt. Hele saken fra Kistefos er ren l\u00f8gn, sa R\u00f8kke blant annet da han svarte p\u00e5 sp\u00f8rsm\u00e5l fra Akers advokater i rettssalen.<\/p>\n<p class=\"hyperion-css-1lemvax\"><strong>Her kan du lese mer om det som har kommet frem i retten torsdag:<\/strong><\/p>\n<p><a data-test-tag=\"teaser-small:link-internal\" href=\"https:\/\/e24.no\/boers-og-finans\/i\/6qnjK0\/roekke-grilles-av-kistefos-frustrert-irritert-og-et-broel-fra-en-papirtiger\" class=\"imagePosition-top inline hyperion-css-6238vu\" rel=\"nofollow noopener\" target=\"\" aria-label=\"R\u00f8kke grilles av Kistefos: \u2013 Frustrert, irritert og et br\u00f8l fra en papirtiger\"><\/p>\n<p>Les ogs\u00e5<\/p>\n<p>R\u00f8kke grilles av Kistefos: \u2013 Frustrert, irritert og et br\u00f8l fra en papirtiger<\/p>\n<p><\/a><a data-test-tag=\"teaser-small:link-internal\" href=\"https:\/\/e24.no\/boers-og-finans\/i\/y5v3zR\/roekke-maa-holde-meg-i-skinnet\" class=\"imagePosition-top inline hyperion-css-6238vu\" rel=\"nofollow noopener\" target=\"\" aria-label=\"R\u00f8kke: \u2013 M\u00e5 holde meg i skinnet\"><\/p>\n<p>Les ogs\u00e5<\/p>\n<p>R\u00f8kke: \u2013 M\u00e5 holde meg i skinnet<\/p>\n<p><\/a><a data-test-tag=\"teaser-small:link-internal\" href=\"https:\/\/e24.no\/boers-og-finans\/i\/9pmlbw\/roekke-utelukker-norge-comeback-det-gjoer-jeg-aldri\" class=\"imagePosition-top inline hyperion-css-6238vu\" rel=\"nofollow noopener\" target=\"\" aria-label=\"R\u00f8kke utelukker Norge-comeback: \u2013 Det gj\u00f8r jeg aldri\"><\/p>\n<p>Les ogs\u00e5<\/p>\n<p>R\u00f8kke utelukker Norge-comeback: \u2013 Det gj\u00f8r jeg aldri<\/p>\n<p><\/a><a data-test-tag=\"teaser-small:link-internal\" href=\"https:\/\/e24.no\/boers-og-finans\/i\/k0aaKQ\/pareto-sjefen-om-loeven-i-sveits-sier-han-ikke-forhandlet-med-roekke\" class=\"imagePosition-top inline hyperion-css-6238vu\" rel=\"nofollow noopener\" target=\"\" aria-label=\"Pareto-sjefen om \u00abl\u00f8ven i Sveits\u00bb: Sier han ikke forhandlet med R\u00f8kke\"><\/p>\n<p>Les ogs\u00e5<\/p>\n<p>Pareto-sjefen om \u00abl\u00f8ven i Sveits\u00bb: Sier han ikke forhandlet med R\u00f8kke<\/p>\n<p><\/a><\/p>\n","protected":false},"excerpt":{"rendered":"De to kamphanene Kjell Inge R\u00f8kke og Christen Sveaas m\u00f8ttes p\u00e5 restaurant ved en tilfeldighet. Publisert: For mindre&hellip;\n","protected":false},"author":2,"featured_media":104194,"comment_status":"","ping_status":"","sticky":false,"template":"","format":"standard","meta":{"footnotes":""},"categories":[56],"tags":[60,61,62,30,28,29],"class_list":{"0":"post-104193","1":"post","2":"type-post","3":"status-publish","4":"format-standard","5":"has-post-thumbnail","7":"category-naeringsliv","8":"tag-business","9":"tag-economy","10":"tag-naeringsliv","11":"tag-no","12":"tag-norge","13":"tag-norway"},"share_on_mastodon":{"url":"https:\/\/pubeurope.com\/@no\/115662174921278142","error":""},"_links":{"self":[{"href":"https:\/\/www.europesays.com\/no\/wp-json\/wp\/v2\/posts\/104193","targetHints":{"allow":["GET"]}}],"collection":[{"href":"https:\/\/www.europesays.com\/no\/wp-json\/wp\/v2\/posts"}],"about":[{"href":"https:\/\/www.europesays.com\/no\/wp-json\/wp\/v2\/types\/post"}],"author":[{"embeddable":true,"href":"https:\/\/www.europesays.com\/no\/wp-json\/wp\/v2\/users\/2"}],"replies":[{"embeddable":true,"href":"https:\/\/www.europesays.com\/no\/wp-json\/wp\/v2\/comments?post=104193"}],"version-history":[{"count":0,"href":"https:\/\/www.europesays.com\/no\/wp-json\/wp\/v2\/posts\/104193\/revisions"}],"wp:featuredmedia":[{"embeddable":true,"href":"https:\/\/www.europesays.com\/no\/wp-json\/wp\/v2\/media\/104194"}],"wp:attachment":[{"href":"https:\/\/www.europesays.com\/no\/wp-json\/wp\/v2\/media?parent=104193"}],"wp:term":[{"taxonomy":"category","embeddable":true,"href":"https:\/\/www.europesays.com\/no\/wp-json\/wp\/v2\/categories?post=104193"},{"taxonomy":"post_tag","embeddable":true,"href":"https:\/\/www.europesays.com\/no\/wp-json\/wp\/v2\/tags?post=104193"}],"curies":[{"name":"wp","href":"https:\/\/api.w.org\/{rel}","templated":true}]}}