{"id":104195,"date":"2025-12-04T16:11:11","date_gmt":"2025-12-04T16:11:11","guid":{"rendered":"https:\/\/www.europesays.com\/no\/104195\/"},"modified":"2025-12-04T16:11:11","modified_gmt":"2025-12-04T16:11:11","slug":"debatten-raser-idiotisk","status":"publish","type":"post","link":"https:\/\/www.europesays.com\/no\/104195\/","title":{"rendered":"Debatten raser: &#8211; Idiotisk"},"content":{"rendered":"<p class=\"kicker bg-gold color_mobile_bg-gold align-center mobile_text_align_align-center hasTextPadding mobile-hasTextPadding\" style=\"\">H\u00e5ndball-VM<\/p>\n<p>  Danmark-sjefen ble skjelt ut. N\u00e5 f\u00e5r hun full st\u00f8tte fra Ole Gustav Gjekstad: &#8211; Da er du dum.\u00a0<\/p>\n<p>\n    BLE KRITISERT: Danmark-sjef Helle Thomsen under VM. Foto: NTB\n  <\/p>\n<p>DORTMUND \/ TRIER (Dagbladet): Det var i gruppespillskampen forrige uke at Danmark ledet stort mot Romania, og danskenes trener, Helle Thomsen, tok time out med 20 sekunder igjen.\u00a0<\/p>\n<p>Da tok det fyr p\u00e5 den rumenske benken.<\/p>\n<p>    <a itemprop=\"url\" href=\"https:\/\/www.dagbladet.no\/sport\/nadelost-oppgjor\/83935914\" rel=\"nofollow noopener\" target=\"_blank\"><\/p>\n<p>      <img loading=\"lazy\" decoding=\"async\" src=\"https:\/\/www.europesays.com\/no\/wp-content\/uploads\/2025\/12\/83935967.webp\" width=\"980\" height=\"441\" title=\"N\u00e5del\u00f8st oppgj\u00f8r\" alt=\"\" class=\"lazyload\" style=\"--aspect-ratio-image: 2.22; \"\/><\/p>\n<p>        N\u00e5del\u00f8st oppgj\u00f8r<\/p>\n<p>    <\/a><\/p>\n<p>&#8211; Jeg er jo veldig god venn med assistenttreneren p\u00e5 den rumenske benken og kjenner hovedtreneren godt, s\u00e5 blir de rasende over at jeg tok den time outen. Jeg gj\u00f8r det fordi sluttresultatet er viktig for oss, men de synes det er usportslig, fortalte Thomsen til <a href=\"https:\/\/sport.tv2.dk\/haandbold\/2025-12-01-helle-thomsen-forklarer-raseri-de-synes-det-er-usportsligt\" rel=\"nofollow noopener\" target=\"_blank\">TV 2 Danmark<\/a>.<\/p>\n<p>Treneren begrunner det med at om danskene skulle ryke p\u00e5 et tap i mellomrunden, s\u00e5 kan m\u00e5lforskjell bli avgj\u00f8rende for b\u00e5de avansement, og om de blir nummer en eller to i gruppa.<\/p>\n<p>        SKADER: Det ble en dramatisk slutt p\u00e5 kampen mellom Brasil og S\u00f8r-Korea i H\u00e5ndball-VM. Video: Skingen\/Myhrvold Simensen\/Dagbladet<\/p>\n<p>F\u00f8rsteplass vil trolig gi en langt enklere kvartfinalemotstander.<\/p>\n<p>I h\u00e5ndballen er det derimot en uskreven regel at man ikke tar time out i sluttsekundene n\u00e5r en kamp er avgjort.\u00a0<\/p>\n<p>    <a itemprop=\"url\" href=\"https:\/\/www.dagbladet.no\/sport\/norge-ydmyket-sverige-uhort\/83935495\" rel=\"nofollow noopener\" target=\"_blank\"><\/p>\n<p>      <img loading=\"lazy\" decoding=\"async\" src=\"https:\/\/www.europesays.com\/no\/wp-content\/uploads\/2025\/12\/83935649.webp\" width=\"980\" height=\"441\" title=\"Skandinavia i sjokk\" alt=\"\" class=\"lazyload\" style=\"--aspect-ratio-image: 2.22; \"\/><\/p>\n<p>        Skandinavia i sjokk<\/p>\n<p>    <\/a><\/p>\n<p>Dagbladet har spurt Norges landslagssjef hva han mener om debatten:<\/p>\n<p>&#8211; En helt meningsl\u00f8s diskusjon. Dette handler i tillegg om m\u00e5lforskjell, for meg er det en helt idiotisk diskusjon \u00e5 kritisere time out p\u00e5 slutten, s\u00e5 lenge m\u00e5lforskjell kan telle i sammendraget. Det gjelder \u00e5 vinne s\u00e5 mye som mulig, sier Ole Gustav Gjekstad.\u00a0<\/p>\n<p>    <a itemprop=\"url\" href=\"https:\/\/www.dagbladet.no\/sport\/jeg-ble-redd\/83924403\" rel=\"nofollow noopener\" target=\"_blank\"><\/p>\n<p>      <img loading=\"lazy\" decoding=\"async\" src=\"https:\/\/www.europesays.com\/no\/wp-content\/uploads\/2025\/12\/1764864670_620_83924800.webp\" width=\"980\" height=\"441\" title=\"- Jeg ble redd\" alt=\"\" class=\"lazyload\" style=\"--aspect-ratio-image: 2.22; \"\/><\/p>\n<p>        &#8211; Jeg ble redd<\/p>\n<p>    <\/a><\/p>\n<p class=\"italic m-italic\" data-lab-italic=\"italic\">&#8211; Du har forst\u00e5else for Helle Thomsen?<\/p>\n<p>&#8211; Ja, definitivt. Det ene er at man \u00f8nsker \u00e5 forbedre spillet, det andre er at man er i et gruppespill hvor m\u00e5lforskjell kan bety noe. Da er man dum, mener jeg, svarer Gjekstad.<\/p>\n<p>          <img loading=\"lazy\" decoding=\"async\" src=\"https:\/\/www.europesays.com\/no\/wp-content\/uploads\/2025\/12\/1764864671_805_83929372.webp\" width=\"980\" height=\"559\" title=\"RENE ORD FOR PENGA: Norges trener Ole Gustav Gjekstad under et pressetreff med h\u00e5ndballjentene i Dortmund. Foto: Beate Oma Dahle \/ NTB\" alt=\"\" class=\"\" style=\"--aspect-ratio-image: 1.75; \"\/><\/p>\n<p>\n          RENE ORD FOR PENGA: Norges trener Ole Gustav Gjekstad under et pressetreff med h\u00e5ndballjentene i Dortmund. Foto: Beate Oma Dahle \/ NTB\n      <\/p>\n<p>I fjor reagerte Gy\u00f6r-trener Per Johansson da Hergeirsson tok time out i sluttminuttene mot Nederland da Norge ledet med ti m\u00e5l i EM-kampen. Han kalte det d\u00e5rlig respekt mot motstanderen. P\u00e5 det tidspunktet var Norge s\u00e5 godt som klare for semifinale.\u00a0<\/p>\n<p>&#8211; Jeg kan forst\u00e5 litt begge sider. Er det noe man som trener gjerne vil trene p\u00e5 i et siste angrep, kan jeg forst\u00e5 hvorfor, men ingen superkontroversielle meninger der, sier Nora M\u00f8rk om debatten.<\/p>\n<p>Fredag m\u00f8ter h\u00e5ndballjentene Tsjekkia. De er store favoritter, og med seier sikrer de seg en plass i kvartfinalen.<\/p>\n","protected":false},"excerpt":{"rendered":"H\u00e5ndball-VM Danmark-sjefen ble skjelt ut. N\u00e5 f\u00e5r hun full st\u00f8tte fra Ole Gustav Gjekstad: &#8211; Da er du&hellip;\n","protected":false},"author":2,"featured_media":103035,"comment_status":"","ping_status":"","sticky":false,"template":"","format":"standard","meta":{"footnotes":""},"categories":[12],"tags":[20,21,24,25,105,9443,15,22,23,13,30,28,29,14,16,83,26,27,42,43,44,45],"class_list":{"0":"post-104195","1":"post","2":"type-post","3":"status-publish","4":"format-standard","5":"has-post-thumbnail","7":"category-verden","8":"tag-breaking-news","9":"tag-breakingnews","10":"tag-featured-news","11":"tag-featurednews","12":"tag-handball","13":"tag-handball-vm","14":"tag-headlines","15":"tag-latest-news","16":"tag-latestnews","17":"tag-news","18":"tag-no","19":"tag-norge","20":"tag-norway","21":"tag-nyheter","22":"tag-overskrifter","23":"tag-sport","24":"tag-top-stories","25":"tag-topstories","26":"tag-verden","27":"tag-world","28":"tag-world-news","29":"tag-worldnews"},"share_on_mastodon":{"url":"https:\/\/pubeurope.com\/@no\/115662178533466241","error":""},"_links":{"self":[{"href":"https:\/\/www.europesays.com\/no\/wp-json\/wp\/v2\/posts\/104195","targetHints":{"allow":["GET"]}}],"collection":[{"href":"https:\/\/www.europesays.com\/no\/wp-json\/wp\/v2\/posts"}],"about":[{"href":"https:\/\/www.europesays.com\/no\/wp-json\/wp\/v2\/types\/post"}],"author":[{"embeddable":true,"href":"https:\/\/www.europesays.com\/no\/wp-json\/wp\/v2\/users\/2"}],"replies":[{"embeddable":true,"href":"https:\/\/www.europesays.com\/no\/wp-json\/wp\/v2\/comments?post=104195"}],"version-history":[{"count":0,"href":"https:\/\/www.europesays.com\/no\/wp-json\/wp\/v2\/posts\/104195\/revisions"}],"wp:featuredmedia":[{"embeddable":true,"href":"https:\/\/www.europesays.com\/no\/wp-json\/wp\/v2\/media\/103035"}],"wp:attachment":[{"href":"https:\/\/www.europesays.com\/no\/wp-json\/wp\/v2\/media?parent=104195"}],"wp:term":[{"taxonomy":"category","embeddable":true,"href":"https:\/\/www.europesays.com\/no\/wp-json\/wp\/v2\/categories?post=104195"},{"taxonomy":"post_tag","embeddable":true,"href":"https:\/\/www.europesays.com\/no\/wp-json\/wp\/v2\/tags?post=104195"}],"curies":[{"name":"wp","href":"https:\/\/api.w.org\/{rel}","templated":true}]}}