{"id":104202,"date":"2025-12-04T16:20:07","date_gmt":"2025-12-04T16:20:07","guid":{"rendered":"https:\/\/www.europesays.com\/no\/104202\/"},"modified":"2025-12-04T16:20:07","modified_gmt":"2025-12-04T16:20:07","slug":"palestina-gaza-fem-palestinere-skal-vaere-drept-i-israelsk-angrep-i-gaza","status":"publish","type":"post","link":"https:\/\/www.europesays.com\/no\/104202\/","title":{"rendered":"Palestina, Gaza | Fem palestinere skal v\u00e6re drept i israelsk angrep i Gaza"},"content":{"rendered":"\n<p>Et telt i byen Khan Younis s\u00f8r p\u00e5 Gazastripen ble truffet i et israelsk luftangrep onsdag, if\u00f8lge Gazas sivilforsvar. If\u00f8lge sivilforsvaret befant fordrevne palestinere seg i teltet.<\/p>\n<p>Det israelske forsvaret (IDF) har sendt ut en uttalelse der det st\u00e5r at et Hamas-medlem var m\u00e5l for angrepet, som skjedde etter at israelske soldater ble s\u00e5ret i et angrep tidligere samme dag, i det som IDF omtaler som et brudd p\u00e5 v\u00e5penhvileavtalen.<\/p>\n<p>\u2013 Tidligere i dag (onsdag, red.anm.) ut\u00f8vde terroristorganisasjonen Hamas et \u00e5penbart brudd p\u00e5 v\u00e5penhvileavtalen, der terroristene angrep IDF-soldater utstasjonert i Rafah-omr\u00e5det. Som f\u00f8lge av sammenst\u00f8tet ble fem soldater s\u00e5ret, st\u00e5r det i IDFs uttalelse.<\/p>\n<p>\u2013 Som svar p\u00e5 dette avtalebruddet angrep IDF, med hjelp fra IDFs etterretning og ISA, en Hamas-terrorist s\u00f8r p\u00e5 Gazastripen, uttaler milit\u00e6ret.<\/p>\n<p>V\u00e5penhvilen p\u00e5 Gazastripen tr\u00e5dte i kraft 10. oktober. Siden har det funnet sted flere isolerte hendelser der b\u00e5de palestinere og israelske soldater er blitt drept.<\/p>\n","protected":false},"excerpt":{"rendered":"Et telt i byen Khan Younis s\u00f8r p\u00e5 Gazastripen ble truffet i et israelsk luftangrep onsdag, if\u00f8lge Gazas&hellip;\n","protected":false},"author":2,"featured_media":3844,"comment_status":"","ping_status":"","sticky":false,"template":"","format":"standard","meta":{"footnotes":""},"categories":[12],"tags":[20,21,24,25,15,22,23,13,30,28,29,14,16,26,27,42,43,44,45],"class_list":{"0":"post-104202","1":"post","2":"type-post","3":"status-publish","4":"format-standard","5":"has-post-thumbnail","7":"category-verden","8":"tag-breaking-news","9":"tag-breakingnews","10":"tag-featured-news","11":"tag-featurednews","12":"tag-headlines","13":"tag-latest-news","14":"tag-latestnews","15":"tag-news","16":"tag-no","17":"tag-norge","18":"tag-norway","19":"tag-nyheter","20":"tag-overskrifter","21":"tag-top-stories","22":"tag-topstories","23":"tag-verden","24":"tag-world","25":"tag-world-news","26":"tag-worldnews"},"share_on_mastodon":{"url":"https:\/\/pubeurope.com\/@no\/115662213914063282","error":""},"_links":{"self":[{"href":"https:\/\/www.europesays.com\/no\/wp-json\/wp\/v2\/posts\/104202","targetHints":{"allow":["GET"]}}],"collection":[{"href":"https:\/\/www.europesays.com\/no\/wp-json\/wp\/v2\/posts"}],"about":[{"href":"https:\/\/www.europesays.com\/no\/wp-json\/wp\/v2\/types\/post"}],"author":[{"embeddable":true,"href":"https:\/\/www.europesays.com\/no\/wp-json\/wp\/v2\/users\/2"}],"replies":[{"embeddable":true,"href":"https:\/\/www.europesays.com\/no\/wp-json\/wp\/v2\/comments?post=104202"}],"version-history":[{"count":0,"href":"https:\/\/www.europesays.com\/no\/wp-json\/wp\/v2\/posts\/104202\/revisions"}],"wp:featuredmedia":[{"embeddable":true,"href":"https:\/\/www.europesays.com\/no\/wp-json\/wp\/v2\/media\/3844"}],"wp:attachment":[{"href":"https:\/\/www.europesays.com\/no\/wp-json\/wp\/v2\/media?parent=104202"}],"wp:term":[{"taxonomy":"category","embeddable":true,"href":"https:\/\/www.europesays.com\/no\/wp-json\/wp\/v2\/categories?post=104202"},{"taxonomy":"post_tag","embeddable":true,"href":"https:\/\/www.europesays.com\/no\/wp-json\/wp\/v2\/tags?post=104202"}],"curies":[{"name":"wp","href":"https:\/\/api.w.org\/{rel}","templated":true}]}}