{"id":104211,"date":"2025-12-04T16:28:08","date_gmt":"2025-12-04T16:28:08","guid":{"rendered":"https:\/\/www.europesays.com\/no\/104211\/"},"modified":"2025-12-04T16:28:08","modified_gmt":"2025-12-04T16:28:08","slug":"frustrert-irritert-og-et-brol-fra-en-papirtiger-e24","status":"publish","type":"post","link":"https:\/\/www.europesays.com\/no\/104211\/","title":{"rendered":"\u2013 Frustrert, irritert og et br\u00f8l fra en papirtiger \u2013 E24"},"content":{"rendered":"<p class=\"fullWidthDesktop hyperion-css-71ztg2\" data-test-tag=\"lead-text\">Kjell Inge R\u00f8kke blir spurt ut om telefonsamtalene, som aldri ble tatt opp, i retten. <\/p>\n<p>Publisert: <\/p>\n<p>For mindre enn 3 timer siden<\/p>\n<p>Oppdatert n\u00e5 nettopp<\/p>\n<ul class=\"hyperion-css-pte5x0\">\n<li aria-label=\"link\" class=\"narrow-button hyperion-css-1sz7d3n\">Kopier lenke<\/li>\n<li aria-label=\"link\" class=\"wide-button hyperion-css-1sz7d3n\">Kopier lenke<\/li>\n<li aria-label=\"facebook\" class=\"narrow-button hyperion-css-1sz7d3n\">Del p\u00e5 Facebook<\/li>\n<li aria-label=\"facebook\" class=\"wide-button hyperion-css-1sz7d3n\">Del p\u00e5 Facebook<\/li>\n<li aria-label=\"email\" class=\"narrow-button hyperion-css-1sz7d3n\">Del med e-post<\/li>\n<li aria-label=\"email\" class=\"wide-button hyperion-css-1sz7d3n\">Del med e-post<\/li>\n<\/ul>\n<p class=\"hyperion-css-1lemvax\">Saken oppdateres.<\/p>\n<p class=\"hyperion-css-1lemvax\">Torsdag var det Kjell Inge R\u00f8kkes tur til \u00e5 vitne i maraton-rettssaken der R\u00f8kkes Aker er saks\u00f8kt av milliard\u00e6r Christen Sveaas og sitt selskap Kistefos. <\/p>\n<p class=\"hyperion-css-1lemvax\">\u2013 Det var basert p\u00e5 en blank l\u00f8gn fra Bengt Rem. Det vet Bengt Rem godt. Hele saken fra Kistefos er ren l\u00f8gn, sa R\u00f8kke blant annet da han svarte p\u00e5 sp\u00f8rsm\u00e5l fra Akers advokater i rettssalen. <\/p>\n<p><a data-test-tag=\"teaser-small:link-internal\" href=\"https:\/\/e24.no\/boers-og-finans\/i\/9pmlbw\/roekke-utelukker-norge-comeback-det-gjoer-jeg-aldri\" class=\"imagePosition-top inline hyperion-css-6238vu\" rel=\"nofollow noopener\" target=\"\" aria-label=\"R\u00f8kke utelukker Norge-comeback: \u2013 Det gj\u00f8r jeg aldri\"><\/p>\n<p>Les ogs\u00e5<\/p>\n<p>R\u00f8kke utelukker Norge-comeback: \u2013 Det gj\u00f8r jeg aldri<\/p>\n<p><\/a><img decoding=\"async\" class=\"image-asset hyperion-css-u06ts1\" data-test-tag=\"image-asset\" src=\"https:\/\/www.europesays.com\/no\/wp-content\/uploads\/2025\/12\/71a95f93-52c7-4ad6-b206-c628c58cf7f5\"  alt=\"\"  loading=\"eager\" fetchpriority=\"high\" style=\"aspect-ratio:1900 \/ 1267\"\/> Foto: Skjalg B\u00f8hmer Vold \/ Skjalg Vold<\/p>\n<p class=\"hyperion-css-1lemvax\">Etter en pause i retten er det duket for at Kistefos-siden skal grille R\u00f8kke. <\/p>\n<p class=\"hyperion-css-1lemvax\">Kistefos\u2019 advokat Helge Skogseth Berg sp\u00f8r R\u00f8kke hvorfor han ringte Pareto-sjef Christian Jomaas i oktober 2023. Samtalene der Jomaas forteller om hvor temperamentsfull R\u00f8kke er, er tidligere spilt av i retten.<\/p>\n<p class=\"hyperion-css-1lemvax\">\u2013 Manglende fremdrift i transaksjonen, svarer R\u00f8kke som \u00e5rsak. <\/p>\n<p class=\"hyperion-css-1lemvax\">\u2013 Jeg mente transaksjonen gikk altfor sakte. Det var 25 prosent utest\u00e5ende l\u00e5n. Vi var redde noen ville selge sine eiendeler til 25-prosentgruppen som kunne ta over selskapet, sier R\u00f8kke. <\/p>\n<p>\u2013 Br\u00f8l fra en papirtiger<\/p>\n<p class=\"hyperion-css-1lemvax\">P\u00e5 sp\u00f8rsm\u00e5l om hvorfor han skal ha sagt at Pareto aldri skulle f\u00e5 et oppdrag fra Aker igjen, svarer R\u00f8kke dette: <\/p>\n<p class=\"hyperion-css-1lemvax\">\u2013 Jeg var frustrert, irritert, det var br\u00f8l fra en papirtiger, sier R\u00f8kke. <\/p>\n<p class=\"hyperion-css-1lemvax\">Enkelt forklart handler det om at Sveaas mener seg grovt forskjellsbehandlet til fordel for R\u00f8kkes Aker i forbindelse med en stor finansiell endring i rederiet Solstad Offshore i 2023.<\/p>\n<p><img decoding=\"async\" class=\"image-asset hyperion-css-u06ts1\" data-test-tag=\"image-asset\" src=\"https:\/\/www.europesays.com\/no\/wp-content\/uploads\/2025\/12\/09a41720-b038-4599-991d-ccf78949e242\"  alt=\"\"  loading=\"eager\" fetchpriority=\"high\" style=\"aspect-ratio:1900 \/ 1267\"\/> Foto: Skjalg B\u00f8hmer Vold \/ Skjalg Vold<\/p>\n<p class=\"hyperion-css-1lemvax\">R\u00f8kke blir spurt om hvorfor det var viktig for Aker \u00e5 ha kontroll n\u00e5r de gikk inn med penger. R\u00f8kke svarer at han aldri var i tvil om at de skulle kontrollere Solstad, hvis de skulle v\u00e6re ankerinvestor i refinansieringen.<\/p>\n<p class=\"hyperion-css-1lemvax\">\u2013 For meg var det veldig enkelt. Skal vi komme med nye penger, skal vi minimum ha to tredeler. Da skal vi ha begge hendene p\u00e5 rattet i en generalforsamling, sier R\u00f8kke. <\/p>\n<p><a data-test-tag=\"teaser-small:link-internal\" href=\"https:\/\/e24.no\/boers-og-finans\/i\/k0aaKQ\/pareto-sjefen-om-loeven-i-sveits-sier-han-ikke-forhandlet-med-roekke\" class=\"imagePosition-top inline hyperion-css-6238vu\" rel=\"nofollow noopener\" target=\"\" aria-label=\"Pareto-sjefen om \u00abl\u00f8ven i Sveits\u00bb: Sier han ikke forhandlet med R\u00f8kke\"><\/p>\n<p>Les ogs\u00e5<\/p>\n<p>Pareto-sjefen om \u00abl\u00f8ven i Sveits\u00bb: Sier han ikke forhandlet med R\u00f8kke<\/p>\n<p><\/a><\/p>\n<p class=\"hyperion-css-1lemvax\">Det har blitt spilt av mange lydopptak av telefonsamtaler fra Solstad-forhandlingene i retten, men telefonsamtalene R\u00f8kke tok er ikke tatt opp p\u00e5 b\u00e5nd. Det er fordi R\u00f8kke bruker WhatsApp, og Pareto ikke har teknisk utstyr som kan ta opp WhatsApp-samtaler. <\/p>\n<p class=\"hyperion-css-1lemvax\">Kistefos-advokat Berg sp\u00f8r R\u00f8kke gjentatte ganger om \u00e5 forklare hva han har sagt i telefonsamtaler som andre akt\u00f8rer i saken viser til i lydopptakene. R\u00f8kke sier flere ganger at han ikke kan huske og ikke vet hva de snakker om. <\/p>\n<p><a data-test-tag=\"teaser-small:link-internal\" href=\"https:\/\/e24.no\/boers-og-finans\/i\/y5v3zR\/roekke-maa-holde-meg-i-skinnet\" class=\"imagePosition-top inline hyperion-css-6238vu\" rel=\"nofollow noopener\" target=\"\" aria-label=\"R\u00f8kke: \u2013 M\u00e5 holde meg i skinnet\"><\/p>\n<p>Les ogs\u00e5<\/p>\n<p>R\u00f8kke: \u2013 M\u00e5 holde meg i skinnet<\/p>\n<p><\/a><\/p>\n<p class=\"hyperion-css-1lemvax\">\u2013 N\u00e5 referer du til en samtale jeg ikke var en del av, sier R\u00f8kke til sp\u00f8rsm\u00e5l fra Berg om en av samtalene. <\/p>\n<p>Vil ikke flytte tilbake til Norge<\/p>\n<p class=\"hyperion-css-1lemvax\">Saks\u00f8ker er Sveaas\u2019 investeringsselskap Kistefos. De saks\u00f8kte er Aker, Solstad Offshores styre og toppleder, samt meglerhuset Pareto som var r\u00e5dgiver for rederiet.<\/p>\n<p class=\"hyperion-css-1lemvax\">Det var et stort presseoppbud torsdag da R\u00f8kke gikk inn hovedd\u00f8ren, gjennom sikkerhetskontrollen og tok heisen opp til 8. etasje i Oslo tingrett torsdag formiddag.<\/p>\n<p class=\"hyperion-css-1lemvax\">Han svarte raskt p\u00e5 sp\u00f8rsm\u00e5l fra pressen f\u00f8r han gikk inn i bygget. Han avviste blant annet <a data-test-tag=\"internal-link\" href=\"http:\/\/e24.no\/boers-og-finans\/i\/9pmlbw\/roekke-utelukker-norge-comeback-det-gjoer-jeg-aldri?referer=https%3A%2F%2Fwww.vg.no\" class=\"hyperion-css-1rezu2g\" rel=\"nofollow noopener\" target=\"\" aria-label=\"at han p\u00e5 noe tidspunkt vil flytte tilbake til Norge.\">at han p\u00e5 noe tidspunkt vil flytte tilbake til Norge.<\/a> <\/p>\n<p class=\"hyperion-css-1lemvax\">F\u00f8r rettssaken begynte tidligere i h\u00f8st la R\u00f8kke ut et brev til aksjon\u00e6rene i Aker der han kalte s\u00f8ksm\u00e5let for absurd og langet ut mot Sveaas-siden.<\/p>\n<p><a data-test-tag=\"teaser-small:link-internal\" href=\"https:\/\/e24.no\/boers-og-finans\/i\/bOMAWk\/se-direkte-roekke-vitner-i-solstad-saken\" class=\"imagePosition-top inline hyperion-css-6238vu\" rel=\"nofollow noopener\" target=\"\" aria-label=\"Se direkte: R\u00f8kke vitner i Solstad-saken\"><\/p>\n<p>Les ogs\u00e5<\/p>\n<p>Se direkte: R\u00f8kke vitner i Solstad-saken<\/p>\n<p><\/a><\/p>\n","protected":false},"excerpt":{"rendered":"Kjell Inge R\u00f8kke blir spurt ut om telefonsamtalene, som aldri ble tatt opp, i retten. Publisert: For mindre&hellip;\n","protected":false},"author":2,"featured_media":104212,"comment_status":"","ping_status":"","sticky":false,"template":"","format":"standard","meta":{"footnotes":""},"categories":[10],"tags":[20,21,24,25,15,22,23,13,30,28,29,14,16,26,27],"class_list":{"0":"post-104211","1":"post","2":"type-post","3":"status-publish","4":"format-standard","5":"has-post-thumbnail","7":"category-norge","8":"tag-breaking-news","9":"tag-breakingnews","10":"tag-featured-news","11":"tag-featurednews","12":"tag-headlines","13":"tag-latest-news","14":"tag-latestnews","15":"tag-news","16":"tag-no","17":"tag-norge","18":"tag-norway","19":"tag-nyheter","20":"tag-overskrifter","21":"tag-top-stories","22":"tag-topstories"},"share_on_mastodon":{"url":"https:\/\/pubeurope.com\/@no\/115662245579342578","error":""},"_links":{"self":[{"href":"https:\/\/www.europesays.com\/no\/wp-json\/wp\/v2\/posts\/104211","targetHints":{"allow":["GET"]}}],"collection":[{"href":"https:\/\/www.europesays.com\/no\/wp-json\/wp\/v2\/posts"}],"about":[{"href":"https:\/\/www.europesays.com\/no\/wp-json\/wp\/v2\/types\/post"}],"author":[{"embeddable":true,"href":"https:\/\/www.europesays.com\/no\/wp-json\/wp\/v2\/users\/2"}],"replies":[{"embeddable":true,"href":"https:\/\/www.europesays.com\/no\/wp-json\/wp\/v2\/comments?post=104211"}],"version-history":[{"count":0,"href":"https:\/\/www.europesays.com\/no\/wp-json\/wp\/v2\/posts\/104211\/revisions"}],"wp:featuredmedia":[{"embeddable":true,"href":"https:\/\/www.europesays.com\/no\/wp-json\/wp\/v2\/media\/104212"}],"wp:attachment":[{"href":"https:\/\/www.europesays.com\/no\/wp-json\/wp\/v2\/media?parent=104211"}],"wp:term":[{"taxonomy":"category","embeddable":true,"href":"https:\/\/www.europesays.com\/no\/wp-json\/wp\/v2\/categories?post=104211"},{"taxonomy":"post_tag","embeddable":true,"href":"https:\/\/www.europesays.com\/no\/wp-json\/wp\/v2\/tags?post=104211"}],"curies":[{"name":"wp","href":"https:\/\/api.w.org\/{rel}","templated":true}]}}