{"id":104213,"date":"2025-12-04T16:30:16","date_gmt":"2025-12-04T16:30:16","guid":{"rendered":"https:\/\/www.europesays.com\/no\/104213\/"},"modified":"2025-12-04T16:30:16","modified_gmt":"2025-12-04T16:30:16","slug":"martin-odegaard-hyller-kona-helene-spilling-i-ny-kampanje","status":"publish","type":"post","link":"https:\/\/www.europesays.com\/no\/104213\/","title":{"rendered":"Martin \u00d8degaard hyller kona Helene Spilling i ny kampanje"},"content":{"rendered":"<p class=\"kicker \" style=\"\">Martin \u00d8degaard:\u00a0<\/p>\n<p>  Martin \u00d8degaard holder ikke tilbake n\u00e5r han roser kona. I en ny kampanje beskriver han Helene Spilling som en helt.\u00a0<\/p>\n<p>\n    GIR ROS: Martin \u00d8degaard holder seg vanligvis ordknapp om privatlivet. N\u00e5 gir han en sjelden kommentar om kona, og holder ikke tilbake. Foto: Andreas Fadum \/ Se og H\u00f8r\n  <\/p>\n<p>I sommer skapte landslagskaptein Martin \u00d8degaard (26) og tidligere \u00abSkal vi danse\u00bb-proff Helene Spilling (29) stort medietrykk da de samlet familie og venner til en storsl\u00e5tt bryllupsfest.<\/p>\n<p>    <a itemprop=\"url\" href=\"https:\/\/www.seher.no\/kjendis\/million-forskjell-for-kjendisparene\/83930851\" rel=\"nofollow noopener\" target=\"_blank\"><\/p>\n<p>      <img loading=\"lazy\" decoding=\"async\" src=\"https:\/\/www.europesays.com\/no\/wp-content\/uploads\/2025\/12\/1764865812_714_83930808.webp\" width=\"980\" height=\"441\" title=\"Million-forskjell for kjendisparene\" alt=\"\" class=\"lazyload\" style=\"--aspect-ratio-image: 2.22; \"\/><\/p>\n<p>        Million-forskjell for kjendisparene<\/p>\n<p>    <\/a><\/p>\n<p class=\"font-weight-bold m-font-weight-bold\" data-lab-font_weight=\"font-weight-bold\">Men allerede \u00e5ret f\u00f8r hadde de gitt hverandre sitt ja.\u00a0<\/p>\n<p>I november 2024 ble det nemlig kjent at paret hadde giftet seg i en <a href=\"https:\/\/www.seher.no\/kjendis\/na-er-de-gift\/82181974\" rel=\"nofollow noopener\" target=\"_blank\">hemmelig seremoni<\/a>, gjennomf\u00f8rt like f\u00f8r <a href=\"https:\/\/www.seher.no\/kjendis\/deler-gladnyhet\/82128093\" rel=\"nofollow noopener\" target=\"_blank\">s\u00f8nnen Matheo kom til verden<\/a>, 1. desember 2024.\u00a0<\/p>\n<p>          <img loading=\"lazy\" decoding=\"async\" src=\"https:\/\/www.europesays.com\/no\/wp-content\/uploads\/2025\/12\/83243841.webp\" width=\"686\" height=\"899\" title=\"SUPERPAR: Helene Spilling og Martin \u00d8degaard bekreftet forholdet sitt i juni 2023 med en rekke feriebilder p\u00e5 Instagram. Foto: Instagram \/ @odegaard.98\" alt=\"\" class=\"\" style=\"--aspect-ratio-image: 0.76; \"\/><\/p>\n<p>\n          SUPERPAR: Helene Spilling og Martin \u00d8degaard bekreftet forholdet sitt i juni 2023 med en rekke feriebilder p\u00e5 Instagram. Foto: Instagram \/ @odegaard.98\n      <\/p>\n<p class=\"font-weight-bold m-font-weight-bold\" data-lab-font_weight=\"font-weight-bold\">Etter sommerens festligheter gikk ferden videre til London, der de bladde opp over <a href=\"https:\/\/www.seher.no\/kjendis\/dette-er-odegaards-hemmelige-luksusvilla\/83249079\" class=\"\" rel=\"nofollow noopener\" target=\"_blank\">100 millioner kroner for en luksuseiendom<\/a> i et av byens mest eksklusive str\u00f8k.\u00a0<\/p>\n<p>        RETTE EKTEFOLK: Helene Spilling og Martin \u00d8degaard giftet seg i Gjerdrum kirke, og i eksklusive bilder fra luften kan vi se hvordan de ble tatt imot n\u00e5r de kom ut. Video: Se og H\u00f8r \/\/ Reporter: H\u00e5vard Bj\u00f8rnerem<\/p>\n<p>&#8211; Det er utrolig\t<\/p>\n<p>Paret bor n\u00e5 i den britiske hovedstaden sammen med s\u00f8nnen, som b\u00e6rer begge etternavnene.<\/p>\n<p> Med b\u00e5de bryllup, baby og flytting bak seg, jobber 26-\u00e5ringen med et splitter nytt prosjekt, denne gangen innen moteverden.\u00a0<\/p>\n<p class=\"font-weight-bold m-font-weight-bold\" data-lab-font_weight=\"font-weight-bold\">Han dukker nemlig opp som frontfigur for Holzweilers nye kampanje, som har f\u00e5tt tittelen \u00abHeroes Aren&#8217;t Born, They&#8217;re Raised\u00bb.<\/p>\n<p>I pressemeldingen velger Premier League-spilleren \u00e5 rette oppmerksomheten vekk fra seg selv, og mot kona.<\/p>\n<p>          <img loading=\"lazy\" decoding=\"async\" src=\"https:\/\/www.europesays.com\/no\/wp-content\/uploads\/2025\/12\/83939571.webp\" width=\"686\" height=\"686\" title=\"SMIL: Helene, Martin \u00d8degaard og s\u00f8nnen Matheo var p\u00e5 plass i Norge da det var landskamp i Oktober. Foto: Shad Madian \/ Se og H\u00f8r\" alt=\"\" class=\"\" style=\"--aspect-ratio-image: 1.00; \"\/><\/p>\n<p>\n          SMIL: Helene, Martin \u00d8degaard og s\u00f8nnen Matheo var p\u00e5 plass i Norge da det var landskamp i Oktober. Foto: Shad Madian \/ Se og H\u00f8r\n      <\/p>\n<p class=\"font-weight-bold m-font-weight-bold\" data-lab-font_weight=\"font-weight-bold\">&#8211; Den virkelige helten er min kone, sier han med en referanse til kampanjens tittel.<\/p>\n<p class=\"font-weight-normal m-font-weight-normal\" data-lab-font_weight=\"font-weight-normal\">&#8211; \u00c5 f\u00e5 et barn og se hvordan hun har vokst inn i mammarollen og tatt vare p\u00e5 babyen v\u00e5r, samtidig som hun hjelper meg med \u00e5 gj\u00f8re det jeg elsker, er utrolig, roser han videre.\u00a0\u00a0<\/p>\n<p>    <a itemprop=\"url\" href=\"https:\/\/www.seher.no\/kjendis\/feiret-hemmelig-barnedap-i-london\/83531444\" rel=\"nofollow noopener\" target=\"_blank\"><\/p>\n<p>      <img loading=\"lazy\" decoding=\"async\" src=\"https:\/\/www.europesays.com\/no\/wp-content\/uploads\/2025\/12\/83531466.webp\" width=\"980\" height=\"441\" title=\"Hemmelig barned\u00e5p\" alt=\"\" class=\"lazyload\" style=\"--aspect-ratio-image: 2.22; \"\/><\/p>\n<p>        Hemmelig barned\u00e5p<\/p>\n<p>    <\/a><\/p>\n<p class=\"font-weight-bold m-font-weight-bold\" data-lab-font_weight=\"font-weight-bold\">Helene fortalte tidligere i \u00e5r p\u00e5 hva den st\u00f8rste forandringen ble etter at s\u00f8nnen kom til verden, i en video p\u00e5 <a href=\"https:\/\/www.instagram.com\/p\/DJFGurqK73j\/\" rel=\"nofollow noopener\" target=\"_blank\">Instagram<\/a>.\u00a0<\/p>\n<p class=\"font-weight-normal m-font-weight-normal\" data-lab-font_weight=\"font-weight-normal\">&#8211; Det er nok at man har ansvar for et annet liv, og at man ikke har tid til \u00e5 tenke p\u00e5 seg selv, sa hun.\u00a0<\/p>\n<p>        FEST: Her ankommer stjernene bryllupsfesten p\u00e5 Gamle Logen, etter at Martin \u00d8degaard og Helene Spilling giftet seg i Gjerdrum kirke. Video: Birthe Skingen \/ Dagbladet<\/p>\n<p>Dukket opp i Norge\t<\/p>\n<p data-lab-font_weight=\"\">If\u00f8lge merket f\u00f8lger kampanjen profiler som er typisk norske, og som setter Norge p\u00e5 kartet internasjonalt.\u00a0<\/p>\n<p data-lab-font_weight=\"\">I tillegg til Martin \u00d8degaard er ogs\u00e5 artisten Sigrid (29) medvirkende.\u00a0<\/p>\n<p>          <img loading=\"lazy\" decoding=\"async\" src=\"https:\/\/www.europesays.com\/no\/wp-content\/uploads\/2025\/12\/83939586.webp\" width=\"686\" height=\"590\" title=\"PASSET P\u00c5: Familien satt sammen under deler av fotballkampen, og kunne sees p\u00e5 tribunen. Foto: Shad Madian \/ Se og H\u00f8r\" alt=\"\" class=\"\" style=\"--aspect-ratio-image: 1.16; \"\/><\/p>\n<p>\n          PASSET P\u00c5: Familien satt sammen under deler av fotballkampen, og kunne sees p\u00e5 tribunen. Foto: Shad Madian \/ Se og H\u00f8r\n      <\/p>\n<p data-lab-font_weight=\"\"> Martin har <a href=\"https:\/\/www.seher.no\/kjendis\/jublet-med-helene-og-lille-matheo\/83711381\" rel=\"nofollow noopener\" target=\"_blank\">v\u00e6rt skadeforfulgt<\/a> den siste tiden, men dukket opp for \u00e5 se lagkameratene sl\u00e5 Israel p\u00e5 hjemmebane i oktober. <\/p>\n<p data-lab-font_weight=\"\">Der satt han sammen med Helene og s\u00f8nnen deres. Den lille familien p\u00e5 tre s\u00e5 ut til \u00e5 kose seg i hverandres selskap.\u00a0<\/p>\n<p>Under onsdagens hjemmekamp mot Brentford spilte drammenseren sin f\u00f8rste kamp fra start siden 4. oktober, og er med det tilbake p\u00e5 banen.\u00a0<\/p>\n<p><script async src=\"\/\/www.instagram.com\/embed.js\"><\/script><\/p>\n","protected":false},"excerpt":{"rendered":"Martin \u00d8degaard:\u00a0 Martin \u00d8degaard holder ikke tilbake n\u00e5r han roser kona. I en ny kampanje beskriver han Helene&hellip;\n","protected":false},"author":2,"featured_media":104214,"comment_status":"","ping_status":"","sticky":false,"template":"","format":"standard","meta":{"footnotes":""},"categories":[59],"tags":[182,479,2543,181,30,28,29,83,82],"class_list":{"0":"post-104213","1":"post","2":"type-post","3":"status-publish","4":"format-standard","5":"has-post-thumbnail","7":"category-sport","8":"tag-helene-spilling","9":"tag-kjendis","10":"tag-kjendisdesken","11":"tag-martin-odegaard","12":"tag-no","13":"tag-norge","14":"tag-norway","15":"tag-sport","16":"tag-sports"},"share_on_mastodon":{"url":"https:\/\/pubeurope.com\/@no\/115662253400421146","error":""},"_links":{"self":[{"href":"https:\/\/www.europesays.com\/no\/wp-json\/wp\/v2\/posts\/104213","targetHints":{"allow":["GET"]}}],"collection":[{"href":"https:\/\/www.europesays.com\/no\/wp-json\/wp\/v2\/posts"}],"about":[{"href":"https:\/\/www.europesays.com\/no\/wp-json\/wp\/v2\/types\/post"}],"author":[{"embeddable":true,"href":"https:\/\/www.europesays.com\/no\/wp-json\/wp\/v2\/users\/2"}],"replies":[{"embeddable":true,"href":"https:\/\/www.europesays.com\/no\/wp-json\/wp\/v2\/comments?post=104213"}],"version-history":[{"count":0,"href":"https:\/\/www.europesays.com\/no\/wp-json\/wp\/v2\/posts\/104213\/revisions"}],"wp:featuredmedia":[{"embeddable":true,"href":"https:\/\/www.europesays.com\/no\/wp-json\/wp\/v2\/media\/104214"}],"wp:attachment":[{"href":"https:\/\/www.europesays.com\/no\/wp-json\/wp\/v2\/media?parent=104213"}],"wp:term":[{"taxonomy":"category","embeddable":true,"href":"https:\/\/www.europesays.com\/no\/wp-json\/wp\/v2\/categories?post=104213"},{"taxonomy":"post_tag","embeddable":true,"href":"https:\/\/www.europesays.com\/no\/wp-json\/wp\/v2\/tags?post=104213"}],"curies":[{"name":"wp","href":"https:\/\/api.w.org\/{rel}","templated":true}]}}