{"id":104215,"date":"2025-12-04T16:31:11","date_gmt":"2025-12-04T16:31:11","guid":{"rendered":"https:\/\/www.europesays.com\/no\/104215\/"},"modified":"2025-12-04T16:31:11","modified_gmt":"2025-12-04T16:31:11","slug":"disse-kjendisene-er-klare-for-neste-kompani-lauritzen","status":"publish","type":"post","link":"https:\/\/www.europesays.com\/no\/104215\/","title":{"rendered":"Disse kjendisene er klare for neste \u00abKompani Lauritzen\u00bb"},"content":{"rendered":"<p>    Tolv nye kjendiser gj\u00f8r seg klare for strengt milit\u00e6rregime n\u00e5r syvende sesong av \u00abKompani Lauritzen\u00bb marsjerer over skjermen p\u00e5 TV 2 i februar 2026.<\/p>\n<p>\n        Dette er deltakerne i neste sesong av \u00abKompani Lauritzen\u00bb.<br \/>\n        Matti Bernitz\n    <\/p>\n<p>Tolv nye kjendisrekrutter gj\u00f8r seg klare til \u00e5 ta p\u00e5 seg uniformen n\u00e5r syvende sesong av \u00abKompani Lauritzen\u00bb ruller i gang p\u00e5 TV 2 i februar 2026, <a href=\"https:\/\/kommunikasjon.ntb.no\/pressemelding\/18740455\/nye-kjendisrekrutter-klare-for-kompani-lauritzen\" target=\"_blank\" rel=\"nofollow noopener\">skriver kanalen i en pressemelding<\/a>. Deltakerne skal innlosjeres p\u00e5 B\u00f8moen leir, der m\u00e5let er \u00e5 bli den beste versjonen av seg selv gjennom harde og intense milit\u00e6re \u00f8velser.<\/p>\n<p>\u00c5rets sesong beskrives som enda t\u00f8ffere enn tidligere.\u00a0<\/p>\n<p>Kjendisene blir kastet rett ut i knallharde \u00f8velser, tester og primitive forhold allerede f\u00f8r de f\u00e5r slippe inn i leiren. Vel inne deles de inn i to lag som konkurrerer hele sesongen \u2013 b\u00e5de i inspeksjon, kj\u00f8kkentjeneste og det nye duellformatet \u00ab\u00e9n mot \u00e9n\u00bb, som skal gi mer taktikk, press og uventede utfall.<\/p>\n<p><a href=\"https:\/\/www.abcnyheter.no\/nyheter\/dette-tjente-influenserne-fra-null-til-12-millioner-i-formue-pa-tre-ar\/1313600\" target=\"_blank\" data-lab-font_weight=\"font-weight-bold\" class=\"font-weight-bold m-font-weight-bold\" rel=\"nofollow noopener\">Skattelistene 2024: Dette tjente influenserne<\/a><\/p>\n<p>Disse skal v\u00e6re med i \u00abKompani Lauritzen\u00bb sesong 7<\/p>\n<p>TV 2 har satt sammen et variert lag av komikere, artister, programledere, influensere og profiler fra b\u00e5de TV og TikTok. Dette er kjendisrekruttene som skal gjennom det milit\u00e6re opplegget p\u00e5 B\u00f8moen:<\/p>\n<ul>\n<li>\n<p>Adam Schj\u00f8lberg, komiker<\/p>\n<\/li>\n<li>\n<p>Adrian Sellevoll, artist<\/p>\n<\/li>\n<li>\n<p>Eva Birkefeldt Ragde, kriminaltekniker<\/p>\n<\/li>\n<li>\n<p>Olav Svarstad Haugland, komiker<\/p>\n<\/li>\n<li>\n<p>Oliver Bergset, TikToker<\/p>\n<\/li>\n<li>\n<p>Janne Amble, journalist og programleder<\/p>\n<\/li>\n<li>\n<p>Thor Haavik, prest<\/p>\n<\/li>\n<li>\n<p>Amalie Olsen Gjers\u00f8e, influencer<\/p>\n<\/li>\n<li>\n<p>Alessandra Watle Mele, artist<\/p>\n<\/li>\n<li>\n<p>Anna-Lisa Adjo Hosen Kumordzie, artist<\/p>\n<\/li>\n<li>\n<p>Peter Moi Bubresko, programleder<\/p>\n<\/li>\n<li>\n<p>Andrea Zeline Eriksen, tv-profil<\/p>\n<\/li>\n<\/ul>\n<p class=\"font-weight-bold m-font-weight-bold\" data-lab-font_weight=\"font-weight-bold\">Les ogs\u00e5: <a href=\"https:\/\/www.abcnyheter.no\/nyheter\/disse-tjente-best-i-skal-vi-danse\/1313774\" target=\"_blank\" rel=\"nofollow noopener\">Disse tjente best i\u00a0Skal vi danse<\/a><\/p>\n","protected":false},"excerpt":{"rendered":"Tolv nye kjendiser gj\u00f8r seg klare for strengt milit\u00e6rregime n\u00e5r syvende sesong av \u00abKompani Lauritzen\u00bb marsjerer over skjermen&hellip;\n","protected":false},"author":2,"featured_media":104216,"comment_status":"","ping_status":"","sticky":false,"template":"","format":"standard","meta":{"footnotes":""},"categories":[58],"tags":[71,30,28,29,72],"class_list":{"0":"post-104215","1":"post","2":"type-post","3":"status-publish","4":"format-standard","5":"has-post-thumbnail","7":"category-underholdning","8":"tag-entertainment","9":"tag-no","10":"tag-norge","11":"tag-norway","12":"tag-underholdning"},"share_on_mastodon":{"url":"https:\/\/pubeurope.com\/@no\/115662257083373363","error":""},"_links":{"self":[{"href":"https:\/\/www.europesays.com\/no\/wp-json\/wp\/v2\/posts\/104215","targetHints":{"allow":["GET"]}}],"collection":[{"href":"https:\/\/www.europesays.com\/no\/wp-json\/wp\/v2\/posts"}],"about":[{"href":"https:\/\/www.europesays.com\/no\/wp-json\/wp\/v2\/types\/post"}],"author":[{"embeddable":true,"href":"https:\/\/www.europesays.com\/no\/wp-json\/wp\/v2\/users\/2"}],"replies":[{"embeddable":true,"href":"https:\/\/www.europesays.com\/no\/wp-json\/wp\/v2\/comments?post=104215"}],"version-history":[{"count":0,"href":"https:\/\/www.europesays.com\/no\/wp-json\/wp\/v2\/posts\/104215\/revisions"}],"wp:featuredmedia":[{"embeddable":true,"href":"https:\/\/www.europesays.com\/no\/wp-json\/wp\/v2\/media\/104216"}],"wp:attachment":[{"href":"https:\/\/www.europesays.com\/no\/wp-json\/wp\/v2\/media?parent=104215"}],"wp:term":[{"taxonomy":"category","embeddable":true,"href":"https:\/\/www.europesays.com\/no\/wp-json\/wp\/v2\/categories?post=104215"},{"taxonomy":"post_tag","embeddable":true,"href":"https:\/\/www.europesays.com\/no\/wp-json\/wp\/v2\/tags?post=104215"}],"curies":[{"name":"wp","href":"https:\/\/api.w.org\/{rel}","templated":true}]}}