{"id":104217,"date":"2025-12-04T16:36:08","date_gmt":"2025-12-04T16:36:08","guid":{"rendered":"https:\/\/www.europesays.com\/no\/104217\/"},"modified":"2025-12-04T16:36:08","modified_gmt":"2025-12-04T16:36:08","slug":"sprengde-fregatt-midt-i-fiskefelt-minister-varslar-full-gjennomgang-nrk-nordland","status":"publish","type":"post","link":"https:\/\/www.europesays.com\/no\/104217\/","title":{"rendered":"Sprengde fregatt midt i fiskefelt \u2013 minister varslar full gjennomgang \u2013 NRK Nordland"},"content":{"rendered":"<p>Saken oppsummert<\/p>\n<ul>\n<li>Forsvaret senket to utrangerte fregatter under en \u00f8velse i Andfjorden i september.<\/li>\n<li>\u00c9n av fregattene, KNM \u00abBergen\u00bb, ble senket p\u00e5 125 meters dyp midt i fiskefeltet Svengrunnen.<\/li>\n<li>Fiskere reagerer kraftig og frykter tapt redskap, sp\u00f8kelsesfiske og permanent skade p\u00e5 feltet.<\/li>\n<li>Klima- og milj\u00f8departementet innr\u00f8mmer at de ikke visste hvor fart\u00f8yene ble dumpet f\u00f8r etter \u00f8velsen.<\/li>\n<li>Departementet varsler n\u00e5 full gjennomgang av om senkingen kan v\u00e6re brudd p\u00e5 regelverket.<\/li>\n<li>MDG har l\u00f8ftet saken til Stortinget og ber om vurdering opp mot forurensningsloven.<\/li>\n<li>Havforskningsinstituttet beskriver omr\u00e5det som s\u00e6rlig s\u00e5rbart, med viktige gyteomr\u00e5der og et n\u00e6rliggende korallrev.<\/li>\n<li>Fiskeridirektoratet avviser Forsvarets p\u00e5stand om at lokasjonen var avklart \u2013 de sier de advarte mot nettopp dette.<\/li>\n<li>Forsvaret forsvarer senkingen som n\u00f8dvendig for \u00e5 teste v\u00e5pen, og har ingen planer om \u00e5 fjerne vraket.<\/li>\n<li>Fiskere og milj\u00f8organisasjoner krever opprydding, men departementet vil ikke si om det blir aktuelt.<\/li>\n<\/ul>\n<p>Oppsummeringen er laget av en KI-tjeneste fra OpenAI. Innholdet er kvalitetssikret av NRKs journalister f\u00f8r publisering.<\/p>\n<p><strong>\u2013 Dei senkar ein fregatt midt p\u00e5 fiskefeltet. Det er h\u00e5rreisande.<\/strong><\/p>\n<p>Det seier fiskar Inge Eide fr\u00e5 Torsken p\u00e5 Senja til NRK-programmet Helgemorgon.<\/p>\n<p>I september brukte Forsvaret to utrangerte fregattar som bombem\u00e5l under \u00f8vinga \u00abEiger\u00bb i Andfjorden mellom And\u00f8ya og Senja. Den eine, KNM \u00abTrondheim\u00bb, blei senka p\u00e5 rundt 1000 meters djup.<\/p>\n<p>Den andre, KNM \u00abBergen\u00bb, blei senka p\u00e5 berre 125 meters djup, midt p\u00e5 fiskefeltet Svengrunnen.<\/p>\n<p>Fiskarane i omr\u00e5det har reagert kraftig, og Fiskeridirektoratet har offentleg g\u00e5tt imot Forsvarets versjon av saka.<\/p>\n<p>No viser det seg at heller ikkje regjeringa sat med heile bildet d\u00e5 \u00f8vinga blei gjennomf\u00f8rt.<\/p>\n<p>\u2013 Meir informasjon kom f\u00f8rst i etterkant<\/p>\n<p>I forkant av \u00f8vinga signaliserte Milj\u00f8direktoratet at utslepp fr\u00e5 skyte\u00f8vingar blir rekna som \u00abvanleg forureining\u00bb, og derfor kan f\u00e5r fritak fr\u00e5 s\u00f8knadsplikt, s\u00e5 lenge det skjer p\u00e5 ein eigna stad.<\/p>\n<p><img decoding=\"async\"   src=\"data:image\/gif;base64,R0lGODlhAQABAIAAAAAAAP\/\/\/yH5BAEAAAAALAAAAAABAAEAAAIBRAA7\" loading=\"eager\" alt=\"Kn\u00f8lhval i Andfjorden\" title=\"Foto: Kenneth Pettersen\"\/><\/p>\n<p class=\"\">Andfjorden er kjent som ein rik fiskefjord. Her jakter kn\u00f8lkval p\u00e5 sild. <\/p>\n<p>Foto: Kenneth Pettersen<\/p>\n<p>I dag seier Klima- og milj\u00f8departementet at dei f\u00f8rst i ettertid fekk meir detaljert informasjon om kva som faktisk skjedde.<\/p>\n<p>\u2013 I etterkant av \u00f8vinga har det kome fram meir informasjon om talet p\u00e5 skip som blei senka, og vidare om kor dette skjedde, skriv statssekret\u00e6r Kristoffer Hansen (Ap) i ein e-post til NRK.<\/p>\n<ul class=\"dhpg__gallery__list\">\n<li class=\"dhpg__gallery__listItem\"><img alt=\"En ung mann st\u00e5r i et moderne kontormilj\u00f8, if\u00f8rt en blazer og hvit skjorte. Bakgrunnen viser uskarpe bilder av innredning og kunstverk. Belysningen er myk, med flere taklamper som lyser opp rommet. Mannen har en neutral holdning og ser mot kameraet.\"  width=\"2400\" height=\"2400\" loading=\"lazy\"\/>Kristoffer Hansen\n<ul>\n<li>Statssekret\u00e6r i\u00a0Klima- og milj\u00f8departementet<\/li>\n<\/ul>\n<\/li>\n<\/ul>\n<p>No varslar departementet ein full gjennomgang.<\/p>\n<p>\u2013 Det b\u00f8r blant anna bli vurdert n\u00e6rare om senkinga skjedde p\u00e5 ein eigna stad, i tr\u00e5d med f\u00f8ringane Milj\u00f8direktoratet gav gjennom kontakten sin med Forsvaret.<\/p>\n<p>\u2013 Korleis kunne dette skje?<\/p>\n<p>Saka er ogs\u00e5 l\u00f8fta inn i Stortinget.<\/p>\n<p>Stortingsrepresentant fr\u00e5 MDG, Siren Julianne Jensen har stilt eit skriftleg sp\u00f8rsm\u00e5l til klima- og milj\u00f8ministeren der ho ber om ei vurdering av om senkinga p\u00e5 Svengrunnen var i strid med forureiningslova.<\/p>\n<p>Jensen reagerer blant anna p\u00e5 at Milj\u00f8direktoratet gav unntak fr\u00e5 s\u00f8knadsplikt utan \u00e5 vite kor skipet skulle s\u00f8kkast. Ho peikar ogs\u00e5 p\u00e5 at direktoratet bad Forsvaret \u00abavklare eigna lokalitet\u00bb med kommune og statsforvaltar, noko som ikkje blei gjort.<\/p>\n<p>Jensen meiner ein hundre meter lang fregatt midt i eit fiskefelt umogleg kan kallast \u00abvanleg forureining\u00bb.<\/p>\n<p>    <img alt=\"En kvinne som smiler til kameraet\"  loading=\"lazy\"\/><img alt=\"En mann i bl\u00e5 dress st\u00e5r foran et kamera i en moderne innend\u00f8rs setting. Det er synlige personer i bakgrunnen, samt planter og lysinstallasjoner. Mannen ser mot kameraet, mens mikrofoner er plassert i n\u00e6rheten. Omgivelsene tyder p\u00e5 en offentlig eller offisiell begivenhet.\"  loading=\"lazy\"\/><\/p>\n<p>Siren Julianne Jensen i MDG har stilt sp\u00f8rsm\u00e5l i Stortinget om lovlegheita av fregatt-senkinga. Klima- og milj\u00f8minister Andreas Bjelland Eriksen (Ap) svarer at regjeringa n\u00e5 vurderer saka p\u00e5 nytt.<\/p>\n<p>Stortinget og Milana Knezevic \/ NRK<\/p>\n<p>I sitt svar til Stortinget bekreftar klima- og milj\u00f8minister Andreas Bjelland Eriksen (Ap) at ny informasjon no tvingar fram ein ny gjennomgang:<\/p>\n<p>\u00abI etterkant har det p\u00e5 enkelte punkt kome fram ny informasjon om omfanget og konsekvensane. I lys av dette vil det no bli gjort ei n\u00e6rare vurdering av forholdet til forureiningslova.\u00bb<\/p>\n<p>\u2013 Ei ordentleg felle<\/p>\n<p>For fiskar Inge Eide er det lita tr\u00f8yst at departementet no ser p\u00e5 saka p\u00e5 nytt. Han har fiska med line p\u00e5 Svengrunnen i 30 \u00e5r.<\/p>\n<p>\u2013 Alle fiskefelta er viktige, men vi har rodd med lina her i 30 \u00e5r. Det er ikkje berre vi som ror med line, det er garn, snurrevad og alt det her, seier Eide.<\/p>\n<p>I NRKs Helgemorgen-sending s\u00f8ndag m\u00f8ttest fiskar, forskar, Forsvaret og Fiskeridirektoratet for \u00e5 diskutere senkinga av KNM Bergen.<\/p>\n<p>Han fryktar at fregattvraket vil gjere feltet b\u00e5de farleg og kostbart \u00e5 bruke for fiskarane.<\/p>\n<p>\u2013 Det her kjem til \u00e5 bli ei ordentleg felle. Garn, line og snurrevad kan sette seg fast og bli slite sund. Vi har ikkje r\u00e5d til \u00e5 miste bruk p\u00e5 eit vrak som Forsvaret har dumpa her, seier han.<\/p>\n<p>Eide fryktar s\u00e5kalla sp\u00f8kelsesfiske, der tapt reiskap blir st\u00e5ande \u00e5 fiske og drepe i \u00e5revis.<\/p>\n<p>\u2013 Om du hiv s\u00f8ppel p\u00e5 havet, blir du nesten nakkeskoten. Men Forsvaret kan dumpe ein fregatt midt p\u00e5 fiskefeltet. For meg verkar dette som grov aktl\u00f8yse, seier han, og fortel at han vurderer \u00e5 melde Forsvaret.<\/p>\n<p>Havforskar: \u2013 Veldig naturrikt og s\u00e5rbart omr\u00e5de<\/p>\n<p>Havforskingsinstituttet bekreftar at Svengrunnen og omr\u00e5da rundt er blant dei mest s\u00e5rbare havomr\u00e5da vi har.<\/p>\n<p>\u2013 Dette er eit viktig gyte- og oppvekstomr\u00e5de for fisk, blant anna skrei, seier forskingssjef Frode Vikeb\u00f8.<\/p>\n<ul class=\"dhpg__gallery__list\">\n<li class=\"dhpg__gallery__listItem\"><img alt=\"Havforskningsinstituttet om mineralutvinning p\u00e5 havbunnen\"  width=\"2400\" height=\"2400\" loading=\"lazy\"\/>Frode Vikeb\u00f8\n<ul>\n<li>Forskningssjef ved Havforskningsinstituttet<\/li>\n<\/ul>\n<\/li>\n<\/ul>\n<p>Han beskriv omr\u00e5det som ein biologisk n\u00f8kkelregion, prega av sterke straumar og n\u00e6ringsrike vassmassar. Like s\u00f8r for der senkinga skjedde, ligg dessutan Steinarv\u00e6rrevet, eit av Noregs flottaste korallrev.<\/p>\n<p>\u2013 Den st\u00f8rste risikoen er vrakrestar som kan rive sund fiskereiskapar. Det kan gi sp\u00f8kelsesfiske, og det er noko ein sv\u00e6rt gjerne vil unng\u00e5. Arealet langs kysten er under sterkt press, og slike \u00f8vingar krev n\u00f8yare vurderingar, seier Vikeb\u00f8.<\/p>\n<p>Fiskeridirekt\u00f8ren: \u2013 Forklaringa halde ikkje vatn<\/p>\n<p>Forsvaret har tidlegare sagt at plasseringa skjedde i samr\u00e5d med Fiskeridirektoratet.<\/p>\n<p>Dette avviser fiskeridirekt\u00f8r og tidlegare forsvarsminister Frank Bakke-Jensen.<\/p>\n<p>\u2013 Forklaringa som f\u00f8rst kom, heldt ikkje vatn. Det blei sagt at vi hadde anbefalt dette, det har vi ikkje, seier Bakke-Jensen.<\/p>\n<ul class=\"dhpg__gallery__list\">\n<li class=\"dhpg__gallery__listItem\"><img alt=\"Frank Bakke- Jensen\"  width=\"2400\" height=\"2400\" loading=\"lazy\"\/>Frank Bakke-Jensen<\/li>\n<\/ul>\n<p>Han seier direktoratet eksplisitt \u00e5tvara mot nettopp denne lokasjonen.<\/p>\n<p>\u2013 Om dei gjorde det der, ville denne delen av fiskefeltet vere permanent sperra for mange bruk og fiskarar. Det sa vi tydeleg fr\u00e5 om, seier han.<\/p>\n<p>Forsvaret: \u2013 Strengt n\u00f8dvendig \u00e5 teste v\u00e5pena<\/p>\n<p>Sj\u00f8forsvaret forsvarer likevel avgjerda om \u00e5 senke KNM \u00abBergen\u00bb nettopp her.<\/p>\n<p>\u2013 Eg har stor forst\u00e5ing for at enkelte kan oppleve dette som un\u00f8dvendig. Men det er viktigare enn p\u00e5 lenge \u00e5 sikre truverdig avskrekking. D\u00e5 m\u00e5 vi teste v\u00e5pena v\u00e5re, seier sjef for Sj\u00f8forsvaret, kontreadmiral Oliver Berdal.<\/p>\n<ul class=\"dhpg__gallery__list\">\n<li class=\"dhpg__gallery__listItem\"><img alt=\"en mann i uniform \"  width=\"2400\" height=\"2400\" loading=\"lazy\"\/>Oliver Berdal<\/li>\n<\/ul>\n<p>Han peikar p\u00e5 at Forsvaret fekk tildelt eit avgrensa omr\u00e5de innanfor testfeltet.<\/p>\n<p>\u2013 Fart\u00f8yet var milj\u00f8sanert. Det brekte i to og ligg konsentrert p\u00e5 eit omr\u00e5de p\u00e5 omtrent 100 meter i diameter. Posisjonen er meld inn til Sj\u00f8kartverket og BarentsWatch. Det er ingen grunn til \u00e5 sette bruk rett p\u00e5 vraket, seier Berdal.<\/p>\n<p>\u2013 Vi beklagar overfor fiskarane at det m\u00e5tte gjerast der. Men det var strengt n\u00f8dvendig, seier han.<\/p>\n<p>Ingen l\u00f8ftar om opprydding<\/p>\n<p>Fiskarar, lokalpolitikarar og milj\u00f8organisasjonar har kravd at vraket blir fjerna.<\/p>\n<p>Forsvaret avviser dette.<\/p>\n<p>\u2013 Vi har ingen planar om \u00e5 fjerne vraket, seier Berdal.<\/p>\n<p>Klima- og milj\u00f8departementet vil ikkje svare p\u00e5 om ei eventuell ulovleg senking vil utl\u00f8yse krav om heving eller opprydding.<\/p>\n<p>\u2013 Det er for tidleg \u00e5 seie noko om kva oppf\u00f8lging dette vil ha. Vi m\u00e5 f\u00f8rst vurdere saka n\u00e6rare, skriv Hansen.<\/p>\n<p>Fisker Inge Eide p\u00e5 Senja har lita tru p\u00e5 at noko skjer.<\/p>\n<p>\u2013 Det rette hadde vore \u00e5 heve b\u00e5ten eller flytte han. Men det trur eg aldri kjem til \u00e5 skje, seier han.<\/p>\n<p>    Hei!<\/p>\n<p>Takk for at du leste saken.<\/p>\n<p>Har du sett noe som burde v\u00e6rt fortalt? Noe du lurer p\u00e5, reagerer p\u00e5 \u2013 eller bare tenker at vi burde vite om?<\/p>\n<p>Publisert<\/p>\n<p>04.12.2025, kl. 16.52<\/p>\n<p>Oppdatert<\/p>\n<p>04.12.2025, kl. 17.07<\/p>\n","protected":false},"excerpt":{"rendered":"Saken oppsummert Forsvaret senket to utrangerte fregatter under en \u00f8velse i Andfjorden i september. \u00c9n av fregattene, KNM&hellip;\n","protected":false},"author":2,"featured_media":69854,"comment_status":"","ping_status":"","sticky":false,"template":"","format":"standard","meta":{"footnotes":""},"categories":[10],"tags":[20,21,24,25,15,22,23,13,30,28,29,14,16,26,27],"class_list":{"0":"post-104217","1":"post","2":"type-post","3":"status-publish","4":"format-standard","5":"has-post-thumbnail","7":"category-norge","8":"tag-breaking-news","9":"tag-breakingnews","10":"tag-featured-news","11":"tag-featurednews","12":"tag-headlines","13":"tag-latest-news","14":"tag-latestnews","15":"tag-news","16":"tag-no","17":"tag-norge","18":"tag-norway","19":"tag-nyheter","20":"tag-overskrifter","21":"tag-top-stories","22":"tag-topstories"},"share_on_mastodon":{"url":"https:\/\/pubeurope.com\/@no\/115662276756930985","error":""},"_links":{"self":[{"href":"https:\/\/www.europesays.com\/no\/wp-json\/wp\/v2\/posts\/104217","targetHints":{"allow":["GET"]}}],"collection":[{"href":"https:\/\/www.europesays.com\/no\/wp-json\/wp\/v2\/posts"}],"about":[{"href":"https:\/\/www.europesays.com\/no\/wp-json\/wp\/v2\/types\/post"}],"author":[{"embeddable":true,"href":"https:\/\/www.europesays.com\/no\/wp-json\/wp\/v2\/users\/2"}],"replies":[{"embeddable":true,"href":"https:\/\/www.europesays.com\/no\/wp-json\/wp\/v2\/comments?post=104217"}],"version-history":[{"count":0,"href":"https:\/\/www.europesays.com\/no\/wp-json\/wp\/v2\/posts\/104217\/revisions"}],"wp:featuredmedia":[{"embeddable":true,"href":"https:\/\/www.europesays.com\/no\/wp-json\/wp\/v2\/media\/69854"}],"wp:attachment":[{"href":"https:\/\/www.europesays.com\/no\/wp-json\/wp\/v2\/media?parent=104217"}],"wp:term":[{"taxonomy":"category","embeddable":true,"href":"https:\/\/www.europesays.com\/no\/wp-json\/wp\/v2\/categories?post=104217"},{"taxonomy":"post_tag","embeddable":true,"href":"https:\/\/www.europesays.com\/no\/wp-json\/wp\/v2\/tags?post=104217"}],"curies":[{"name":"wp","href":"https:\/\/api.w.org\/{rel}","templated":true}]}}