{"id":104218,"date":"2025-12-04T16:38:13","date_gmt":"2025-12-04T16:38:13","guid":{"rendered":"https:\/\/www.europesays.com\/no\/104218\/"},"modified":"2025-12-04T16:38:13","modified_gmt":"2025-12-04T16:38:13","slug":"til-fotball-jens-apner-opp-det-er-noe-man-drommer-om","status":"publish","type":"post","link":"https:\/\/www.europesays.com\/no\/104218\/","title":{"rendered":"TIL, Fotball | Jens \u00e5pner opp: \u2013 Det er noe man dr\u00f8mmer om"},"content":{"rendered":"\n<p>Jens Hjert\u00f8-Dahl (20) er av de heteste spillerne p\u00e5 bronse-TIL, av s\u00e5 mange grunner.<\/p>\n<p>Han er med som gjest i en liten ekstra-episode av v\u00e5r fotballpodkast FireFireBlod.<\/p>\n<ul>\n<li><b>H\u00f8r episode 235 av FireFireBlod her:<\/b><\/li>\n<\/ul>\n<p>T\u00e5rer, Lambada og VM-sjanse<\/p>\n<p>Det ble en riktig hyggelig dr\u00f8y time, der det virkelig l\u00f8snet n\u00e5r pliktl\u00f8pene om klubbfremtid og interesse fra store nasjoner i Europa var unnagjort.<\/p>\n<p>I episoden er Hjert\u00f8-Dahl og det faste panelet blant annet innom:<\/p>\n<ul>\n<li>Fuktig bronsefeiring i tre etapper<\/li>\n<li>VAR som stjal et m\u00e5l fra Jens<\/li>\n<li>U21-landslaget<\/li>\n<li>En liten VM-sjanse<\/li>\n<li>Er han \u00abkongen p\u00e5 barnebordet\u00bb?<\/li>\n<li>T\u00e5rer i bilen p\u00e5 vei hjem<\/li>\n<li>Lambada<\/li>\n<li>Sesongkort hos lokal klubb<\/li>\n<li>Holder p\u00e5 barndomskompisene<\/li>\n<li>Gaming-favorittene<\/li>\n<li>L\u00f8fte om en \u00ablast dance\u00bb p\u00e5 Gr\u00fcnder<\/li>\n<li>Vik-parodier<\/li>\n<li>Jens sin egen \u00abwatch\u00bb<\/li>\n<li>Siste om inn og ut i TIL<\/li>\n<\/ul>\n<p>  <a href=\"https:\/\/www.nordlys.no\/5-34-2255059\" class=\"related-teaser has-image default-story-teaser article--c-eRUmMG article--c-eRUmMG-jKCPdD-design-default\" rel=\"nofollow noopener\" target=\"_blank\"><\/p>\n<p>    <img decoding=\"async\" loading=\"lazy\"  src=\"https:\/\/www.europesays.com\/no\/wp-content\/uploads\/2025\/12\/1764866292_395_GrundtNY.jpg\" alt=\"\" class=\"brick-c-cFOWSL\" style=\"\"\/><\/p>\n<p>\n            Les ogs\u00e5<\/p>\n<p>              Trapper opp jakten p\u00e5 brennhet spiller: \u2013 Kult at de er interessert\n        <\/p>\n<p>  <\/a><br \/>\n  Finn og f\u00f8lg podkasten<\/p>\n<p>Alle v\u00e5re 235 episoder av FireFireBlod (tidligere kjent som JoMos Kosmos) er tilgjengelige og lette \u00e5 s\u00f8ke opp b\u00e5de p\u00e5 Spotify, Apple Podcasts (iTunes) og Omny.<\/p>\n<p><b><a href=\"https:\/\/bsky.app\/profile\/firefireblod.bsky.social\" rel=\"Follow nofollow noopener\" target=\"_blank\">F\u00f8lg FireFireBlod p\u00e5 BlueSky<\/a>.<\/b><\/p>\n<p><b><a href=\"https:\/\/x.com\/FireFireBlod\" rel=\"Follow nofollow\">F\u00f8lg FireFireBlod p\u00e5 X<\/a>.<\/b><\/p>\n<p><b><a href=\"https:\/\/www.instagram.com\/firefireblod\/\" rel=\"Follow nofollow noopener\" target=\"_blank\">F\u00f8lg FireFireBlod p\u00e5 Instagram<\/a>.<\/b><\/p>\n<p>  <a href=\"https:\/\/www.nordlys.no\/5-34-2255435\" class=\"related-teaser has-image default-story-teaser article--c-eRUmMG article--c-eRUmMG-jKCPdD-design-default\" rel=\"nofollow noopener\" target=\"_blank\"><\/p>\n<p>    <img decoding=\"async\" loading=\"lazy\"  src=\"https:\/\/www.europesays.com\/no\/wp-content\/uploads\/2025\/12\/1764866293_210_TroyNY.jpg\" alt=\"\" class=\"brick-c-cFOWSL\" style=\"\"\/><\/p>\n<p>\n            Les ogs\u00e5<\/p>\n<p>              N\u00e6rmer seg: Troy (19) kan bli nytt rekordkj\u00f8p\n        <\/p>\n<p>  <\/a><\/p>\n<p><script async src=\"\/\/www.instagram.com\/embed.js\"><\/script><\/p>\n","protected":false},"excerpt":{"rendered":"Jens Hjert\u00f8-Dahl (20) er av de heteste spillerne p\u00e5 bronse-TIL, av s\u00e5 mange grunner. Han er med som&hellip;\n","protected":false},"author":2,"featured_media":104219,"comment_status":"","ping_status":"","sticky":false,"template":"","format":"standard","meta":{"footnotes":""},"categories":[59],"tags":[36,134,1271,92,13094,30,28,29,3978,1270,83,82,1510,471],"class_list":{"0":"post-104218","1":"post","2":"type-post","3":"status-publish","4":"format-standard","5":"has-post-thumbnail","7":"category-sport","8":"tag-art","9":"tag-eliteserien","10":"tag-firefireblod","11":"tag-fotball","12":"tag-jens-hjerto-dahl","13":"tag-no","14":"tag-norge","15":"tag-norway","16":"tag-overgangsvindu","17":"tag-podkast","18":"tag-sport","19":"tag-sports","20":"tag-story","21":"tag-til"},"share_on_mastodon":{"url":"https:\/\/pubeurope.com\/@no\/115662284793666715","error":""},"_links":{"self":[{"href":"https:\/\/www.europesays.com\/no\/wp-json\/wp\/v2\/posts\/104218","targetHints":{"allow":["GET"]}}],"collection":[{"href":"https:\/\/www.europesays.com\/no\/wp-json\/wp\/v2\/posts"}],"about":[{"href":"https:\/\/www.europesays.com\/no\/wp-json\/wp\/v2\/types\/post"}],"author":[{"embeddable":true,"href":"https:\/\/www.europesays.com\/no\/wp-json\/wp\/v2\/users\/2"}],"replies":[{"embeddable":true,"href":"https:\/\/www.europesays.com\/no\/wp-json\/wp\/v2\/comments?post=104218"}],"version-history":[{"count":0,"href":"https:\/\/www.europesays.com\/no\/wp-json\/wp\/v2\/posts\/104218\/revisions"}],"wp:featuredmedia":[{"embeddable":true,"href":"https:\/\/www.europesays.com\/no\/wp-json\/wp\/v2\/media\/104219"}],"wp:attachment":[{"href":"https:\/\/www.europesays.com\/no\/wp-json\/wp\/v2\/media?parent=104218"}],"wp:term":[{"taxonomy":"category","embeddable":true,"href":"https:\/\/www.europesays.com\/no\/wp-json\/wp\/v2\/categories?post=104218"},{"taxonomy":"post_tag","embeddable":true,"href":"https:\/\/www.europesays.com\/no\/wp-json\/wp\/v2\/tags?post=104218"}],"curies":[{"name":"wp","href":"https:\/\/api.w.org\/{rel}","templated":true}]}}