{"id":104220,"date":"2025-12-04T16:39:56","date_gmt":"2025-12-04T16:39:56","guid":{"rendered":"https:\/\/www.europesays.com\/no\/104220\/"},"modified":"2025-12-04T16:39:56","modified_gmt":"2025-12-04T16:39:56","slug":"har-fatt-sitt-forste-barn","status":"publish","type":"post","link":"https:\/\/www.europesays.com\/no\/104220\/","title":{"rendered":"Har f\u00e5tt sitt f\u00f8rste barn"},"content":{"rendered":"<p>  \u00abVerdens fineste julegave\u00bb skriver artisten under bildet.\u00a0<\/p>\n<p>\n    R\u00d8PER: Agnete Saba deler en hyggelig nyhet med f\u00f8lgerne. Foto: Thomas Andersen \/ TV 2\n  <\/p>\n<p>Artist Agnete Saba (31) har f\u00e5tt sitt f\u00f8rste barn. Det deler hun p\u00e5 Instagram, der hun viser frem babyen, og skriver \u00abVerdens fineste julegave\u00bb.\u00a0<\/p>\n<p>          <img loading=\"lazy\" decoding=\"async\" src=\"https:\/\/www.europesays.com\/no\/wp-content\/uploads\/2025\/12\/83929081.webp\" width=\"686\" height=\"927\" title=\"Instagram \/ @aggibaggi\" alt=\"\" class=\"\" style=\"--aspect-ratio-image: 0.74; \"\/><\/p>\n<p>\n          Instagram \/ @aggibaggi\n      <\/p>\n<p>Saba og forloveden Johannes Foslund bekreftet i sommer at de ventet barn sammen.\u00a0<\/p>\n<p>        NYLIG SINGEL: P\u00e5l \u00abOnkel P\u00bb T\u00f8ien avsl\u00f8rer hvem av \u00abRampenissen\u00bb-meddeltakerne han vil kysse under mistelteinen. Men hans utk\u00e5rede er ikke helt p\u00e5 b\u00f8lgelende. Reporter: Victoria L\u00f8vik\/ Sanne Holt. Video: \u00abBeliggenhet, beliggenhet, beliggenhet\u00bb\/ Viaplay\/ Sanne Holt\/ R\u00f8d L\u00f8per<\/p>\n<p>Saba ble et kjent navn da hun\u00a0i 2008 da hun vant MGP jr. sammen med gruppa \u00abBlacksheeps\u00bb.<\/p>\n<p>Siden den gang har hun vunnet \u00abSkal vi danse\u00bb og deltatt i Eurovision Song Contest, \u00abStjernekamp\u00bb og\u00a0\u00abHver gang vi m\u00f8tes\u00bb.<\/p>\n","protected":false},"excerpt":{"rendered":"\u00abVerdens fineste julegave\u00bb skriver artisten under bildet.\u00a0 R\u00d8PER: Agnete Saba deler en hyggelig nyhet med f\u00f8lgerne. Foto: Thomas&hellip;\n","protected":false},"author":2,"featured_media":104221,"comment_status":"","ping_status":"","sticky":false,"template":"","format":"standard","meta":{"footnotes":""},"categories":[58],"tags":[12956,71,479,2543,30,28,29,72],"class_list":{"0":"post-104220","1":"post","2":"type-post","3":"status-publish","4":"format-standard","5":"has-post-thumbnail","7":"category-underholdning","8":"tag-agnete-saba","9":"tag-entertainment","10":"tag-kjendis","11":"tag-kjendisdesken","12":"tag-no","13":"tag-norge","14":"tag-norway","15":"tag-underholdning"},"share_on_mastodon":{"url":"https:\/\/pubeurope.com\/@no\/115662292750145713","error":""},"_links":{"self":[{"href":"https:\/\/www.europesays.com\/no\/wp-json\/wp\/v2\/posts\/104220","targetHints":{"allow":["GET"]}}],"collection":[{"href":"https:\/\/www.europesays.com\/no\/wp-json\/wp\/v2\/posts"}],"about":[{"href":"https:\/\/www.europesays.com\/no\/wp-json\/wp\/v2\/types\/post"}],"author":[{"embeddable":true,"href":"https:\/\/www.europesays.com\/no\/wp-json\/wp\/v2\/users\/2"}],"replies":[{"embeddable":true,"href":"https:\/\/www.europesays.com\/no\/wp-json\/wp\/v2\/comments?post=104220"}],"version-history":[{"count":0,"href":"https:\/\/www.europesays.com\/no\/wp-json\/wp\/v2\/posts\/104220\/revisions"}],"wp:featuredmedia":[{"embeddable":true,"href":"https:\/\/www.europesays.com\/no\/wp-json\/wp\/v2\/media\/104221"}],"wp:attachment":[{"href":"https:\/\/www.europesays.com\/no\/wp-json\/wp\/v2\/media?parent=104220"}],"wp:term":[{"taxonomy":"category","embeddable":true,"href":"https:\/\/www.europesays.com\/no\/wp-json\/wp\/v2\/categories?post=104220"},{"taxonomy":"post_tag","embeddable":true,"href":"https:\/\/www.europesays.com\/no\/wp-json\/wp\/v2\/tags?post=104220"}],"curies":[{"name":"wp","href":"https:\/\/api.w.org\/{rel}","templated":true}]}}