{"id":104222,"date":"2025-12-04T16:45:19","date_gmt":"2025-12-04T16:45:19","guid":{"rendered":"https:\/\/www.europesays.com\/no\/104222\/"},"modified":"2025-12-04T16:45:19","modified_gmt":"2025-12-04T16:45:19","slug":"utsatt-for-sa-mye-gass-at-maleren-ble-slatt-ut","status":"publish","type":"post","link":"https:\/\/www.europesays.com\/no\/104222\/","title":{"rendered":"Utsatt for s\u00e5 mye gass at m\u00e5leren ble sl\u00e5tt ut"},"content":{"rendered":"\n<ul class=\"_list_o9xde_3 _list_64s2r_85 _unordered_o9xde_106 text-sans-m\">\n<li class=\"_item_o9xde_30\">To arbeidere hos Equinor p\u00e5 Mongstad kan ha blitt utsatt for farlige niv\u00e5er av kreftfremkallende gass.<\/li>\n<li class=\"_item_o9xde_30\">Den h\u00f8yeste m\u00e5lte gasskonsentrasjonen var 756,8 ppm, mye h\u00f8yere enn Equinors egne maksgrense.<\/li>\n<li class=\"_item_o9xde_30\">Equinor brukte 22 dager p\u00e5 \u00e5 varsle myndighetene om hendelsen.<\/li>\n<li class=\"_item_o9xde_30\">Arbeiderne bar masker, men \u00e9n var skadet og det er usikkerhet om riktig verneutstyr ble brukt.<\/li>\n<li class=\"_item_o9xde_30\">Myndighetene ser sv\u00e6rt alvorlig p\u00e5 saken og Equinor har eskalert sin egen gransking opp p\u00e5 konsernniv\u00e5.<\/li>\n<\/ul>\n<p>Vis mer <\/p>\n<p class=\"_paragraph_o9xde_4 _paragraph_xtcu6_10 layout-component text-serif-m layout-normal text-serif-m layout-padded\">To arbeidere p\u00e5 oljerafinneriet <a href=\"https:\/\/www.vg.no\/tag\/mongstad?utm_source=vg-article&amp;utm_medium=auto-tagger&amp;utm_campaign=43j98a\" class=\"_link_o9xde_39\" rel=\"nofollow noopener\" target=\"_blank\">Mongstad<\/a> ble i slutten av oktober eksponert for en alvorlig mengde gass.<\/p>\n<p class=\"_paragraph_o9xde_4 _paragraph_xtcu6_10 layout-component text-serif-m layout-normal text-serif-m layout-padded\">De to ble satt til \u00e5 b\u00e6re \u00e5pne 10-litersb\u00f8tter som inneholdt naftanaftaNafta skilles fra r\u00e5oljen og  brukes som r\u00e5materiale i petrokjemisk industri, som l\u00f8semiddel, og som drivstoff. Brukes blant annet som r\u00e5stoff for \u00e5 lage bensin.. <\/p>\n<p class=\"_paragraph_o9xde_4 _paragraph_xtcu6_10 layout-component text-serif-m layout-normal text-serif-m layout-padded\">Det er et stoff som kommer opp sammen med oljen som tas i land p\u00e5 Mongstad. <\/p>\n<p class=\"_paragraph_o9xde_4 _paragraph_xtcu6_10 layout-component text-serif-m layout-normal text-serif-m layout-padded\">Naftaen i b\u00f8ttene var flytende, men fordamperfordamperBetyr at deler av v\u00e6sken g\u00e5r over i gassform. veldig lett. <\/p>\n<p class=\"_paragraph_o9xde_4 _paragraph_xtcu6_10 layout-component text-serif-m layout-normal text-serif-m layout-padded\">Nafta inneholder en blanding av en rekke stoffer, deriblant benzenbenzenFinnes naturlig i r\u00e5olje og bensin og er et kjent kreftfremkallende stoff som kan for\u00e5rsake leukemi ved inn\u00e5nding eller kontakt med hud, og er giftig., som er kreftfremkallende. <\/p>\n<p class=\"_paragraph_o9xde_4 _paragraph_xtcu6_10 layout-component text-serif-m layout-normal text-serif-m layout-padded\">Hendelsen ble f\u00f8rst kjent mandag; Equinor brukte 22 dager p\u00e5 \u00e5 varsle myndighetene. <\/p>\n<p class=\"_paragraph_o9xde_4 _paragraph_xtcu6_10 layout-component text-serif-m layout-normal text-serif-m layout-padded\">Dokumenter VG har f\u00e5tt tilgangVG har f\u00e5tt tilgangMed bakgrunn i offentlighetsloven begj\u00e6rte VG innsyn i dokumentene fra Havindustritilsynet for syv dager siden, men fikk dem f\u00f8rst utlevert tirsdag. til viser n\u00e5 at mengden gass de to arbeiderne ble utsatt for kan ha v\u00e6rt sv\u00e6rt h\u00f8y.<\/p>\n<p><img alt=\"Foto: Havtilsynet\" class=\"_image_qp4xg_65 layout-component layout-normal\" data-fullscreen- data-track-element-type=\"Article image fullscreen\" data-track-name=\"ImageFullscreen\" decoding=\"async\" loading=\"lazy\" height=\"841\" itemprop=\"image\"  src=\"https:\/\/www.europesays.com\/no\/wp-content\/uploads\/2025\/12\/ba0584e7-5f49-428f-84ed-cb76ec664eb2\"  style=\"object-position:0% 0%\" width=\"595\"\/>Foto: Havtilsynet<\/p>\n<p class=\"_paragraph_o9xde_4 _paragraph_xtcu6_10 layout-component text-serif-m layout-normal text-serif-m layout-padded\">Arbeiderne bar b\u00f8ttene i fem timer. Innholdet i b\u00f8ttene ble helt over p\u00e5 karet med r\u00f8d farge og en r\u00f8d spake i bildet over. <\/p>\n<p class=\"_paragraph_o9xde_4 _paragraph_xtcu6_10 layout-component text-serif-m layout-normal text-serif-m layout-padded\">Der sto en av arbeiderne over naftaen i det \u00e5pne karet og pumpet den inn i et m\u00e5leinstrument, for \u00e5 kalibrerekalibrereBetyr \u00e5 forsikre seg om at m\u00e5leinstrumentet gir riktige m\u00e5linger.  dette.<\/p>\n<p>Dette er Mongstad<\/p>\n<p class=\"_paragraph_o9xde_4 _paragraph_xtcu6_10 _paragraph_16v91_10 layout-component text-serif-m layout-normal text-sans-m layout-padded\">Mongstad er det eneste oljeraffineriet i Norge og drives av Equinor. Det er et av de aller st\u00f8rste industrikompleksene i landet.<\/p>\n<p class=\"_paragraph_o9xde_4 _paragraph_xtcu6_10 _paragraph_16v91_10 layout-component text-serif-m layout-normal text-sans-m layout-padded\">Anlegget ligger i Nordhordland, cirka 50 kilometer nord for Bergen.<\/p>\n<p>Vis mer<\/p>\n<p class=\"_paragraph_o9xde_4 _paragraph_xtcu6_10 layout-component text-serif-m layout-normal text-serif-m layout-padded\">Equinor opplyste f\u00f8rst myndighetene om at det var gjort m\u00e5linger av en st\u00f8rre gruppe gasseren st\u00f8rre gruppe gasserM\u00e5lingene var av VOC, som er en engelsk forkortelse for flyktige organiske forbindelser. Det er en samlebetegnelse for en stor gruppe kjemikalier som typisk oppst\u00e5r i arbeid med olje- og gass.  i en konsentrasjon p\u00e5 60 ppmppmM\u00e5leenhet som st\u00e5r for parts per million, eller deler per million deler p\u00e5 norsk., som er h\u00f8yter h\u00f8ytEn litt upresis m\u00e5te du kan tenke p\u00e5 det er som 60 sm\u00e5 gassbobler i hver kubikkmeter med luft..<\/p>\n<p class=\"_paragraph_o9xde_4 _paragraph_xtcu6_10 layout-component text-serif-m layout-normal text-serif-m layout-padded\">Men dagen etterp\u00e5 sendte Equinor en ny e-post.<\/p>\n<p class=\"_paragraph_o9xde_4 _paragraph_xtcu6_10 layout-component text-serif-m layout-normal text-serif-m layout-padded\">\u00abVi \u00f8nsker \u00e5 gi noen tilleggsopplysninger om saken\u00bb, begynner myndighetskontakten til Equinor. <\/p>\n<p class=\"_paragraph_o9xde_4 _paragraph_xtcu6_10 layout-component text-serif-m layout-normal text-serif-m layout-padded\">Det var m\u00e5lt 756,8 ppm da arbeidet startet, skrev Equinor.<\/p>\n<p class=\"_paragraph_o9xde_4 _paragraph_xtcu6_10 layout-component text-serif-m layout-normal text-serif-m layout-padded\">Alts\u00e5 mer enn 12 ganger s\u00e5 mye som Equinor f\u00f8rst oppga. <\/p>\n<p class=\"_paragraph_o9xde_4 _paragraph_xtcu6_10 layout-component text-serif-m layout-normal text-serif-m layout-padded\"><strong class=\"_strong_o9xde_25\">M\u00e5lingene var s\u00e5 h\u00f8ye at m\u00e5leren kort etterp\u00e5 ble sl\u00e5tt ut, if\u00f8lge samme e-post.<\/strong><\/p>\n<p class=\"_paragraph_o9xde_4 _paragraph_xtcu6_10 layout-component text-serif-m layout-normal text-serif-m layout-padded\">I virkeligheten kan det derfor ha v\u00e6rt enda mer gass i omr\u00e5det. <\/p>\n<p class=\"_paragraph_o9xde_4 _paragraph_xtcu6_10 layout-component text-serif-m layout-normal text-serif-m layout-padded\">For gassm\u00e5leren som ble brukt, blir f\u00f8rst sl\u00e5tt utsl\u00e5tt utVed h\u00f8ye konsentrasjoner blir m\u00e5leren det som kalles mettet. Det betyr at den ikke lenger klarer \u00e5 oppgi hvor h\u00f8y gasskonsentrasjonen, bare at den er over maksgrensen til m\u00e5leren, og den gir da en feilmelding.  ved konsentrasjoner p\u00e5 5.000 ppm, if\u00f8lge manualen.<\/p>\n<p class=\"_paragraph_o9xde_4 _paragraph_xtcu6_10 layout-component text-serif-m layout-normal text-serif-m layout-padded\">VG har spurt Equinor om dette:<\/p>\n<p class=\"_paragraph_o9xde_4 _paragraph_xtcu6_10 layout-component text-serif-m layout-normal text-serif-m layout-padded\">Selskapet svarer at m\u00e5lingen p\u00e5 756,8 ppm \u2013 og opplysningen om at m\u00e5leren kort tid etterp\u00e5 ble sl\u00e5tt ut \u2013 \u00aber basert p\u00e5 det som ble rapportert inn der og da\u00bb.<\/p>\n<p class=\"_paragraph_o9xde_4 _paragraph_xtcu6_10 layout-component text-serif-m layout-normal text-serif-m layout-padded\">\u2013 Men som vi vil g\u00e5 opp i forbindelse med granskingen, sier talsperson Ellen Maria Skjelsb\u00e6k.<\/p>\n<p class=\"_paragraph_o9xde_4 _paragraph_xtcu6_10 layout-component text-serif-m layout-normal text-serif-m layout-padded\">Equinor sier at de har \u00abomfattende rutiner og prosedyrer\u00bb og at det i denne saken \u00abser ut som rutinene har sviktet\u00bb. Men Skjelb\u00e6k \u00f8nsker ikke \u00e5 svare p\u00e5 sp\u00f8rsm\u00e5l om hva som konkret har sviktet.<\/p>\n<p><img decoding=\"async\" alt=\"Bilde av Ellen Maria Skjelsb\u00e6k\" class=\"_image_ygndg_42\" height=\"23\" itemprop=\"image\" loading=\"lazy\"  src=\"https:\/\/www.europesays.com\/no\/wp-content\/uploads\/2025\/12\/1764866716_695_13624e7b-5955-41dc-bd35-2bd0dce2773d\"  width=\"40\"\/><strong class=\"_name_ygndg_51 title-serif-xs\">Ellen Maria Skjelsb\u00e6k<\/strong><\/p>\n<p class=\"_paragraph_o9xde_4 text-sans-m _description_ygndg_56\">Talsperson for Equinor<\/p>\n<p> Farlig i sv\u00e6rt sm\u00e5 mengder<\/p>\n<p class=\"_paragraph_o9xde_4 _paragraph_xtcu6_10 layout-component text-serif-m layout-normal text-serif-m layout-padded\">Kun en liten delliten delEstimater varierer fra godt under 1 prosent til rundt 10 prosent avhengig av typen nafta. Kilde: Milj\u00f8direktoratet. av gassen som dampet opp av b\u00f8ttene vil v\u00e6re benzen.<\/p>\n<p class=\"_paragraph_o9xde_4 _paragraph_xtcu6_10 layout-component text-serif-m layout-normal text-serif-m layout-padded\">Equinor sier de har \u00abindikasjoner p\u00e5 at det var mindre enn to prosent benzen\u00bb i miksen. <\/p>\n<p class=\"_paragraph_o9xde_4 _paragraph_xtcu6_10 layout-component text-serif-m layout-normal text-serif-m layout-padded\">Men benzen er skadelig i ekstremt sm\u00e5 mengder.<\/p>\n<p class=\"_paragraph_o9xde_4 _paragraph_xtcu6_10 layout-component text-serif-m layout-normal text-serif-m layout-padded\">Selv et konservativt anslag p\u00e5 \u00e9n prosent benzen i gassmiksen, tilsier at arbeiderne ble utsatt for flere titalls ganger mer benzen enn det som er Equinors grenseEquinors grenseEquinor setter allerede grensen ved 0,1 ppm, eller 1 kubikkcentimeter per 10 kubikkmeter, det samme som du ser i grafikken over. Myndighetene har varslet at deres grense ogs\u00e5 vil g\u00e5 her fra 2028..<\/p>\n<p class=\"_paragraph_o9xde_4 _paragraph_xtcu6_10 layout-component text-serif-m layout-normal text-serif-m layout-padded\">Slik vil det se ut:<\/p>\n<p class=\"_paragraph_o9xde_4 _paragraph_xtcu6_10 layout-component text-serif-m layout-normal text-serif-m layout-padded\">Men om gasskonsentrasjonen i realiteten var h\u00f8yere enn m\u00e5lerens grense, betyr det at arbeiderne kan ha v\u00e6rt utsatt for over fem hundre ganger mer benzen enn det som er Equinors grense:<\/p>\n<p> Usikre p\u00e5 verneutstyret<\/p>\n<p class=\"_paragraph_o9xde_4 _paragraph_xtcu6_10 layout-component text-serif-m layout-normal text-serif-m layout-padded\">Arbeiderne bar masker, som tar inn luften rundt seg gjennom et filter. <\/p>\n<ul class=\"_list_o9xde_3 _list_xtcu6_9 _unordered_o9xde_106 layout-component text-serif-m layout-normal text-serif-m layout-padded\">\n<li class=\"_item_o9xde_30\">De fikk ikke trykkluft fra flaske. <\/li>\n<li class=\"_item_o9xde_30\">En av maskene viste seg \u00e5 v\u00e6re skadet. <\/li>\n<li class=\"_item_o9xde_30\">Flere gasser, deriblant benzen, kan ogs\u00e5 absorberes gjennom huden. For \u00e5 beskytte mot dette trengs det mer omfattende verneutstyr, for eksempel en kjemikaliedress. <\/li>\n<\/ul>\n<p><img alt=\"Eksempel p\u00e5 et airstream-verneutstyr, som arbeiderne bar. Modellen er ikke n\u00f8dvendigvis n\u00f8yaktig den samme som p\u00e5 bildet.\" class=\"_image_qp4xg_65 layout-component layout-normal\" data-fullscreen- data-track-element-type=\"Article image fullscreen\" data-track-name=\"ImageFullscreen\" decoding=\"async\" loading=\"lazy\" height=\"460\" itemprop=\"image\"  src=\"https:\/\/www.europesays.com\/no\/wp-content\/uploads\/2025\/12\/b8a6d63c-7d40-47f9-8245-4d7239edd8ef\"  style=\"object-position:0% 0%\" width=\"460\"\/>Eksempel p\u00e5 et airstream-verneutstyr, som arbeiderne bar. Modellen er ikke n\u00f8dvendigvis n\u00f8yaktig den samme som p\u00e5 bildet.<\/p>\n<p class=\"_paragraph_o9xde_4 _paragraph_xtcu6_10 layout-component text-serif-m layout-normal text-serif-m layout-padded\">Equinor har ikke svart p\u00e5 VGs sp\u00f8rsm\u00e5l om arbeiderne hadde riktig verneutstyr, men sier til myndighetene at det \u00abvar usikkerhet\u00bb om hvilket vernutstyr arbeiderne skulle bruke.<\/p>\n<p class=\"_paragraph_o9xde_4 _paragraph_xtcu6_10 layout-component text-serif-m layout-normal text-serif-m layout-padded\">Skjelsb\u00e6k forklarer at benzen finnes i oljen og gassen Equinor tar opp \u2013 og at det dermed er umulig \u00e5 bli kvitt den fullstendig.<\/p>\n<p class=\"_paragraph_o9xde_4 _paragraph_xtcu6_10 layout-component text-serif-m layout-normal text-serif-m layout-padded\">\u2013 Selv om det ikke er mulig \u00e5 eliminere all risiko, jobber vi kontinuerlig for \u00e5 redusere den til et minimum og vi har strenge prosedyrer og verneregime, sier hun.<\/p>\n<p> \u00abSv\u00e6rt alvorlig\u00bb<\/p>\n<p class=\"_paragraph_o9xde_4 _paragraph_xtcu6_10 layout-component text-serif-m layout-normal text-serif-m layout-padded\">I et m\u00f8te mellom tilsynsmyndighetene og Equinor i forrige uke, fortalte lederen fra myndighetenes delegasjon at de ser \u00absv\u00e6rt alvorlig\u00bb p\u00e5 saken. <\/p>\n<p class=\"_paragraph_o9xde_4 _paragraph_xtcu6_10 layout-component text-serif-m layout-normal text-serif-m layout-padded\">Det g\u00e5r frem av et m\u00f8tereferat VG har f\u00e5tt tilgang til. <\/p>\n<p class=\"_paragraph_o9xde_4 _paragraph_xtcu6_10 layout-component text-serif-m layout-normal text-serif-m layout-padded\">Equinor har eskalert saken fra en lokal granskning opp til \u00e5 v\u00e6re en granskning p\u00e5 konsernniv\u00e5.<\/p>\n<p class=\"_paragraph_o9xde_4 _paragraph_xtcu6_10 layout-component text-serif-m layout-normal text-serif-m layout-padded\">Equinor har fortalt myndighetene at arbeidsoppgaven er noe som gj\u00f8res sjeldent. <\/p>\n<p> Markus Tobiassen<\/p>\n<p class=\"text-sans-s\">Journalist<\/p>\n<p><img decoding=\"async\" alt=\"Markus Tobiassen\" class=\"_image_uv074_179\" src=\"https:\/\/www.europesays.com\/no\/wp-content\/uploads\/2025\/12\/1764866718_709_039e383b-db02-4a08-b565-5686b27a1fc4\" width=\"480\"\/>  Skader DNA-et<\/p>\n<p class=\"_paragraph_o9xde_4 _paragraph_xtcu6_10 layout-component text-serif-m layout-normal text-serif-m layout-padded\">At noe er kreftfremkallende, betyr ikke at det er sikkert at du f\u00e5r kreft.<\/p>\n<p class=\"_paragraph_o9xde_4 _paragraph_xtcu6_10 layout-component text-serif-m layout-normal text-serif-m layout-padded\">Benzen skader arvematerialetarvematerialetSkadet arvemateriale (DNA) er grunnlaget for all kreft. Det er denne type skader som f\u00f8rer til ukontrollert cellevekst, som er definsjonen p\u00e5 kreft. Kilde: Bioteknologir\u00e5det. n\u00e5r det skilles ut fra kroppen. Det \u00f8ker sjansen for \u00e5 f\u00e5 kreft.<\/p>\n<p class=\"_paragraph_o9xde_4 _paragraph_xtcu6_10 layout-component text-serif-m layout-normal text-serif-m layout-padded\">\u2013 Heldigvis vil de f\u00e6rreste ende med kreft, men det \u00f8ker risikoen, sier yrkeshygienikeryrkeshygienikerEn person som blant annet jobber med \u00e5 kartlegge helsefarer p\u00e5 arbeidsplassen. Halvor Erikstein i fagforeningen Safe.<\/p>\n<p><img alt=\"Halvor Erikstein.  Foto: Marie von Krogh \/ Marie von Krogh\" class=\"_image_qp4xg_65 layout-component layout-normal\" data-fullscreen- data-track-element-type=\"Article image fullscreen\" data-track-name=\"ImageFullscreen\" decoding=\"async\" loading=\"lazy\" height=\"4000\" itemprop=\"image\"  src=\"https:\/\/www.europesays.com\/no\/wp-content\/uploads\/2025\/12\/d2b35689-ad21-4b48-b73c-998f48e7b3a9\"  style=\"object-position:0% 0%\" width=\"6000\"\/>Halvor Erikstein.  Foto: Marie von Krogh \/ Marie von Krogh<\/p>\n<p class=\"_paragraph_o9xde_4 _paragraph_xtcu6_10 layout-component text-serif-m layout-normal text-serif-m layout-padded\">Erikstein har i mange \u00e5r kritisert Equinor for \u00e5 ikke gj\u00f8re nok for \u00e5 beskytte arbeiderne sine mot benzen.<\/p>\n<p class=\"_paragraph_o9xde_4 _paragraph_xtcu6_10 layout-component text-serif-m layout-normal text-serif-m layout-padded\">Equinor svar til Eriksteins kritikk er at de blant annet har gjort en omfattende kartlegging av hvor det er benzen p\u00e5 Mongstad.<\/p>\n<p class=\"_paragraph_o9xde_4 _paragraph_xtcu6_10 layout-component text-serif-m layout-normal text-serif-m layout-padded\">\u2013 Equinor har jobbet m\u00e5lrettet over lang tid med \u00e5 f\u00e5 ned benzeneksponeringen, dette tar vi sv\u00e6rt alvorlig, sier Skjelsb\u00e6k.<\/p>\n<p class=\"_paragraph_o9xde_4 _paragraph_xtcu6_10 layout-component text-serif-m layout-normal text-serif-m layout-padded\">Hun sier at de ser resultater av dette arbeidet, ved at risikoen for benzen er blitt lavere.<\/p>\n<p class=\"_paragraph_o9xde_4 _paragraph_xtcu6_10 layout-component text-serif-m layout-normal text-serif-m layout-padded\">Equinor hadde ikke gjort m\u00e5linger p\u00e5 Mongstad som fortalte dem hvor mye benzen det typisk vil v\u00e6re i luften under den type jobb arbeiderne gjorde, if\u00f8lge dokumenter fra tilsynet.<\/p>\n<p class=\"_paragraph_o9xde_4 _paragraph_xtcu6_10 layout-component text-serif-m layout-normal text-serif-m layout-padded\">Dette mener Erikstein er nok et eksempel blant mange p\u00e5 at Equinor ikke gj\u00f8r nok for \u00e5 f\u00e5 svar p\u00e5 to sp\u00f8rsm\u00e5l:<\/p>\n<ul class=\"_list_o9xde_3 _list_xtcu6_9 _unordered_o9xde_106 layout-component text-serif-m layout-normal text-serif-m layout-padded\">\n<li class=\"_item_o9xde_30\">Hvordan g\u00e5r det med arbeiderne til Equinor etter hvert som de blir eldre?<\/li>\n<li class=\"_item_o9xde_30\">Hvor mye benzen er det i luften rundt om p\u00e5 Equinors anlegg, plattformer og skip?<\/li>\n<\/ul>\n<p class=\"_paragraph_o9xde_4 _paragraph_xtcu6_10 layout-component text-serif-m layout-normal text-serif-m layout-padded\">\u2013 Hva mener du det handler om?<\/p>\n<p class=\"_paragraph_o9xde_4 _paragraph_xtcu6_10 layout-component text-serif-m layout-normal text-serif-m layout-padded\">\u2013 At svaret p\u00e5 de sp\u00f8rsm\u00e5lene er veldig ubehagelig.<\/p>\n<p class=\"_paragraph_o9xde_4 _paragraph_xtcu6_10 layout-component text-serif-m layout-normal text-serif-m layout-padded\"><strong class=\"_strong_o9xde_25\">PS:<\/strong> VG har i \u00e5r skrevet <a href=\"https:\/\/www.vg.no\/tag\/arbeiderne-paa-melkoeya\" class=\"_link_o9xde_39\" rel=\"nofollow noopener\" target=\"_blank\">en rekke artikler<\/a> om arbeidere som er utsatt for gass p\u00e5 et av Equinors andre anlegg, Melk\u00f8ya. Ogs\u00e5 der er det fare for at arbeiderne har v\u00e6rt utsatt for benzen.<\/p>\n","protected":false},"excerpt":{"rendered":"To arbeidere hos Equinor p\u00e5 Mongstad kan ha blitt utsatt for farlige niv\u00e5er av kreftfremkallende gass. Den h\u00f8yeste&hellip;\n","protected":false},"author":2,"featured_media":104223,"comment_status":"","ping_status":"","sticky":false,"template":"","format":"standard","meta":{"footnotes":""},"categories":[5],"tags":[20,21,2261,24,25,15,19,22,23,17,18,1665,13,30,28,29,14,16,26,27],"class_list":{"0":"post-104222","1":"post","2":"type-post","3":"status-publish","4":"format-standard","5":"has-post-thumbnail","7":"category-overskrifter","8":"tag-breaking-news","9":"tag-breakingnews","10":"tag-equinor","11":"tag-featured-news","12":"tag-featurednews","13":"tag-headlines","14":"tag-hovedoppslag","15":"tag-latest-news","16":"tag-latestnews","17":"tag-main-news","18":"tag-mainnews","19":"tag-mongstad","20":"tag-news","21":"tag-no","22":"tag-norge","23":"tag-norway","24":"tag-nyheter","25":"tag-overskrifter","26":"tag-top-stories","27":"tag-topstories"},"share_on_mastodon":{"url":"https:\/\/pubeurope.com\/@no\/115662312442334952","error":""},"_links":{"self":[{"href":"https:\/\/www.europesays.com\/no\/wp-json\/wp\/v2\/posts\/104222","targetHints":{"allow":["GET"]}}],"collection":[{"href":"https:\/\/www.europesays.com\/no\/wp-json\/wp\/v2\/posts"}],"about":[{"href":"https:\/\/www.europesays.com\/no\/wp-json\/wp\/v2\/types\/post"}],"author":[{"embeddable":true,"href":"https:\/\/www.europesays.com\/no\/wp-json\/wp\/v2\/users\/2"}],"replies":[{"embeddable":true,"href":"https:\/\/www.europesays.com\/no\/wp-json\/wp\/v2\/comments?post=104222"}],"version-history":[{"count":0,"href":"https:\/\/www.europesays.com\/no\/wp-json\/wp\/v2\/posts\/104222\/revisions"}],"wp:featuredmedia":[{"embeddable":true,"href":"https:\/\/www.europesays.com\/no\/wp-json\/wp\/v2\/media\/104223"}],"wp:attachment":[{"href":"https:\/\/www.europesays.com\/no\/wp-json\/wp\/v2\/media?parent=104222"}],"wp:term":[{"taxonomy":"category","embeddable":true,"href":"https:\/\/www.europesays.com\/no\/wp-json\/wp\/v2\/categories?post=104222"},{"taxonomy":"post_tag","embeddable":true,"href":"https:\/\/www.europesays.com\/no\/wp-json\/wp\/v2\/tags?post=104222"}],"curies":[{"name":"wp","href":"https:\/\/api.w.org\/{rel}","templated":true}]}}