{"id":104224,"date":"2025-12-04T16:46:11","date_gmt":"2025-12-04T16:46:11","guid":{"rendered":"https:\/\/www.europesays.com\/no\/104224\/"},"modified":"2025-12-04T16:46:11","modified_gmt":"2025-12-04T16:46:11","slug":"ukrainsk-langrennsloper-reagerer-etter-russisk-ol-ja","status":"publish","type":"post","link":"https:\/\/www.europesays.com\/no\/104224\/","title":{"rendered":"Ukrainsk langrennsl\u00f8per reagerer etter russisk OL-ja"},"content":{"rendered":"\n<p class=\"_lead_o9xde_2 _lead_xtcu6_50 layout-component text-serif-m layout-normal text-serif-l layout-component layout-wide layout-padded _wide_17hqh_1 layout-padded\">Dmytro Romanchenko lever med krigen og har f\u00e5tt idrettshallen sin knust av russiske droner.<\/p>\n<p><img alt=\" Foto: Privat\" class=\"_image_qp4xg_65 layout-component layout-wide\" data-fullscreen- data-track-element-type=\"Article image fullscreen\" data-track-name=\"ImageFullscreen\" fetchpriority=\"high\" decoding=\"sync\" loading=\"eager\" height=\"1800\" itemprop=\"image\"  src=\"https:\/\/www.europesays.com\/no\/wp-content\/uploads\/2025\/12\/92bf1258-ac0f-45aa-8268-1c105f6e6d57\"  style=\"object-position:0% 0%\" width=\"1440\"\/> Foto: Privat<\/p>\n<ul aria-hidden=\"true\" class=\"_images_1uft6_111\">\n<li><a class=\"_link_1uft6_116\" href=\"https:\/\/www.vg.no\/forfatter\/jens-friberg\" style=\"z-index:2\" title=\"Jens Friberg\" rel=\"nofollow noopener\" target=\"_blank\"><img alt=\"Bilde av Jens Friberg\" class=\"_image_1uft6_93\" fetchpriority=\"low\" loading=\"lazy\" decoding=\"async\" itemprop=\"image\"  src=\"https:\/\/www.europesays.com\/no\/wp-content\/uploads\/2025\/12\/1764866769_780_d5a4433c-4b68-4c86-a3bf-a19d98457272\"  width=\"480\"\/><\/a><\/li>\n<li><a class=\"_link_1uft6_116\" href=\"https:\/\/www.vg.no\/forfatter\/sindre-oegar\" style=\"z-index:1\" title=\"Sindre \u00d8gar\" rel=\"nofollow noopener\" target=\"_blank\"><img alt=\"Bilde av Sindre \u00d8gar\" class=\"_image_1uft6_93\" fetchpriority=\"low\" loading=\"lazy\" decoding=\"async\" itemprop=\"image\"  src=\"https:\/\/www.europesays.com\/no\/wp-content\/uploads\/2025\/12\/1764866770_533_104d6818-f429-4f77-a08f-a7022fcc3fa3\"  width=\"480\"\/><\/a><\/li>\n<\/ul>\n<p> Oppdatert torsdag 4. desember kl. 17:12     <\/p>\n<p class=\"_paragraph_o9xde_4 _paragraph_xtcu6_10 layout-component text-serif-m layout-normal text-serif-m layout-padded\">Gjennom meldinger med VG deler han sitt syn p\u00e5 tirsdagens CASCASCourt of Arbitration for Sport (CAS) er en internasjonal institusjon som l\u00f8ser juridiske tvister knyttet til sport-avgj\u00f8relse: 17 russiske og belarusiske ut\u00f8vere kan delta i vinter-OL \u2013 hvis de kvalifiserer seg sportslig. <\/p>\n<p class=\"_paragraph_o9xde_4 _paragraph_xtcu6_10 layout-component text-serif-m layout-normal text-serif-m layout-padded\">\u2013 Jeg er sv\u00e6rt skuffet over beslutningen om \u00e5 tillate russiske ut\u00f8vere \u00e5 delta, selv med status som n\u00f8ytrale, uttrykker Romanchenko overfor VG.<\/p>\n<p class=\"_paragraph_o9xde_4 _paragraph_xtcu6_10 layout-component text-serif-m layout-normal text-serif-m layout-padded\"><strong class=\"_strong_o9xde_25\">22-\u00e5ringen sto p\u00e5 startstreken under verdenscupen i Ruka i helgen.<\/strong><\/p>\n<p class=\"_paragraph_o9xde_4 _paragraph_xtcu6_10 layout-component text-serif-m layout-normal text-serif-m layout-padded\">\u2013 For det f\u00f8rste har disse \u00abn\u00f8ytrale\u00bb ut\u00f8verne aldri uttrykt motstand mot krigen i Ukraina p\u00e5 sine sosiale medier. De fortsetter \u00e5 konkurrere p\u00e5 russiske arenaer, i nasjonale konkurranser. For eksempel deltok ut\u00f8vere som Saveliy Korostelev i \u00abLegkov-rennet\u00bb, og LegkovLegkovAleksandr Legkov er en tidligere russisk langrennsl\u00f8per st\u00f8tter krigen mot Ukraina, sier han.<\/p>\n<p class=\"_paragraph_o9xde_4 _paragraph_xtcu6_10 layout-component text-serif-m layout-normal text-serif-m layout-padded\">Saveliy Korostelev er \u00e9n av 17 ut\u00f8vere som kan delta i OL under n\u00f8ytralt flagg. Han og Romanchenko kan n\u00e5 \u2013 i teorien \u2013 m\u00f8tes i langrennssporet.<\/p>\n<p class=\"_paragraph_o9xde_4 _paragraph_xtcu6_10 layout-component text-serif-m layout-normal text-serif-m layout-padded\">For \u00e5 kvalifisere seg m\u00e5 ut\u00f8verne delta i verdenscupen. For \u00e5 f\u00e5 lov til dette m\u00e5 de s\u00f8ke, og oppfylle <a href=\"https:\/\/www.vg.no\/sport\/i\/Arzo83\/dette-er-fis-krav-til-russiske-utoevere\" data-track-element-type=\"Link\" data-track-id=\"link:Arzo83\" class=\"_link_o9xde_39\" rel=\"nofollow noopener\" target=\"_blank\">flere krav fra\u00a0FIS (det internasjonale skiforbundet)<\/a>.<\/p>\n<p class=\"_paragraph_o9xde_4 _paragraph_xtcu6_10 layout-component text-serif-m layout-normal text-serif-m layout-padded\">Russisk idrett er organisert slik at de fleste ut\u00f8verne er en del av forsvaret og milit\u00e6ret \u2013 som ogs\u00e5 er vanlig praksis i en rekke europeiske land.<\/p>\n<p class=\"_paragraph_o9xde_4 _paragraph_xtcu6_10 layout-component text-serif-m layout-normal text-serif-m layout-padded\"><strong class=\"_strong_o9xde_25\">IOCsIOCsDen internasjonale olympiske komit\u00e9 (IOC) er organisasjonen som er ansvarlig for de olympiske leker krav til russiske ut\u00f8vere er at de\u00a0ikke\u00a0kan v\u00e6re en del av forsvaret for \u00e5 delta i OL som n\u00f8ytrale. Dermed er de aller fleste idrettsstjernene uaktuelle for lekene i Italia.<\/strong><\/p>\n<p class=\"_paragraph_o9xde_4 _paragraph_xtcu6_10 layout-component text-serif-m layout-normal text-serif-m layout-padded\">If\u00f8lge Russlands landslagstrener Jurij Borodavko <a href=\"https:\/\/www.vg.no\/sport\/i\/bOM9Gl\/russisk-langrennstrener-90-prosent-av-utoeverne-er-militaere\" data-track-element-type=\"Link\" data-track-id=\"link:bOM9Gl\" class=\"_link_o9xde_39\" rel=\"nofollow noopener\" target=\"_blank\">kan mer enn 90 prosent v\u00e6re utelukket,<\/a> fordi de tilh\u00f8rer milit\u00e6ret eller sikkerhetsorganer i Russland.<\/p>\n<p><img alt=\"Dmytro Romanchenko p\u00e5 samling p\u00e5 Sjusj\u00f8en da Russland gikk til storangrep mot Ukraina i 2022.  Foto: Geir Olsen \/ VG\" class=\"_image_qp4xg_65 layout-component layout-normal\" data-fullscreen- data-track-element-type=\"Article image fullscreen\" data-track-name=\"ImageFullscreen\" decoding=\"async\" loading=\"lazy\" height=\"3034\" itemprop=\"image\"  src=\"https:\/\/www.europesays.com\/no\/wp-content\/uploads\/2025\/12\/d6c76f5e-acf6-4030-9237-c833f353d9a8\"  style=\"object-position:0% 0%\" width=\"4304\"\/>Dmytro Romanchenko p\u00e5 samling p\u00e5 Sjusj\u00f8en da Russland gikk til storangrep mot Ukraina i 2022.  Foto: Geir Olsen \/ VG<\/p>\n<p class=\"_paragraph_o9xde_4 _paragraph_xtcu6_10 layout-component text-serif-m layout-normal text-serif-m layout-padded\">Dmytro Romanchenko bor tett p\u00e5 krigen, i byen Shostka omtrent 40 kilometer fra grensen til Russland.<\/p>\n<p class=\"_paragraph_o9xde_4 _paragraph_xtcu6_10 layout-component text-serif-m layout-normal text-serif-m layout-padded\">\u2013 Familien min lider hver dag. I byen min kommer det daglig angrep med droner og missiler treffer boligbygg; vanlige mennesker d\u00f8r. Det er skremmende \u00e5 trene og leve hver dag, fordi hver gang alarmen g\u00e5r, er det en reell fare for at akkurat da kan en Shahed-drone eller et missil treffe huset ditt eller idrettshallen.<\/p>\n<ul class=\"_gallery_1qa3s_23\" tabindex=\"0\">\n<li class=\"_item_1qa3s_37\" data-index=\"0\"><img decoding=\"async\" class=\"_image_foru8_23 _articleGallery_foru8_39\" data-fullscreen- width=\"1280\" height=\"914\" itemprop=\"image\" loading=\"lazy\"  src=\"https:\/\/www.europesays.com\/no\/wp-content\/uploads\/2025\/12\/69cd32b9-fe63-4e64-989e-6d77ced97e3a\"  style=\"object-position:50% 50%;aspect-ratio:var(--gallery-aspect-ratio, 16 \/ 9)\"\/>Idrettshallen  der Dmytro Romanchenko brukte \u00e5 trene ble angrepet 8. august.<\/li>\n<li class=\"_item_1qa3s_37\" data-index=\"1\"><img decoding=\"async\" class=\"_image_foru8_23 _articleGallery_foru8_39\" data-fullscreen- width=\"680\" height=\"382\" itemprop=\"image\" loading=\"lazy\"  src=\"https:\/\/www.europesays.com\/no\/wp-content\/uploads\/2025\/12\/b6790e7e-d2bc-40ff-a383-f4cd76973567\"  style=\"object-position:50% 50%;aspect-ratio:var(--gallery-aspect-ratio, 16 \/ 9)\"\/><\/li>\n<\/ul>\n<p>Idrettshallen  der Dmytro Romanchenko brukte \u00e5 trene ble angrepet 8. august.<\/p>\n<p class=\"_paragraph_o9xde_4 _paragraph_xtcu6_10 layout-component text-serif-m layout-normal text-serif-m layout-padded\">\u2013 Den 8. august \u00f8dela russiske styrker idrettshallen i byen min med tre Shahed-droner \u2013 hallen der jeg hadde trent i mer enn 10 \u00e5r. I begynnelsen av invasjonen \u00f8dela de skibasen i Chernihiv ved \u00e5 slippe to luftbomber, og mange andre steder for idrettsutvikling rundt i landet har blitt \u00f8delagt. <\/p>\n<p class=\"_paragraph_o9xde_4 _paragraph_xtcu6_10 layout-component text-serif-m layout-normal text-serif-m layout-padded\">Angrepet 8. august er <a href=\"https:\/\/x.com\/Lyla_lilas\/status\/1953729909605408948\" class=\"_link_o9xde_39\" rel=\"nofollow\">verifisert av ukrainske medier<\/a>.<\/p>\n<p class=\"_paragraph_o9xde_4 _paragraph_xtcu6_10 layout-component text-serif-m layout-normal text-serif-m layout-padded\">\u2013 Mens ukrainske ut\u00f8vere fors\u00f8ker \u00e5 finne muligheter til \u00e5 trene under slike forferdelige forhold i mange ukrainske byer, trener disse \u00abn\u00f8ytrale\u00bb under ideelle forhold langt borte fra disse grusomhetene.<\/p>\n<p>   De 17 ut\u00f8verne som f\u00e5r delta under n\u00f8ytralt flagg<\/p>\n<p class=\"_paragraph_o9xde_4 _paragraph_xtcu6_10 _paragraph_16v91_10 layout-component text-serif-m layout-normal text-sans-m layout-padded\">Saveliy Korostelev (langrenn)<\/p>\n<p class=\"_paragraph_o9xde_4 _paragraph_xtcu6_10 _paragraph_16v91_10 layout-component text-serif-m layout-normal text-sans-m layout-padded\">Lana Prusakova (freeski)<\/p>\n<p class=\"_paragraph_o9xde_4 _paragraph_xtcu6_10 _paragraph_16v91_10 layout-component text-serif-m layout-normal text-sans-m layout-padded\">Maria Travinitsjeva (snowboard)<\/p>\n<p class=\"_paragraph_o9xde_4 _paragraph_xtcu6_10 _paragraph_16v91_10 layout-component text-serif-m layout-normal text-sans-m layout-padded\">Artem Galunin (kombinert)<\/p>\n<p class=\"_paragraph_o9xde_4 _paragraph_xtcu6_10 _paragraph_16v91_10 layout-component text-serif-m layout-normal text-sans-m layout-padded\">Ekaterina Tkatsjenko (alpint)<\/p>\n<p class=\"_paragraph_o9xde_4 _paragraph_xtcu6_10 _paragraph_16v91_10 layout-component text-serif-m layout-normal text-sans-m layout-padded\">Danil Sadrejev (hopp)<\/p>\n<p class=\"_paragraph_o9xde_4 _paragraph_xtcu6_10 _paragraph_16v91_10 layout-component text-serif-m layout-normal text-sans-m layout-padded\">Aleksei Bugaev (paraalpint)<\/p>\n<p class=\"_paragraph_o9xde_4 _paragraph_xtcu6_10 _paragraph_16v91_10 layout-component text-serif-m layout-normal text-sans-m layout-padded\">Varvara Vorontsjikhina (paraalpint)<\/p>\n<p class=\"_paragraph_o9xde_4 _paragraph_xtcu6_10 _paragraph_16v91_10 layout-component text-serif-m layout-normal text-sans-m layout-padded\">Anastasiia Bagagiin (paralangrenn)<\/p>\n<p class=\"_paragraph_o9xde_4 _paragraph_xtcu6_10 _paragraph_16v91_10 layout-component text-serif-m layout-normal text-sans-m layout-padded\">Ivan Golubkov (paralangrenn)<\/p>\n<p class=\"_paragraph_o9xde_4 _paragraph_xtcu6_10 _paragraph_16v91_10 layout-component text-serif-m layout-normal text-sans-m layout-padded\">Polina Novakovskaja (Paralympics)<\/p>\n<p class=\"_paragraph_o9xde_4 _paragraph_xtcu6_10 _paragraph_16v91_10 layout-component text-serif-m layout-normal text-sans-m layout-padded\">Mikhail Slinkin (para-snowboard)<\/p>\n<p class=\"_paragraph_o9xde_4 _paragraph_xtcu6_10 _paragraph_16v91_10 layout-component text-serif-m layout-normal text-sans-m layout-padded\">Ihar Drabiankou (freeski, Belarus)<\/p>\n<p class=\"_paragraph_o9xde_4 _paragraph_xtcu6_10 _paragraph_16v91_10 layout-component text-serif-m layout-normal text-sans-m layout-padded\">Uladzislau Vazniuk (freeski, Belarus)<\/p>\n<p class=\"_paragraph_o9xde_4 _paragraph_xtcu6_10 _paragraph_16v91_10 layout-component text-serif-m layout-normal text-sans-m layout-padded\">Anna Derugo (freeski, Belarus)<\/p>\n<p class=\"_paragraph_o9xde_4 _paragraph_xtcu6_10 _paragraph_16v91_10 layout-component text-serif-m layout-normal text-sans-m layout-padded\">Hanna Huskova (freeski, Belarus)<\/p>\n<p class=\"_paragraph_o9xde_4 _paragraph_xtcu6_10 _paragraph_16v91_10 layout-component text-serif-m layout-normal text-sans-m layout-padded\">Anastasiya Andryianava (freeski, Belarus)<\/p>\n<p>Vis mer<\/p>\n<p class=\"_paragraph_o9xde_4 _paragraph_xtcu6_10 layout-component text-serif-m layout-normal text-serif-m layout-padded\">\u2013 Etter min mening b\u00f8r alle russiske og belarusiske ut\u00f8vere nektes deltagelse i De olympiske leker og i internasjonale konkurranser.<\/p>\n<p class=\"_paragraph_o9xde_4 _paragraph_xtcu6_10 layout-component text-serif-m layout-normal text-serif-m layout-padded\">Han minner om de olympiske verdiene: \u00e5 fremme et fredelig samfunn og menneskets verdighet.<\/p>\n<p class=\"_paragraph_o9xde_4 _paragraph_xtcu6_10 layout-component text-serif-m layout-normal text-serif-m layout-padded\"><strong class=\"_strong_o9xde_25\">\u2013 Jeg mener at disse menneskene har ingen verdighet. De gj\u00f8r ingen innsats for \u00e5 fremme et fredelig samfunn, sier han.<\/strong><\/p>\n<p>Sp\u00f8rsm\u00e5l og svar om konflikten1) Hva har IOC bestemt?<\/p>\n<p class=\"_paragraph_o9xde_4 _paragraph_xtcu6_10 _paragraph_16v91_10 layout-component text-serif-m layout-normal text-sans-m layout-padded\" itemprop=\"text\">Den internasjonale olympiske komit\u00e9 (IOC) \u00e5pner for at individuelle n\u00f8ytrale ut\u00f8vere (AIN) med russisk eller belarusisk pass kan delta i vinter-OL i Milano\/Cortina 2026 \u2013 under de samme betingelsene som i sommer-OL i Paris 2024.<\/p>\n<p>2) Hva betyr \u00abindividuell n\u00f8ytral ut\u00f8ver\u00bb?<\/p>\n<p class=\"_paragraph_o9xde_4 _paragraph_xtcu6_10 _paragraph_16v91_10 layout-component text-serif-m layout-normal text-sans-m layout-padded\" itemprop=\"text\">Ut\u00f8verne konkurrerer uten nasjonale symboler, flagg eller hymne. De representerer ikke Russland eller Belarus, men deltar under AIN-flagg og en n\u00f8ytral hymne uten tekst. Resultatene deres teller ikke i medaljeoversikten.<\/p>\n<p>3) Hvilke krav m\u00e5 oppfylles?<\/p>\n<p class=\"_paragraph_o9xde_4 _paragraph_xtcu6_10 _paragraph_16v91_10 layout-component text-serif-m layout-normal text-sans-m layout-padded\" itemprop=\"text\">For \u00e5 bli godkjent m\u00e5 ut\u00f8verne:<\/p>\n<p class=\"_paragraph_o9xde_4 _paragraph_xtcu6_10 _paragraph_16v91_10 layout-component text-serif-m layout-normal text-sans-m layout-padded\" itemprop=\"text\">Kvalifisere seg gjennom ordin\u00e6re internasjonale kvalifiseringssystemer<\/p>\n<p class=\"_paragraph_o9xde_4 _paragraph_xtcu6_10 _paragraph_16v91_10 layout-component text-serif-m layout-normal text-sans-m layout-padded\" itemprop=\"text\">Ikke ha st\u00f8ttet krigen mot Ukraina<\/p>\n<p class=\"_paragraph_o9xde_4 _paragraph_xtcu6_10 _paragraph_16v91_10 layout-component text-serif-m layout-normal text-sans-m layout-padded\" itemprop=\"text\">Ikke v\u00e6re tilknyttet milit\u00e6re eller sikkerhetsstyrker<\/p>\n<p class=\"_paragraph_o9xde_4 _paragraph_xtcu6_10 _paragraph_16v91_10 layout-component text-serif-m layout-normal text-sans-m layout-padded\" itemprop=\"text\">Overholde alle\u00a0antidopingregler\u00a0og signere de olympiske deltagelsesvilk\u00e5rene<\/p>\n<p>4) Hvem avgj\u00f8r hvem som f\u00e5r delta?<\/p>\n<p class=\"_paragraph_o9xde_4 _paragraph_xtcu6_10 _paragraph_16v91_10 layout-component text-serif-m layout-normal text-sans-m layout-padded\" itemprop=\"text\">Et eget\u00a0AIN Eligibility Review Panel (AINERP)\u00a0vurderer hver enkelt ut\u00f8ver og st\u00f8ttepersonell. Panelet ledes av IOC-medlem\u00a0<strong class=\"_strong_o9xde_25\">Nicole Hoevertsz<\/strong>, med\u00a0<strong class=\"_strong_o9xde_25\">Pau Gasol<\/strong>\u00a0(ut\u00f8verrepresentant) og\u00a0<strong class=\"_strong_o9xde_25\">Morinari Watanabe<\/strong>\u00a0(representant for internasjonale s\u00e6rforbund). IOC\u2019s Chief Ethics and Compliance Officer fungerer som sekret\u00e6r.<\/p>\n<p>5) Vil lag kunne delta?<\/p>\n<p class=\"_paragraph_o9xde_4 _paragraph_xtcu6_10 _paragraph_16v91_10 layout-component text-serif-m layout-normal text-sans-m layout-padded\" itemprop=\"text\">Nei. Kun individuelle ut\u00f8vere f\u00e5r delta. Lag med russiske eller belarusiske ut\u00f8vere blir ikke vurdert eller invitert. Det vil si at de ikke kan delta i lagkonkurranser eller stafetter.<\/p>\n<p>6) Hvordan blir det under seremoniene?<\/p>\n<p class=\"_paragraph_o9xde_4 _paragraph_xtcu6_10 _paragraph_16v91_10 layout-component text-serif-m layout-normal text-sans-m layout-padded\" itemprop=\"text\">AIN-ut\u00f8vere g\u00e5r ikke i innmarsjen under \u00e5pningsseremonien p\u00e5 San Siro i Milano, men f\u00e5r anledning til \u00e5 oppleve arrangementet. Under seiersseremonier spilles AIN-hymnen og AIN-flagget heises. Deltagelse i avslutningsseremonien skal avgj\u00f8res under lekene.<\/p>\n<p>7) Dette har s\u00e6rforbundene bestemt om russisk deltagelse f\u00f8r OL i Milano\/Cortina 2026:<\/p>\n<ul class=\"_list_o9xde_3 _list_xtcu6_9 _list_16v91_9 _unordered_o9xde_106 layout-component text-serif-m layout-normal text-sans-m layout-padded\" itemprop=\"text\">\n<li class=\"_item_o9xde_30\"><strong class=\"_strong_o9xde_25\">Kunstl\u00f8p \/ Sk\u00f8yter\u00a0(Det internasjonale sk\u00f8yteforbundet\u00a0\u2013 kunstl\u00f8p, hurtigl\u00f8p og kortbane)<br \/><\/strong>ISU \u00e5pner for et\u00a0begrenset antall individuelle n\u00f8ytrale ut\u00f8vere\u00a0i kvalifiseringsarrangementer mot OL 2026, under strenge betingelser. Tidligere var det total utestengelse, men n\u00e5 er det en delvis \u00e5pning.<\/li>\n<li class=\"_item_o9xde_30\"><strong class=\"_strong_o9xde_25\">Ishockey (Det internasjonale ishockeyforbundet)<br \/><\/strong>Full utestengelse av Russland og Belarus gjelder\u00a0minst til 2026-sesongen. De f\u00e5r ikke delta i OL.<\/li>\n<li class=\"_item_o9xde_30\"><strong class=\"_strong_o9xde_25\">Langrenn \/ Hopp \/ Kombinert \/ Alpint \/ Snowboard (FIS)<\/strong><br \/>Ingen russiske\/belarusiske ut\u00f8vere konkurrerer internasjonalt per n\u00e5. Russland vant frem med CAS-anken og dermed vil trolig totalt 17 russere og belarusiske ut\u00f8vere f\u00e5 konkurrere i OL og Paralympics. <\/li>\n<li class=\"_item_o9xde_30\"><strong class=\"_strong_o9xde_25\">Aking (Det internasjonale akeforbundet)<br \/><\/strong>Tidligere i \u00e5r besluttet Det internasjonale akeforbundet (FIL) at russere ikke fikk delta p\u00e5 grunn av sikkerhetsmessige forhold. Dette anket russiske ut\u00f8vere til Russland, og de fikk delvis medhold. CAS bestemte at utestengelsen av det russiske akeforbundet skal opprettholdes, men at forbudet mot deltagelse for russiske ut\u00f8vere som oppfyller kriteriene for n\u00f8ytral status, oppheves<\/li>\n<li class=\"_item_o9xde_30\"><strong class=\"_strong_o9xde_25\">Bob og Skeleton (Det internasjonale bob- og skeletonforbundet)<br \/><\/strong>Ingen russiske deltagere i OL 2026, selv ikke som n\u00f8ytrale.<\/li>\n<li class=\"_item_o9xde_30\"><strong class=\"_strong_o9xde_25\">Skiskyting (Det internasjonale skiskytterforbundet)<\/strong><br \/>Har bekreftet at ingen russiske eller belarusiske ut\u00f8vere f\u00e5r delta i OL 2026,<br \/>heller ikke under n\u00f8ytral status.<\/li>\n<\/ul>\n","protected":false},"excerpt":{"rendered":"Dmytro Romanchenko lever med krigen og har f\u00e5tt idrettshallen sin knust av russiske droner. Foto: Privat Oppdatert torsdag&hellip;\n","protected":false},"author":2,"featured_media":104225,"comment_status":"","ping_status":"","sticky":false,"template":"","format":"standard","meta":{"footnotes":""},"categories":[59],"tags":[2440,527,398,30,28,29,10469,83,82],"class_list":{"0":"post-104224","1":"post","2":"type-post","3":"status-publish","4":"format-standard","5":"has-post-thumbnail","7":"category-sport","8":"tag-idrettspolitikk","9":"tag-ioc","10":"tag-langrenn","11":"tag-no","12":"tag-norge","13":"tag-norway","14":"tag-ol-2026","15":"tag-sport","16":"tag-sports"},"share_on_mastodon":{"url":"https:\/\/pubeurope.com\/@no\/115662316408056653","error":""},"_links":{"self":[{"href":"https:\/\/www.europesays.com\/no\/wp-json\/wp\/v2\/posts\/104224","targetHints":{"allow":["GET"]}}],"collection":[{"href":"https:\/\/www.europesays.com\/no\/wp-json\/wp\/v2\/posts"}],"about":[{"href":"https:\/\/www.europesays.com\/no\/wp-json\/wp\/v2\/types\/post"}],"author":[{"embeddable":true,"href":"https:\/\/www.europesays.com\/no\/wp-json\/wp\/v2\/users\/2"}],"replies":[{"embeddable":true,"href":"https:\/\/www.europesays.com\/no\/wp-json\/wp\/v2\/comments?post=104224"}],"version-history":[{"count":0,"href":"https:\/\/www.europesays.com\/no\/wp-json\/wp\/v2\/posts\/104224\/revisions"}],"wp:featuredmedia":[{"embeddable":true,"href":"https:\/\/www.europesays.com\/no\/wp-json\/wp\/v2\/media\/104225"}],"wp:attachment":[{"href":"https:\/\/www.europesays.com\/no\/wp-json\/wp\/v2\/media?parent=104224"}],"wp:term":[{"taxonomy":"category","embeddable":true,"href":"https:\/\/www.europesays.com\/no\/wp-json\/wp\/v2\/categories?post=104224"},{"taxonomy":"post_tag","embeddable":true,"href":"https:\/\/www.europesays.com\/no\/wp-json\/wp\/v2\/tags?post=104224"}],"curies":[{"name":"wp","href":"https:\/\/api.w.org\/{rel}","templated":true}]}}