{"id":104230,"date":"2025-12-04T16:59:15","date_gmt":"2025-12-04T16:59:15","guid":{"rendered":"https:\/\/www.europesays.com\/no\/104230\/"},"modified":"2025-12-04T16:59:15","modified_gmt":"2025-12-04T16:59:15","slug":"lekkasjebombe-i-stor-fare","status":"publish","type":"post","link":"https:\/\/www.europesays.com\/no\/104230\/","title":{"rendered":"Lekkasjebombe: &#8211; I stor fare"},"content":{"rendered":"<p class=\"kicker \" style=\"\">Der Spiegel<\/p>\n<p>  Europeiske toppledere uttrykte bekymring for Trumps fredsinnsats i lekket telefonsamtale, if\u00f8lge den tyske avisa Der Spiegel.<\/p>\n<p>\n    KRASS KRITIKK: Emmanuel Macron og Friedrich Merz frykter at USA skal svikte Volodymyr Zelenskyj og Europa, framkommer det i en lekket telefonsamtale mellom flere europeiske statsledere. Foto: NTB\n  <\/p>\n<p>Den tyske storavisa <a href=\"https:\/\/www.spiegel.de\/politik\/ukraine-verhandlungen-europaeer-misstrauen-trumps-friedensplan-a-7a439009-716d-48de-bda6-5d3926d8dbc3\" rel=\"nofollow noopener\" target=\"_blank\">Der Spiegel<\/a> har f\u00e5tt tilgang p\u00e5 en transkribering av en telefonsamtale mellom en rekke europeiske statsledere og Ukrainas Volodymyr Zelenskyj, deriblant Jonas Gahr St\u00f8re.<\/p>\n<p>Her framkommer det at b\u00e5de Frankrikes president Emmanuel Macron og Tysklands forbundskansler Friedrich Merz frykter at USA vil svikte b\u00e5de Ukraina og Europa i sin fredsdialog med Putin og Kreml.<\/p>\n<p>&#8211; Det er fare for at USA vil svikte Ukraina i sp\u00f8rsm\u00e5let om territorier, uten \u00e5 f\u00e5 avklaringer om sikkerhetsgarantier p\u00e5 plass, sa Macron if\u00f8lge transkriberingen\u00a0<a href=\"https:\/\/www.spiegel.de\/politik\/ukraine-verhandlungen-europaeer-misstrauen-trumps-friedensplan-a-7a439009-716d-48de-bda6-5d3926d8dbc3\" rel=\"nofollow noopener\" target=\"_blank\">Der Spiegel<\/a> har f\u00e5tt tilgang p\u00e5.<\/p>\n<p>Han la til at Zelenskyj var i stor fare.<\/p>\n<p>    <a itemprop=\"url\" href=\"https:\/\/www.dagbladet.no\/nyheter\/store-og-starmer-styrker-forsvaret\/83936632\" rel=\"nofollow noopener\" target=\"_blank\"><\/p>\n<p>      <img loading=\"lazy\" decoding=\"async\" src=\"https:\/\/www.europesays.com\/no\/wp-content\/uploads\/2025\/12\/83937351.webp\" width=\"980\" height=\"441\" title=\"St\u00f8re og Starmer styrker forsvaret\" alt=\"\" class=\"lazyload\" style=\"--aspect-ratio-image: 2.22; \"\/><\/p>\n<p>        St\u00f8re og Starmer styrker forsvaret<\/p>\n<p>    <\/a><\/p>\n<p>Krass kritikk\t<\/p>\n<p>Foruten Macron, Merz og St\u00f8re var ogs\u00e5 Finlands president Alexander Stubb, Nato-generalsekret\u00e6r Mark Rutte, Danmarks statsminister Mette Frederiksen, EU-kommisjonens president Ursula von der Leyen og president for Europar\u00e5det, Antonio Costa, til stede.<\/p>\n<p>          <img loading=\"lazy\" decoding=\"async\" src=\"https:\/\/www.europesays.com\/no\/wp-content\/uploads\/2025\/12\/83940513.webp\" width=\"980\" height=\"647\" title=\"BEKYMRET: I en konfidensiell telefonsamtale uttrykte en rekke europeiske statsledere stor bekymring for hvordan USAs fredsdialog med Russland ville g\u00e5 ut over Volodymyr Zelenskyj. Her fra hans bes\u00f8k p\u00e5 Gardermoen i oktober. Foto: Lars Eivind Bones \/ Dagbladet\" alt=\"\" class=\"\" style=\"--aspect-ratio-image: 1.51; \"\/><\/p>\n<p>\n          BEKYMRET: I en konfidensiell telefonsamtale uttrykte en rekke europeiske statsledere stor bekymring for hvordan USAs fredsdialog med Russland ville g\u00e5 ut over Volodymyr Zelenskyj. Her fra hans bes\u00f8k p\u00e5 Gardermoen i oktober. Foto: Lars Eivind Bones \/ Dagbladet\n      <\/p>\n<p>Finlands president Alexander Stubb, som har et spesielt godt forhold til den amerikanske presidenten, uttrykte ogs\u00e5 bekymring for Trumps Moskva-duo &#8211; spesialutsending Steve Witkoff og svigers\u00f8nn Jared Kushner.<\/p>\n<p>Det er de to, og ikke landets utenriksminister Marco Rubio, som har st\u00e5tt i spissen for Trump-leirens dialog med Kreml. Spesielt Witkoff har h\u00f8stet massiv kritikk fra en rekke hold for sin h\u00e5ndtering av fredsdialogen med Moskva.<\/p>\n<p>    <a itemprop=\"url\" href=\"https:\/\/www.dagbladet.no\/nyheter\/avlyste-mote-med-zelenskyj\/83934939\" rel=\"nofollow noopener\" target=\"_blank\"><\/p>\n<p>      <img loading=\"lazy\" decoding=\"async\" src=\"https:\/\/www.europesays.com\/no\/wp-content\/uploads\/2025\/12\/1764867554_374_83934943.webp\" width=\"980\" height=\"441\" title=\"Avlyste m\u00f8te med Zelenskyj\" alt=\"\" class=\"lazyload\" style=\"--aspect-ratio-image: 2.22; \"\/><\/p>\n<p>        Avlyste m\u00f8te med Zelenskyj<\/p>\n<p>    <\/a><\/p>\n<p>&#8211; M\u00e5 beskytte\t<\/p>\n<p>Samtidig har USAs forslag til en fredsavtale inneb\u00e5ret \u00e5 g\u00e5 med p\u00e5 en rekke russiske krav som fra b\u00e5de Ukraina og Europas hold anses som helt uaktuelle.<\/p>\n<p>&#8211; Vi m\u00e5 ikke la Zelenskyj v\u00e6re alene med disse guttene, sa Stubb if\u00f8lge Spiegels transkribering.<\/p>\n<p>&#8211; Jeg er enig. Vi m\u00e5 beskytte Volodymyr, kontret Nato-sjef Rutte.<\/p>\n<p>Friedrich Merz advarte Zelenskyj om \u00e5 v\u00e6re\u00a0\u00abekstremt forsiktig\u00bb de neste dagene.<\/p>\n<p>&#8211; De leker, b\u00e5de med deg og med oss, sa Merz.<\/p>\n<p>Den konfidensielle telefonsamtalen fant sted mandag, if\u00f8lge avisa, som har f\u00e5tt bekreftet fra flere deltakere at den fant sted.<\/p>\n<p class=\"italic m-italic\" data-lab-italic=\"italic\">Dagbladet har kontaktet Statsministerens kontor med sp\u00f8rsm\u00e5l om en kommentar torsdag kveld. De har s\u00e5 langt ikke besvart v\u00e5r henvendelse.<\/p>\n<p>    <a itemprop=\"url\" href=\"https:\/\/www.dagbladet.no\/nyheter\/en-kvalmende-moralsk-slum\/83931340\" rel=\"nofollow noopener\" target=\"_blank\"><\/p>\n<p>      <img loading=\"lazy\" decoding=\"async\" src=\"https:\/\/www.europesays.com\/no\/wp-content\/uploads\/2025\/12\/1764867555_58_83931356.webp\" width=\"980\" height=\"441\" title=\"\u00abEn kvalmende moralsk slum\u00bb\" alt=\"\" class=\"lazyload\" style=\"--aspect-ratio-image: 2.22; \"\/><\/p>\n<p>        \u00abEn kvalmende moralsk slum\u00bb<\/p>\n<p>    <\/a><\/p>\n","protected":false},"excerpt":{"rendered":"Der Spiegel Europeiske toppledere uttrykte bekymring for Trumps fredsinnsats i lekket telefonsamtale, if\u00f8lge den tyske avisa Der Spiegel.&hellip;\n","protected":false},"author":2,"featured_media":104231,"comment_status":"","ping_status":"","sticky":false,"template":"","format":"standard","meta":{"footnotes":""},"categories":[12],"tags":[20,21,1241,24,25,15,201,179,22,23,13,30,28,29,14,16,26,27,489,412,42,488,43,44,45],"class_list":{"0":"post-104230","1":"post","2":"type-post","3":"status-publish","4":"format-standard","5":"has-post-thumbnail","7":"category-verden","8":"tag-breaking-news","9":"tag-breakingnews","10":"tag-emmanuel-macron","11":"tag-featured-news","12":"tag-featurednews","13":"tag-headlines","14":"tag-jonas-gahr-store","15":"tag-krigen-i-ukraina","16":"tag-latest-news","17":"tag-latestnews","18":"tag-news","19":"tag-no","20":"tag-norge","21":"tag-norway","22":"tag-nyheter","23":"tag-overskrifter","24":"tag-top-stories","25":"tag-topstories","26":"tag-ukraina","27":"tag-utenriks","28":"tag-verden","29":"tag-volodymyr-zelenskyj","30":"tag-world","31":"tag-world-news","32":"tag-worldnews"},"share_on_mastodon":{"url":"https:\/\/pubeurope.com\/@no\/115662367654110440","error":""},"_links":{"self":[{"href":"https:\/\/www.europesays.com\/no\/wp-json\/wp\/v2\/posts\/104230","targetHints":{"allow":["GET"]}}],"collection":[{"href":"https:\/\/www.europesays.com\/no\/wp-json\/wp\/v2\/posts"}],"about":[{"href":"https:\/\/www.europesays.com\/no\/wp-json\/wp\/v2\/types\/post"}],"author":[{"embeddable":true,"href":"https:\/\/www.europesays.com\/no\/wp-json\/wp\/v2\/users\/2"}],"replies":[{"embeddable":true,"href":"https:\/\/www.europesays.com\/no\/wp-json\/wp\/v2\/comments?post=104230"}],"version-history":[{"count":0,"href":"https:\/\/www.europesays.com\/no\/wp-json\/wp\/v2\/posts\/104230\/revisions"}],"wp:featuredmedia":[{"embeddable":true,"href":"https:\/\/www.europesays.com\/no\/wp-json\/wp\/v2\/media\/104231"}],"wp:attachment":[{"href":"https:\/\/www.europesays.com\/no\/wp-json\/wp\/v2\/media?parent=104230"}],"wp:term":[{"taxonomy":"category","embeddable":true,"href":"https:\/\/www.europesays.com\/no\/wp-json\/wp\/v2\/categories?post=104230"},{"taxonomy":"post_tag","embeddable":true,"href":"https:\/\/www.europesays.com\/no\/wp-json\/wp\/v2\/tags?post=104230"}],"curies":[{"name":"wp","href":"https:\/\/api.w.org\/{rel}","templated":true}]}}