{"id":104238,"date":"2025-12-04T17:09:10","date_gmt":"2025-12-04T17:09:10","guid":{"rendered":"https:\/\/www.europesays.com\/no\/104238\/"},"modified":"2025-12-04T17:09:10","modified_gmt":"2025-12-04T17:09:10","slug":"ny-faeroyene-bragd-uavgjort-drama-mot-serbia","status":"publish","type":"post","link":"https:\/\/www.europesays.com\/no\/104238\/","title":{"rendered":"Ny F\u00e6r\u00f8yene-bragd: Uavgjort drama mot Serbia"},"content":{"rendered":"\n<p class=\"_lead_o9xde_2 _lead_xtcu6_50 layout-component text-serif-m layout-normal text-serif-l layout-component layout-wide layout-padded _wide_17hqh_1 layout-padded\">Jentene fra Atlanterhavet kjemper fortsatt om kvartfinaleplass i VM.<\/p>\n<p><img alt=\" Foto: Federico Gambarini \/ AP \/ NTB\" class=\"_image_qp4xg_65 layout-component layout-wide\" data-fullscreen- data-track-element-type=\"Article image fullscreen\" data-track-name=\"ImageFullscreen\" fetchpriority=\"high\" decoding=\"sync\" loading=\"eager\" height=\"3904\" itemprop=\"image\"  src=\"https:\/\/www.europesays.com\/no\/wp-content\/uploads\/2025\/12\/0784b384-35cb-44d2-853a-b33706b3e351\"  style=\"object-position:0% 0%\" width=\"5855\"\/> Foto: Federico Gambarini \/ AP \/ NTB<\/p>\n<ul aria-hidden=\"true\" class=\"_images_1uft6_111\">\n<li><a class=\"_link_1uft6_116\" href=\"https:\/\/www.vg.no\/forfatter\/jostein-overvik\" style=\"z-index:1\" title=\"Jostein Overvik\" rel=\"nofollow noopener\" target=\"_blank\"><img alt=\"Bilde av Jostein Overvik\" class=\"_image_1uft6_93\" fetchpriority=\"low\" loading=\"lazy\" decoding=\"async\" itemprop=\"image\"  src=\"https:\/\/www.europesays.com\/no\/wp-content\/uploads\/2025\/12\/1764868149_616_9167fa6a-7320-4d6f-b3c9-6c4ecb8beb8c\"  width=\"480\"\/><\/a><\/li>\n<\/ul>\n<p> Oppdatert torsdag 4. desember kl. 17:36     <\/p>\n<p class=\"_paragraph_o9xde_4 _paragraph_xtcu6_10 layout-component text-serif-m layout-normal text-serif-m layout-padded\">Anf\u00f8rt av kaptein og Storhamar-spiller Pernilla Brandenborg gjorde VM-debutantene fra F\u00e6r\u00f8yene en ny bragd VM. Serbia, nasjonen med VM-s\u00f8lv fra 2013, ble holdt til uavgjort i Dortmund.<\/p>\n<p class=\"_paragraph_o9xde_4 _paragraph_xtcu6_10 layout-component text-serif-m layout-normal text-serif-m layout-padded\">Jana Mittun leverte en fantastisk kamp med scoring p\u00e5 10 av 11 skudd. 22-\u00e5ringen, som kan minne om Stine Oftedal Dahmke i spillestilen, utlignet noen sekunder f\u00f8r slutt p\u00e5 straffe.<\/p>\n<p class=\"_paragraph_o9xde_4 _paragraph_xtcu6_10 layout-component text-serif-m layout-normal text-serif-m layout-padded\">Serbias Jovana Jovovic hadde sjansen til \u00e5 gj\u00f8re rett i forkant, men gjorde en feil, ble avbl\u00e5st og pr\u00f8vde \u00e5 hindre F\u00e6r\u00f8yenes kontring. Det ga Serbia kveldens andre r\u00f8dt kort.<\/p>\n<p class=\"_paragraph_o9xde_4 _paragraph_xtcu6_10 layout-component text-serif-m layout-normal text-serif-m layout-padded\"><strong class=\"_strong_o9xde_25\">Pluss straffe til F\u00e6r\u00f8yene. Slik er h\u00e5ndballreglene for forseelser i avslutningen av kamper.<\/strong><\/p>\n<p class=\"_paragraph_o9xde_4 _paragraph_xtcu6_10 layout-component text-serif-m layout-normal text-serif-m layout-padded\">Serbia var i f\u00f8ringen helt til Teodora Velickovic fikk r\u00f8dt kort for en t\u00f8ff takling p\u00e5 Suna Hansen i 2. omgang.<\/p>\n<p><img alt=\"Foto: Federico Gambarini \/ AP \/ NTB\" class=\"_image_qp4xg_65 layout-component layout-normal\" data-fullscreen- data-track-element-type=\"Article image fullscreen\" data-track-name=\"ImageFullscreen\" decoding=\"async\" loading=\"lazy\" height=\"2365\" itemprop=\"image\"  src=\"https:\/\/www.europesays.com\/no\/wp-content\/uploads\/2025\/12\/e09e92c3-9d55-4c7b-835b-b142c8a67820\"  style=\"object-position:0% 0%\" width=\"3548\"\/>Foto: Federico Gambarini \/ AP \/ NTB<\/p>\n<p class=\"_paragraph_o9xde_4 _paragraph_xtcu6_10 layout-component text-serif-m layout-normal text-serif-m layout-padded\">Serbia hadde veteranene fra VM-finalen for 12 \u00e5r siden, Jovana Risovic, Dragana Cvijic og Katarina Krpe\u017e \u0160lezak\u00a0p\u00e5 banen.<\/p>\n<p class=\"_paragraph_o9xde_4 _paragraph_xtcu6_10 layout-component text-serif-m layout-normal text-serif-m layout-padded\">Risovic reddet blant annet en straffe fra Pernille Brandenborg i sluttminuttene, men det var ikke nok.<\/p>\n<p class=\"_paragraph_o9xde_4 _paragraph_xtcu6_10 layout-component text-serif-m layout-normal text-serif-m layout-padded\">Liv Sveinsbj\u00f8rnsdottir Poulsen \u2013 kj\u00e6reste med herrelandslagets Tobias Gr\u00f8ndahl \u2013 satte fire scoringer for F\u00e6r\u00f8yene.<\/p>\n<p><img alt=\"Foto: Federico Gambarini \/ AP \/ NTB\" class=\"_image_qp4xg_65 layout-component layout-normal\" data-fullscreen- data-track-element-type=\"Article image fullscreen\" data-track-name=\"ImageFullscreen\" decoding=\"async\" loading=\"lazy\" height=\"3063\" itemprop=\"image\"  src=\"https:\/\/www.europesays.com\/no\/wp-content\/uploads\/2025\/12\/32761605-f91d-4d9d-bde5-3251aa67ac49\"  style=\"object-position:0% 0%\" width=\"4595\"\/>Foto: Federico Gambarini \/ AP \/ NTB<\/p>\n<p class=\"_paragraph_o9xde_4 _paragraph_xtcu6_10 layout-component text-serif-m layout-normal text-serif-m layout-padded\">F\u00e6r\u00f8yene spiller den avgj\u00f8rende kampen i gruppespillet mot Island l\u00f8rdag. <\/p>\n<p class=\"_paragraph_o9xde_4 _paragraph_xtcu6_10 layout-component text-serif-m layout-normal text-serif-m layout-padded\">Tyskland m\u00f8ter Montenegro senere i torsdag, mens Spania skal opp mot Island i den andre kampen i kveldens hovedrunde i Dortmund.<\/p>\n<p class=\"_paragraph_o9xde_4 _paragraph_xtcu6_10 layout-component text-serif-m layout-normal text-serif-m layout-padded\">Norge m\u00f8ter Tsjekkia fredag kveld kl. 20.30 (TV 3 \/ Viaplay).<\/p>\n","protected":false},"excerpt":{"rendered":"Jentene fra Atlanterhavet kjemper fortsatt om kvartfinaleplass i VM. Foto: Federico Gambarini \/ AP \/ NTB Oppdatert torsdag&hellip;\n","protected":false},"author":2,"featured_media":104239,"comment_status":"","ping_status":"","sticky":false,"template":"","format":"standard","meta":{"footnotes":""},"categories":[59],"tags":[105,9443,30,28,29,83,82],"class_list":{"0":"post-104238","1":"post","2":"type-post","3":"status-publish","4":"format-standard","5":"has-post-thumbnail","7":"category-sport","8":"tag-handball","9":"tag-handball-vm","10":"tag-no","11":"tag-norge","12":"tag-norway","13":"tag-sport","14":"tag-sports"},"share_on_mastodon":{"url":"https:\/\/pubeurope.com\/@no\/115662406711447154","error":""},"_links":{"self":[{"href":"https:\/\/www.europesays.com\/no\/wp-json\/wp\/v2\/posts\/104238","targetHints":{"allow":["GET"]}}],"collection":[{"href":"https:\/\/www.europesays.com\/no\/wp-json\/wp\/v2\/posts"}],"about":[{"href":"https:\/\/www.europesays.com\/no\/wp-json\/wp\/v2\/types\/post"}],"author":[{"embeddable":true,"href":"https:\/\/www.europesays.com\/no\/wp-json\/wp\/v2\/users\/2"}],"replies":[{"embeddable":true,"href":"https:\/\/www.europesays.com\/no\/wp-json\/wp\/v2\/comments?post=104238"}],"version-history":[{"count":0,"href":"https:\/\/www.europesays.com\/no\/wp-json\/wp\/v2\/posts\/104238\/revisions"}],"wp:featuredmedia":[{"embeddable":true,"href":"https:\/\/www.europesays.com\/no\/wp-json\/wp\/v2\/media\/104239"}],"wp:attachment":[{"href":"https:\/\/www.europesays.com\/no\/wp-json\/wp\/v2\/media?parent=104238"}],"wp:term":[{"taxonomy":"category","embeddable":true,"href":"https:\/\/www.europesays.com\/no\/wp-json\/wp\/v2\/categories?post=104238"},{"taxonomy":"post_tag","embeddable":true,"href":"https:\/\/www.europesays.com\/no\/wp-json\/wp\/v2\/tags?post=104238"}],"curies":[{"name":"wp","href":"https:\/\/api.w.org\/{rel}","templated":true}]}}