{"id":104260,"date":"2025-12-04T17:35:22","date_gmt":"2025-12-04T17:35:22","guid":{"rendered":"https:\/\/www.europesays.com\/no\/104260\/"},"modified":"2025-12-04T17:35:22","modified_gmt":"2025-12-04T17:35:22","slug":"gar-inn-i-tussa-og-skal-leie-satsing","status":"publish","type":"post","link":"https:\/\/www.europesays.com\/no\/104260\/","title":{"rendered":"G\u00e5r inn i Tussa og skal leie satsing"},"content":{"rendered":"<p> G\u00e5r inn i Tussa og skal leie satsing &#8211; vestlandsnytt.no     <\/p>\n<p>   <a id=\"skip-link\" href=\"#main-content\" data-astro-cid-5owasuqe=\"\">Hopp til Hovedinnhold<\/a>         <\/p>\n<p>Lokalavisa for Her\u00f8y og Sande<\/p>\n<p>            Idar Fr\u00f8ystad i front for Tussa Installasjon si satsing p\u00e5 maritim skipselektronikk. Etter mange \u00e5r som einsleg akt\u00f8r g\u00e5r han no inn i eit sterkt lag med brei kompetanse. Her saman med Roar Stenersen, \u00d8yvind Kleven, Terje Oterhals, Stig Morten Olsen, Paul-Erik Rebbestad og Gunnar Slettest\u00f8l\u00a0<strong data-v-91367220=\"\">Foto:<\/strong> Tussa      <\/p>\n<p>Allerede abonnent?Logg inn<\/p>\n<p>               Vi nyttar cookies for \u00e5 betre brukaropplevinga p\u00e5 nettstaden v\u00e5r. Se v\u00e5r cookieerkl\u00e6ring for fleire detaljer. <a href=\"https:\/\/minside.vestlandsnytt.no\/cookie-policy\" target=\"_blank\" data-v-778cf759=\"\" rel=\"nofollow noopener\">Les meir<\/a> <\/p>\n<p class=\"vestlandsnytt\" data-v-c0d60634=\"\">Vestlandsnytt arbeider etter <a class=\"vestlandsnytt\" href=\"https:\/\/presse.no\/pfu\/etiske-regler\/vaer-varsom-plakaten\" aria-label=\"Lenkje til V\u00e6r Varsom-plakaten\" data-v-c0d60634=\"\" rel=\"nofollow noopener\" target=\"_blank\">V\u00e6r Varsom-plakaten<\/a> sine reglar for god presseskikk. Sj\u00e5 \u00f2g <a class=\"vestlandsnytt\" href=\"https:\/\/www.redaktor.no\/ressurser\/etiske-og-juridiske-rammeverk\/redaktorplakaten\" aria-label=\"Lenkje til Redakt\u00f8rplakaten\" data-v-c0d60634=\"\" rel=\"nofollow noopener\" target=\"_blank\">Redakt\u00f8ransvar<\/a>. Vestlandsnytt har ikkje ansvar for innhald p\u00e5 eksterne nettsider som det er lenka til. Alt innhald er verna av opphavsrett 2025 \u00a9 Vestlandsnytt.<\/p>\n<p> <a href=\"https:\/\/minside.vestlandsnytt.no\/personvern\" data-astro-cid-kdfizhtb=\"\" rel=\"nofollow noopener\" target=\"_blank\">Informasjon om bruk av \u00abcookies\u00bb og personvernpolicy.<\/a> Samtykkeinnstillingar<a data-astro-cid-kdfizhtb=\"\">Samtykkeinnstillingar<\/a> <a href=\"https:\/\/www.polarismedia.no\/om-polaris-media\/apenhetsloven\" data-astro-cid-kdfizhtb=\"\" rel=\"nofollow noopener\" target=\"_blank\">Informasjon om openheitslova. <\/a>     <\/p>\n","protected":false},"excerpt":{"rendered":"G\u00e5r inn i Tussa og skal leie satsing &#8211; vestlandsnytt.no Hopp til Hovedinnhold Lokalavisa for Her\u00f8y og Sande&hellip;\n","protected":false},"author":2,"featured_media":104261,"comment_status":"","ping_status":"","sticky":false,"template":"","format":"standard","meta":{"footnotes":""},"categories":[56],"tags":[60,61,62,30,28,29],"class_list":{"0":"post-104260","1":"post","2":"type-post","3":"status-publish","4":"format-standard","5":"has-post-thumbnail","7":"category-naeringsliv","8":"tag-business","9":"tag-economy","10":"tag-naeringsliv","11":"tag-no","12":"tag-norge","13":"tag-norway"},"share_on_mastodon":{"url":"https:\/\/pubeurope.com\/@no\/115662508764439285","error":""},"_links":{"self":[{"href":"https:\/\/www.europesays.com\/no\/wp-json\/wp\/v2\/posts\/104260","targetHints":{"allow":["GET"]}}],"collection":[{"href":"https:\/\/www.europesays.com\/no\/wp-json\/wp\/v2\/posts"}],"about":[{"href":"https:\/\/www.europesays.com\/no\/wp-json\/wp\/v2\/types\/post"}],"author":[{"embeddable":true,"href":"https:\/\/www.europesays.com\/no\/wp-json\/wp\/v2\/users\/2"}],"replies":[{"embeddable":true,"href":"https:\/\/www.europesays.com\/no\/wp-json\/wp\/v2\/comments?post=104260"}],"version-history":[{"count":0,"href":"https:\/\/www.europesays.com\/no\/wp-json\/wp\/v2\/posts\/104260\/revisions"}],"wp:featuredmedia":[{"embeddable":true,"href":"https:\/\/www.europesays.com\/no\/wp-json\/wp\/v2\/media\/104261"}],"wp:attachment":[{"href":"https:\/\/www.europesays.com\/no\/wp-json\/wp\/v2\/media?parent=104260"}],"wp:term":[{"taxonomy":"category","embeddable":true,"href":"https:\/\/www.europesays.com\/no\/wp-json\/wp\/v2\/categories?post=104260"},{"taxonomy":"post_tag","embeddable":true,"href":"https:\/\/www.europesays.com\/no\/wp-json\/wp\/v2\/tags?post=104260"}],"curies":[{"name":"wp","href":"https:\/\/api.w.org\/{rel}","templated":true}]}}