{"id":104268,"date":"2025-12-04T17:48:09","date_gmt":"2025-12-04T17:48:09","guid":{"rendered":"https:\/\/www.europesays.com\/no\/104268\/"},"modified":"2025-12-04T17:48:09","modified_gmt":"2025-12-04T17:48:09","slug":"israel-far-lov-a-delta-i-eurovision","status":"publish","type":"post","link":"https:\/\/www.europesays.com\/no\/104268\/","title":{"rendered":"Israel f\u00e5r lov \u00e5 delta i Eurovision"},"content":{"rendered":"\n<p class=\"_lead_o9xde_2 _lead_xtcu6_50 layout-component text-serif-m layout-normal text-serif-l layout-component layout-wide layout-padded _wide_17hqh_1 layout-padded\">Den europeiske kringkastingsunion (EBU) har besluttet at Israel f\u00e5r lov \u00e5 delta i Eurovision Song Contest (ESC) neste \u00e5r, skriver Reuters. N\u00e5 boikotter flere land.<\/p>\n<p><img alt=\"\u00a0Yuval Raphael sang i fjor for Israel. Foto: Ohad Zwigenberg \/ AP \/ NTB\" class=\"_image_qp4xg_65 layout-component layout-wide\" data-fullscreen- data-track-element-type=\"Article image fullscreen\" data-track-name=\"ImageFullscreen\" fetchpriority=\"high\" decoding=\"sync\" loading=\"eager\" height=\"3005\" itemprop=\"image\"  src=\"https:\/\/www.europesays.com\/no\/wp-content\/uploads\/2025\/12\/2190995d-44f3-4e28-be15-2f46bec833f7\"  style=\"object-position:0% 0%\" width=\"4507\"\/>\u00a0Yuval Raphael sang i fjor for Israel. Foto: Ohad Zwigenberg \/ AP \/ NTB Oppdatert torsdag 4. desember kl. 18:48     <\/p>\n<p class=\"_paragraph_o9xde_4 _paragraph_xtcu6_10 layout-component text-serif-m layout-normal text-serif-m layout-padded\">Det ble klart p\u00e5 et m\u00f8te i EBU i kveld, opplyser kilder til nyhetsbyr\u00e5et.<\/p>\n<p class=\"_paragraph_o9xde_4 _paragraph_xtcu6_10 layout-component text-serif-m layout-normal text-serif-m layout-padded\">Den europeiske kringkastingsunionen EBU melder at medlemslandene viser klar st\u00f8tte til reformer som skal styrke Eurovision Song Contest.<\/p>\n<p class=\"_paragraph_o9xde_4 _paragraph_xtcu6_10 layout-component text-serif-m layout-normal text-serif-m layout-padded\">Men Nederland har bestemt seg for \u00e5 boikotte konkurransen etter at det ble kjent at <a href=\"https:\/\/www.vg.no\/tag\/israel?utm_source=vg-article&amp;utm_medium=auto-tagger&amp;utm_campaign=ln1EeL\" class=\"_link_o9xde_39\" rel=\"nofollow noopener\" target=\"_blank\">Israel<\/a> f\u00e5r lov til \u00e5 delta. Opplysningen skal komme fra den nederlandske kringkasteren Avrotros.<\/p>\n<p>Tre land avstand<\/p>\n<p class=\"_paragraph_o9xde_4 _paragraph_xtcu6_10 layout-component text-serif-m layout-normal text-serif-m layout-padded\">Ogs\u00e5 Spania trekker seg fra sangkonkurransen, melder Reuters.<\/p>\n<p class=\"_paragraph_o9xde_4 _paragraph_xtcu6_10 layout-component text-serif-m layout-normal text-serif-m layout-padded\">Den spanske kringkasteren RTVE bekrefter avgj\u00f8relsen. Ogs\u00e5 Irland takker nei til deltagelse.<\/p>\n<p class=\"_paragraph_o9xde_4 _paragraph_xtcu6_10 layout-component text-serif-m layout-normal text-serif-m layout-padded\">Torsdag ble kjent at 611 norske kunstnere fra flere kulturfelt har underskrevet et <a href=\"https:\/\/www.vg.no\/rampelys\/i\/d456MB\/eurovision-artister-oppfordres-til-boikott\" data-track-element-type=\"Link\" data-track-id=\"link:d456MB\" class=\"_link_o9xde_39\" rel=\"nofollow noopener\" target=\"_blank\">opprop <\/a>mot Israels deltagelse i Eurovision Song Contest (ESC) 2026.<\/p>\n<p class=\"_paragraph_o9xde_4 _paragraph_xtcu6_10 layout-component text-serif-m layout-normal text-serif-m layout-padded\">De mener at NRK i denne saken har vist stor motvilje i forhold til \u00e5 ta et standpunkt.<\/p>\n<p class=\"_paragraph_o9xde_4 _paragraph_xtcu6_10 layout-component text-serif-m layout-normal text-serif-m layout-padded\">\u00abNRK er \u00e5penbart ikke i stand til \u00e5 ta et tydelig standpunkt mot at Israel kan delta i\u00a0<a href=\"https:\/\/www.vg.no\/tag\/eurovision?utm_source=vg-article&amp;utm_medium=auto-tagger&amp;utm_campaign=d456MB\" class=\"_link_o9xde_39\" rel=\"nofollow noopener\" target=\"_blank\">Eurovision<\/a>\u00bb, \u00e5pner de oppropet med. <\/p>\n<p class=\"_paragraph_o9xde_4 _paragraph_xtcu6_10 layout-component text-serif-m layout-normal text-serif-m layout-padded\">Denne uken befinner NRKs kringkastingssjef, Vibeke F\u00fcrst Haugen, seg i Gen\u00e8ve p\u00e5 den halv\u00e5rlige generalforsamlingen i EBU.<\/p>\n","protected":false},"excerpt":{"rendered":"Den europeiske kringkastingsunion (EBU) har besluttet at Israel f\u00e5r lov \u00e5 delta i Eurovision Song Contest (ESC) neste&hellip;\n","protected":false},"author":2,"featured_media":104269,"comment_status":"","ping_status":"","sticky":false,"template":"","format":"standard","meta":{"footnotes":""},"categories":[12],"tags":[6061,20,21,2513,24,25,15,52,22,23,13,30,28,29,14,16,26,27,42,43,44,45],"class_list":{"0":"post-104268","1":"post","2":"type-post","3":"status-publish","4":"format-standard","5":"has-post-thumbnail","7":"category-verden","8":"tag-boikott","9":"tag-breaking-news","10":"tag-breakingnews","11":"tag-eurovision","12":"tag-featured-news","13":"tag-featurednews","14":"tag-headlines","15":"tag-israel","16":"tag-latest-news","17":"tag-latestnews","18":"tag-news","19":"tag-no","20":"tag-norge","21":"tag-norway","22":"tag-nyheter","23":"tag-overskrifter","24":"tag-top-stories","25":"tag-topstories","26":"tag-verden","27":"tag-world","28":"tag-world-news","29":"tag-worldnews"},"share_on_mastodon":{"url":"https:\/\/pubeurope.com\/@no\/115662560226941496","error":""},"_links":{"self":[{"href":"https:\/\/www.europesays.com\/no\/wp-json\/wp\/v2\/posts\/104268","targetHints":{"allow":["GET"]}}],"collection":[{"href":"https:\/\/www.europesays.com\/no\/wp-json\/wp\/v2\/posts"}],"about":[{"href":"https:\/\/www.europesays.com\/no\/wp-json\/wp\/v2\/types\/post"}],"author":[{"embeddable":true,"href":"https:\/\/www.europesays.com\/no\/wp-json\/wp\/v2\/users\/2"}],"replies":[{"embeddable":true,"href":"https:\/\/www.europesays.com\/no\/wp-json\/wp\/v2\/comments?post=104268"}],"version-history":[{"count":0,"href":"https:\/\/www.europesays.com\/no\/wp-json\/wp\/v2\/posts\/104268\/revisions"}],"wp:featuredmedia":[{"embeddable":true,"href":"https:\/\/www.europesays.com\/no\/wp-json\/wp\/v2\/media\/104269"}],"wp:attachment":[{"href":"https:\/\/www.europesays.com\/no\/wp-json\/wp\/v2\/media?parent=104268"}],"wp:term":[{"taxonomy":"category","embeddable":true,"href":"https:\/\/www.europesays.com\/no\/wp-json\/wp\/v2\/categories?post=104268"},{"taxonomy":"post_tag","embeddable":true,"href":"https:\/\/www.europesays.com\/no\/wp-json\/wp\/v2\/tags?post=104268"}],"curies":[{"name":"wp","href":"https:\/\/api.w.org\/{rel}","templated":true}]}}