{"id":104274,"date":"2025-12-04T17:51:17","date_gmt":"2025-12-04T17:51:17","guid":{"rendered":"https:\/\/www.europesays.com\/no\/104274\/"},"modified":"2025-12-04T17:51:17","modified_gmt":"2025-12-04T17:51:17","slug":"klubben-blei-roysta-ned-slik-reagerer-styreleiaren-like-etter-motet-os-og-fusa","status":"publish","type":"post","link":"https:\/\/www.europesays.com\/no\/104274\/","title":{"rendered":"Klubben blei r\u00f8ysta ned. Slik reagerer styreleiaren like etter m\u00f8tet &#8211; os og fusa"},"content":{"rendered":"<ol>\n<li><a href=\"https:\/\/news.google.com\/rss\/articles\/CBMiqgFBVV95cUxQaVJaYzBpWUp6bllmTnZTSWJsNE1Cd29kTk8wVEFmVnlvdXMxRXpqMWRneF9MM2xsYjR4XzJiZ3F1dnR3Y0Jpc25UbllGc1RqUGpZdkFDTXd0VjhiS1R1NkNmUGc2YkRYWmRTQVBlc2FXUDcwT3hCbXlPb0ZrMlI2cjc1dzlibG1xR0RWT08taU54eEdXRmxKMTZydVltRTFNblRrWW1IMWk0QQ?oc=5\" target=\"_blank\" rel=\"nofollow noopener\">Klubben blei r\u00f8ysta ned. Slik reagerer styreleiaren like etter m\u00f8tet<\/a>&nbsp;&nbsp;os og fusa<\/li>\n<li><a href=\"https:\/\/news.google.com\/rss\/articles\/CBMid0FVX3lxTE9zbUxwcjlIcHZwY2o2dUo1eHRhZ3dYd1hNa2NmUi1uQ0ZxSE5XSy1UMzZuT3NjNHhBbWJZcmFHVlJzczJmcnBYNDFWZE5NTmVkYmtYMW9JMlNoQnBYOHE3NTlDVWtxRjk0Wlo1d2otU2F5Y3llTmYw?oc=5\" target=\"_blank\" rel=\"nofollow noopener\">Sier nei til millionl\u00e5n.<\/a>&nbsp;&nbsp;Bergens Tidende<\/li>\n<li><a href=\"https:\/\/news.google.com\/rss\/articles\/CBMipAFBVV95cUxNU2V1TFdISE51OXhxRG1vUWNfYnFoaHE2bEpVQlFTaUZwZ0FENTJjZ2ZobG9VRjNRWUZpVEF3R1pxUndjOFhTa2Uza0dFclpISGtJY0d5MDY2XzU3V0t5cEZKR0FlUzFmYmt4bzE1VFAtZlNxeXczTUlwY2I0ODhRc3dGU3Q2V0QwbV9FaUFPUTZGd054MTNHTWJfOE1EXzdGaXRKVA?oc=5\" target=\"_blank\" rel=\"nofollow noopener\">Meiner kommunen legg opp til forskjellsbehandling av idrettslag<\/a>&nbsp;&nbsp;os og fusa<\/li>\n<li><a href=\"https:\/\/news.google.com\/rss\/articles\/CBMirAFBVV95cUxPODdRMm01dFBsdEN4TEVpSkJ6Q0lnRDQ1WUd1cWdzZ2JQcGtGU3VodXZfZU5IRVBZTnN3VDA2VFAtajJ5eW1ZVlVBRDQ4QXg4LWp3MkZERzdMMTVHTzduam1vT2pjdmhaSjdQcmt0VjZDclozMy1iNUZpWnVDTFNyX0N1RDBNXzg1MmkwREE3Z3Z3V3ctcUVFaFByRTJCeWRqME9uZ0VZaFlZUEEw?oc=5\" target=\"_blank\" rel=\"nofollow noopener\">Barnefotball-trenarar i Lysekloster IL g\u00e5r til angrep p\u00e5 eige styre<\/a>&nbsp;&nbsp;os og fusa<\/li>\n<li><a href=\"https:\/\/news.google.com\/rss\/articles\/CBMicEFVX3lxTFBSY1U0Y0sycDNaMDBXdXJrZHlLUElRV2p3cGxlMWN6RVJ1NU1qb09BNDFZbHduNEc5NHZiX1U2U0JoVGEySWR3cnJZdk5JenppM0FwNEgxVUF1SEZGd1ZjZ0F6Q3ZtQWFnZjQ0UXJMaG4?oc=5\" target=\"_blank\" rel=\"nofollow noopener\">Intens kamp for \u00e5 redda Lysekloster il<\/a>&nbsp;&nbsp;Midtsiden<\/li>\n<\/ol>\n","protected":false},"excerpt":{"rendered":"Klubben blei r\u00f8ysta ned. Slik reagerer styreleiaren like etter m\u00f8tet&nbsp;&nbsp;os og fusa Sier nei til millionl\u00e5n.&nbsp;&nbsp;Bergens Tidende Meiner&hellip;\n","protected":false},"author":2,"featured_media":104275,"comment_status":"","ping_status":"","sticky":false,"template":"","format":"standard","meta":{"footnotes":""},"categories":[59],"tags":[30,28,29,83,82],"class_list":{"0":"post-104274","1":"post","2":"type-post","3":"status-publish","4":"format-standard","5":"has-post-thumbnail","7":"category-sport","8":"tag-no","9":"tag-norge","10":"tag-norway","11":"tag-sport","12":"tag-sports"},"share_on_mastodon":{"url":"https:\/\/pubeurope.com\/@no\/115662571796846837","error":""},"_links":{"self":[{"href":"https:\/\/www.europesays.com\/no\/wp-json\/wp\/v2\/posts\/104274","targetHints":{"allow":["GET"]}}],"collection":[{"href":"https:\/\/www.europesays.com\/no\/wp-json\/wp\/v2\/posts"}],"about":[{"href":"https:\/\/www.europesays.com\/no\/wp-json\/wp\/v2\/types\/post"}],"author":[{"embeddable":true,"href":"https:\/\/www.europesays.com\/no\/wp-json\/wp\/v2\/users\/2"}],"replies":[{"embeddable":true,"href":"https:\/\/www.europesays.com\/no\/wp-json\/wp\/v2\/comments?post=104274"}],"version-history":[{"count":0,"href":"https:\/\/www.europesays.com\/no\/wp-json\/wp\/v2\/posts\/104274\/revisions"}],"wp:featuredmedia":[{"embeddable":true,"href":"https:\/\/www.europesays.com\/no\/wp-json\/wp\/v2\/media\/104275"}],"wp:attachment":[{"href":"https:\/\/www.europesays.com\/no\/wp-json\/wp\/v2\/media?parent=104274"}],"wp:term":[{"taxonomy":"category","embeddable":true,"href":"https:\/\/www.europesays.com\/no\/wp-json\/wp\/v2\/categories?post=104274"},{"taxonomy":"post_tag","embeddable":true,"href":"https:\/\/www.europesays.com\/no\/wp-json\/wp\/v2\/tags?post=104274"}],"curies":[{"name":"wp","href":"https:\/\/api.w.org\/{rel}","templated":true}]}}