{"id":104279,"date":"2025-12-04T17:59:09","date_gmt":"2025-12-04T17:59:09","guid":{"rendered":"https:\/\/www.europesays.com\/no\/104279\/"},"modified":"2025-12-04T17:59:09","modified_gmt":"2025-12-04T17:59:09","slug":"trafikk-og-kollektiv-ruter-person-i-rullestol-falt-i-t-banesporet","status":"publish","type":"post","link":"https:\/\/www.europesays.com\/no\/104279\/","title":{"rendered":"Trafikk og kollektiv, Ruter | Person i rullestol falt i T-banesporet"},"content":{"rendered":"\n<p>N\u00f8detatene var p\u00e5 Carl Berner T-banestasjon etter at en rullestol havnet i sporet.<\/p>\n<p>Det melder operasjonsleder Christer Martinsen torsdag ettermiddag. Han forteller videre at eieren av rullestolen er p\u00e5 perrongen.<\/p>\n<p>Ingen er alvorlig skadet, if\u00f8lge politiet.<\/p>\n<p>\u2013 Personen og rullestolen falt ut i sporet ved et uhell, men er berget opp igjen, melder Martinsen klokken 16.28.<\/p>\n<p>Brannvesenet var ogs\u00e5 p\u00e5 stedet.<\/p>\n<p>Forsinkelser i trafikken<\/p>\n<p>En tipser melder til Avisa Oslo at trafikken har st\u00e5tt i ro i n\u00e6rmere 30 minutter. Klokken 16.38 melder politiet at trafikken g\u00e5r som normalt igjen, men det er fortsatt forsinkelser p\u00e5 linje 4 og 5.<\/p>\n<p>De er ventet \u00e5 vare til klokken 18.00, if\u00f8lge Ruter.<\/p>\n<p>Rett f\u00f8r ettermiddagsrushet varslet Ruter om forsinkelser p\u00e5 alle T-banelinjer grunnet signalfeil p\u00e5 T\u00f8yen. Det skaper tr\u00f8bbel for \u00f8stg\u00e5ende retning.<\/p>\n<p><b>LES OGS\u00c5:<\/b><\/p>\n<p>  <a href=\"https:\/\/www.ao.no\/5-128-1208208\" class=\"related-teaser has-image default-story-teaser article--c-eRUmMG article--c-eRUmMG-jKCPdD-design-default\" rel=\"nofollow noopener\" target=\"_blank\"><\/p>\n<p>    <img decoding=\"async\" loading=\"lazy\"  src=\"https:\/\/www.europesays.com\/no\/wp-content\/uploads\/2025\/12\/1764871149_532_0A0A9188.jpg\" alt=\"\" class=\"brick-c-cFOWSL\" style=\"\"\/><\/p>\n<p>\n            Les ogs\u00e5<\/p>\n<p>              Jubler: \u2013 Kan sikre 100 kroner billigere m\u00e5nedskort\n        <\/p>\n<p>  <\/a><\/p>\n","protected":false},"excerpt":{"rendered":"N\u00f8detatene var p\u00e5 Carl Berner T-banestasjon etter at en rullestol havnet i sporet. Det melder operasjonsleder Christer Martinsen&hellip;\n","protected":false},"author":2,"featured_media":4903,"comment_status":"","ping_status":"","sticky":false,"template":"","format":"standard","meta":{"footnotes":""},"categories":[10],"tags":[36,20,21,24,25,15,22,23,13,30,28,29,14,636,16,287,1510,26,27,284],"class_list":{"0":"post-104279","1":"post","2":"type-post","3":"status-publish","4":"format-standard","5":"has-post-thumbnail","7":"category-norge","8":"tag-art","9":"tag-breaking-news","10":"tag-breakingnews","11":"tag-featured-news","12":"tag-featurednews","13":"tag-headlines","14":"tag-latest-news","15":"tag-latestnews","16":"tag-news","17":"tag-no","18":"tag-norge","19":"tag-norway","20":"tag-nyheter","21":"tag-oslo","22":"tag-overskrifter","23":"tag-ruter","24":"tag-story","25":"tag-top-stories","26":"tag-topstories","27":"tag-trafikk-og-kollektiv"},"share_on_mastodon":{"url":"https:\/\/pubeurope.com\/@no\/115662603233891909","error":""},"_links":{"self":[{"href":"https:\/\/www.europesays.com\/no\/wp-json\/wp\/v2\/posts\/104279","targetHints":{"allow":["GET"]}}],"collection":[{"href":"https:\/\/www.europesays.com\/no\/wp-json\/wp\/v2\/posts"}],"about":[{"href":"https:\/\/www.europesays.com\/no\/wp-json\/wp\/v2\/types\/post"}],"author":[{"embeddable":true,"href":"https:\/\/www.europesays.com\/no\/wp-json\/wp\/v2\/users\/2"}],"replies":[{"embeddable":true,"href":"https:\/\/www.europesays.com\/no\/wp-json\/wp\/v2\/comments?post=104279"}],"version-history":[{"count":0,"href":"https:\/\/www.europesays.com\/no\/wp-json\/wp\/v2\/posts\/104279\/revisions"}],"wp:featuredmedia":[{"embeddable":true,"href":"https:\/\/www.europesays.com\/no\/wp-json\/wp\/v2\/media\/4903"}],"wp:attachment":[{"href":"https:\/\/www.europesays.com\/no\/wp-json\/wp\/v2\/media?parent=104279"}],"wp:term":[{"taxonomy":"category","embeddable":true,"href":"https:\/\/www.europesays.com\/no\/wp-json\/wp\/v2\/categories?post=104279"},{"taxonomy":"post_tag","embeddable":true,"href":"https:\/\/www.europesays.com\/no\/wp-json\/wp\/v2\/tags?post=104279"}],"curies":[{"name":"wp","href":"https:\/\/api.w.org\/{rel}","templated":true}]}}