{"id":104280,"date":"2025-12-04T18:01:14","date_gmt":"2025-12-04T18:01:14","guid":{"rendered":"https:\/\/www.europesays.com\/no\/104280\/"},"modified":"2025-12-04T18:01:14","modified_gmt":"2025-12-04T18:01:14","slug":"frykter-uro-investorer-advarer-trump","status":"publish","type":"post","link":"https:\/\/www.europesays.com\/no\/104280\/","title":{"rendered":"Frykter uro: Investorer advarer Trump"},"content":{"rendered":"<p>Obligasjonsforvaltere p\u00e5 Wall Street har i m\u00f8ter med USAs finansdepartement advart mot \u00e5 utnevne Kevin Hassett til ny sentralbanksjef i Federal Reserve, skriver Financial Times.<\/p>\n<p>Hassett, som i dag er president Donald Trumps fremste \u00f8konomiske r\u00e5dgiver, anses som for lojal mot Trump, noe som skaper frykt for sentralbankens uavhengighet.<\/p>\n<p class=\"subhead\" data-element-type=\"subhead\" data-element-label=\"Mellomtittel\">Innsamling av markedsinnspill<\/p>\n<p>Finansminister Scott Bessent og det amerikanske finansdepartementet har den siste m\u00e5neden gjennomf\u00f8rt en rekke private samtaler med sentrale akt\u00f8rer i det amerikanske rentemarkedet \u2013 inkludert store banker og kapitalforvaltere.<\/p>\n<p>Temaet var hvilke kandidater markedet ans\u00e5 som best egnet til \u00e5 overta etter Jerome Powell. Hassett var ett av navnene departementet testet responsen p\u00e5.<\/p>\n<p>Disse samtalene skal ha funnet sted i november, f\u00f8r Bessent startet sin andre intervjurunde med de fem gjenv\u00e6rende kandidatene. Departementet bekrefter at de jevnlig innhenter markedsinnspill, men hevder at forventede markedsutfall mellom kandidatene \u00abvar sv\u00e6rt smale\u00bb og tonet ned betydningen av h\u00f8ringene.<\/p>\n<p class=\"subhead\" data-element-type=\"subhead\" data-element-label=\"Mellomtittel\">Frykt for aggressive kutt og &laquo;Truss-effekten&raquo;<\/p>\n<p>Hovedinnvendingen mot Hassett er at han er tilb\u00f8yelig til \u00e5 bli presset til raske og brede rentekutt, selv om inflasjonen ikke er under kontroll. Dette st\u00e5r i kontrast til Trumps lange historie med \u00e5 kreve kraftige rentekutt og \u00e5pent kritisere Powell for \u00e5 handle \u00abfor lite og for sent\u00bb.<\/p>\n<p>En av investorene skal ha brukt uttrykket \u00abNo one wants to get Truss-ed\u00bb. Dette er en klar referanse til den britiske krisen i 2022, da ufinansierte skattekutt under dav\u00e6rende statsminister Liz Truss utl\u00f8ste en voldsom tillitskrise og et kraftig rentehopp i britiske statsobligasjoner.<\/p>\n<p>Hvis investorer begynner \u00e5 tvile p\u00e5 at Fed er uavhengig, kan premien i lange renter stige raskt. Det kan gi press p\u00e5 dollaren, \u00f8kt volatilitet i globale kredittmarkeder og en br\u00e5stramming i finansielle forhold \u2013 stikk i strid med m\u00e5let om \u00abmyk landing\u00bb.<\/p>\n<p class=\"subhead\" data-element-type=\"subhead\" data-element-label=\"Mellomtittel\">Betviler om Hasssett vil samle Fed-styre<\/p>\n<p>I tillegg til inflasjonsfrykten, pekes det p\u00e5 en mer institusjonell utfordring: Flere i markedet betviler om Hassett er den rette personen til \u00e5 samle et delt Fed-styre og f\u00e5 gjennomslag for en ny rentelinje.<\/p>\n<p>Hassett er 63 \u00e5r og har lang fartstid som \u00f8konom i republikanske administrasjoner, blant annet som leder for Council of Economic Advisers under Trumps f\u00f8rste periode. Samtidig er det nettopp hans rolle som lojal Trump-arkitekt i Det hvite hus som n\u00e5 f\u00e5r obligasjonsmarkedet til \u00e5 heve \u00f8yenbrynene.<\/p>\n<p>Trump har sagt at han vil annonsere sin Fed-kandidat \u00abtidlig neste \u00e5r\u00bb, og har omtalt Hassett som en mulig kandidat.<\/p>\n","protected":false},"excerpt":{"rendered":"Obligasjonsforvaltere p\u00e5 Wall Street har i m\u00f8ter med USAs finansdepartement advart mot \u00e5 utnevne Kevin Hassett til ny&hellip;\n","protected":false},"author":2,"featured_media":101135,"comment_status":"","ping_status":"","sticky":false,"template":"","format":"standard","meta":{"footnotes":""},"categories":[5],"tags":[20,21,24,25,15,19,22,23,17,18,13,30,28,29,14,16,26,27],"class_list":{"0":"post-104280","1":"post","2":"type-post","3":"status-publish","4":"format-standard","5":"has-post-thumbnail","7":"category-overskrifter","8":"tag-breaking-news","9":"tag-breakingnews","10":"tag-featured-news","11":"tag-featurednews","12":"tag-headlines","13":"tag-hovedoppslag","14":"tag-latest-news","15":"tag-latestnews","16":"tag-main-news","17":"tag-mainnews","18":"tag-news","19":"tag-no","20":"tag-norge","21":"tag-norway","22":"tag-nyheter","23":"tag-overskrifter","24":"tag-top-stories","25":"tag-topstories"},"share_on_mastodon":{"url":"https:\/\/pubeurope.com\/@no\/115662611103713180","error":""},"_links":{"self":[{"href":"https:\/\/www.europesays.com\/no\/wp-json\/wp\/v2\/posts\/104280","targetHints":{"allow":["GET"]}}],"collection":[{"href":"https:\/\/www.europesays.com\/no\/wp-json\/wp\/v2\/posts"}],"about":[{"href":"https:\/\/www.europesays.com\/no\/wp-json\/wp\/v2\/types\/post"}],"author":[{"embeddable":true,"href":"https:\/\/www.europesays.com\/no\/wp-json\/wp\/v2\/users\/2"}],"replies":[{"embeddable":true,"href":"https:\/\/www.europesays.com\/no\/wp-json\/wp\/v2\/comments?post=104280"}],"version-history":[{"count":0,"href":"https:\/\/www.europesays.com\/no\/wp-json\/wp\/v2\/posts\/104280\/revisions"}],"wp:featuredmedia":[{"embeddable":true,"href":"https:\/\/www.europesays.com\/no\/wp-json\/wp\/v2\/media\/101135"}],"wp:attachment":[{"href":"https:\/\/www.europesays.com\/no\/wp-json\/wp\/v2\/media?parent=104280"}],"wp:term":[{"taxonomy":"category","embeddable":true,"href":"https:\/\/www.europesays.com\/no\/wp-json\/wp\/v2\/categories?post=104280"},{"taxonomy":"post_tag","embeddable":true,"href":"https:\/\/www.europesays.com\/no\/wp-json\/wp\/v2\/tags?post=104280"}],"curies":[{"name":"wp","href":"https:\/\/api.w.org\/{rel}","templated":true}]}}