{"id":104311,"date":"2025-12-04T18:35:08","date_gmt":"2025-12-04T18:35:08","guid":{"rendered":"https:\/\/www.europesays.com\/no\/104311\/"},"modified":"2025-12-04T18:35:08","modified_gmt":"2025-12-04T18:35:08","slug":"russland-snapchat-russland-blokkerer-snapchat","status":"publish","type":"post","link":"https:\/\/www.europesays.com\/no\/104311\/","title":{"rendered":"Russland, Snapchat | Russland blokkerer Snapchat"},"content":{"rendered":"\n<p>Det sosiale mediet Snapchat blir blokkert i Russland. Det melder det statsstyrte nyhetsbyr\u00e5et RIA, gjengitt av Reuters.<\/p>\n<p>Det er det russiske medietilsynet Roskomnadzor som har bestemt \u00e5 blokkere appen.<\/p>\n<p>\u2013 Roskomnadzor har blokkert Snapchat i Russland, blant annet som en plattform for organisering og gjennomf\u00f8ring av terroraktiviteter og rekruttering av terrorister, melder medietilsynet gjennom RIA.<\/p>\n<p><b>Les ogs\u00e5: <a href=\"https:\/\/www.nettavisen.no\/5-95-2762907\" rel=\"nofollow noopener\" target=\"_blank\">Ny granskning: Giftangrep godkjent av Putin<\/a><\/b><\/p>\n<p>If\u00f8lge nyhetsbyr\u00e5et ble appen blokkert allerede 10. oktober i \u00e5r.<\/p>\n<p>Fra f\u00f8r av er flere vestlige sosiale medier blokkert i Russland, blant annet Facebook, Instagram og X. Dette har skjedd i etterkant av fullskalainvasjonen av Ukraina i februar 2022.<\/p>\n<p>FaceTime<\/p>\n<p>Russland innf\u00f8rer ogs\u00e5 restriksjoner for bruk av Apple-eide FaceTime, som if\u00f8lge Roskomnadzor \u00abbenyttes for \u00e5 organisere og utf\u00f8re terrorhandlinger\u00bb p\u00e5 russisk territorium.<\/p>\n<p>FaceTime benyttes for \u00ab\u00e5 rekruttere gjerningspersoner og for \u00e5 utf\u00f8re svindel og andre forbrytelser\u00bb mot russere, heter det. Apple har ikke kommentert anklagene.<\/p>\n","protected":false},"excerpt":{"rendered":"Det sosiale mediet Snapchat blir blokkert i Russland. Det melder det statsstyrte nyhetsbyr\u00e5et RIA, gjengitt av Reuters. Det&hellip;\n","protected":false},"author":2,"featured_media":104312,"comment_status":"","ping_status":"","sticky":false,"template":"","format":"standard","meta":{"footnotes":""},"categories":[12],"tags":[20,21,24,25,15,22,23,13,30,28,29,14,16,26,27,42,43,44,45],"class_list":{"0":"post-104311","1":"post","2":"type-post","3":"status-publish","4":"format-standard","5":"has-post-thumbnail","7":"category-verden","8":"tag-breaking-news","9":"tag-breakingnews","10":"tag-featured-news","11":"tag-featurednews","12":"tag-headlines","13":"tag-latest-news","14":"tag-latestnews","15":"tag-news","16":"tag-no","17":"tag-norge","18":"tag-norway","19":"tag-nyheter","20":"tag-overskrifter","21":"tag-top-stories","22":"tag-topstories","23":"tag-verden","24":"tag-world","25":"tag-world-news","26":"tag-worldnews"},"share_on_mastodon":{"url":"https:\/\/pubeurope.com\/@no\/115662744779511560","error":""},"_links":{"self":[{"href":"https:\/\/www.europesays.com\/no\/wp-json\/wp\/v2\/posts\/104311","targetHints":{"allow":["GET"]}}],"collection":[{"href":"https:\/\/www.europesays.com\/no\/wp-json\/wp\/v2\/posts"}],"about":[{"href":"https:\/\/www.europesays.com\/no\/wp-json\/wp\/v2\/types\/post"}],"author":[{"embeddable":true,"href":"https:\/\/www.europesays.com\/no\/wp-json\/wp\/v2\/users\/2"}],"replies":[{"embeddable":true,"href":"https:\/\/www.europesays.com\/no\/wp-json\/wp\/v2\/comments?post=104311"}],"version-history":[{"count":0,"href":"https:\/\/www.europesays.com\/no\/wp-json\/wp\/v2\/posts\/104311\/revisions"}],"wp:featuredmedia":[{"embeddable":true,"href":"https:\/\/www.europesays.com\/no\/wp-json\/wp\/v2\/media\/104312"}],"wp:attachment":[{"href":"https:\/\/www.europesays.com\/no\/wp-json\/wp\/v2\/media?parent=104311"}],"wp:term":[{"taxonomy":"category","embeddable":true,"href":"https:\/\/www.europesays.com\/no\/wp-json\/wp\/v2\/categories?post=104311"},{"taxonomy":"post_tag","embeddable":true,"href":"https:\/\/www.europesays.com\/no\/wp-json\/wp\/v2\/tags?post=104311"}],"curies":[{"name":"wp","href":"https:\/\/api.w.org\/{rel}","templated":true}]}}