{"id":104319,"date":"2025-12-04T18:44:17","date_gmt":"2025-12-04T18:44:17","guid":{"rendered":"https:\/\/www.europesays.com\/no\/104319\/"},"modified":"2025-12-04T18:44:17","modified_gmt":"2025-12-04T18:44:17","slug":"kun-10-millioner-ekstra-til-bistand-i-2026-2","status":"publish","type":"post","link":"https:\/\/www.europesays.com\/no\/104319\/","title":{"rendered":"Kun 10 millioner ekstra til bistand i 2026"},"content":{"rendered":"<p>\n        Eirik Mofoss, leder for tankesmien Langsikt, er kritisk til at Norge gir mindre og mindre bistand til de aller fattigste.<br \/>\n        Foto: Andrea Gjestvang\n    <\/p>\n<p>    De r\u00f8dgr\u00f8nne partiene er enige om statsbudsjettet for 2026. \u2013 Det er utrolig skuffende at partier som b\u00e6rer paroler om internasjonal solidaritet h\u00f8yt, ikke\u00a0kjempet for det i forhandlingene, sier Langsikt-leder Eirik Mofoss, som f\u00e5r st\u00f8tte fra KrF.\u00a0\u00a0<\/p>\n<p> Natt til onsdag ble\u00a0SV, Sp, R\u00f8dt og MDG enige med Ap-regjeringen om neste \u00e5rs statsbudsjett.<\/p>\n<p> \u2013 Vi er glade for \u00e5 ha styrket bistanden til Palestina og<br \/>\nKlimainvesteringsfondet med til sammen nesten tre milliarder kroner, sier R\u00f8dts\u00a0utenrikspolitiske talsperson<br \/>\nBj\u00f8rnar Moxnes til Panorama.<\/p>\n<p class=\"font-weight-bold m-font-weight-bold\" data-lab-font_weight=\"font-weight-bold\">Men:<\/p>\n<ul>\n<li class=\"lab-bodytext-line\"> Enigheten om \u00e9n\u00a0milliard\u00a0kroner til en Gaza-hjelpepakke\u00a0bevilges\u00a0i\u00a0det oppdaterte budsjettet for 2025, det s\u00e5kalte\u00a0<a href=\"https:\/\/www.stortinget.no\/no\/Saker-og-publikasjoner\/Saker\/Sak\/?p=105741\" rel=\"nofollow noopener\" target=\"_blank\">nysalderte budsjettet<\/a>. Av dette er 750 millioner nye penger, mens 250 millioner dekkes inn med ubrukte penger dette \u00e5ret.<\/li>\n<li class=\"lab-bodytext-line\">Enigheten om \u00e5 \u00f8ke st\u00f8tten til\u00a0Klimainvesteringsfondet med\u00a0<a href=\"https:\/\/www.panoramanyheter.no\/klimainvesteringsfondet-statsbudsjett2025-statsbudsjettet\/klimainvesteringsfondet-far-to-milliarder-ekstra\/409839\" style=\"background-color: rgba(0, 0, 0, 0);\" rel=\"nofollow noopener\" target=\"_blank\">to milliarder kroner<\/a>\u00a0er ogs\u00e5 i\u00a0nysaldert budsjett 2025.\u00a0Av<br \/>\ndette er 500 millioner kroner\u00a0penger som er satt av p\u00e5 bistandsbudsjettet for \u00e5 dekke eventuelle tap. <\/li>\n<\/ul>\n<p data-lab-font_weight=\"font-weight-normal\" class=\"font-weight-normal m-font-weight-normal\">Neste \u00e5rs bistandsbudsjett \u00f8ker alts\u00e5 ikke med nesten tre milliarder kroner. Det \u00f8ker kun med 10 millioner kroner\u00a0\u2013 en \u00f8kning p\u00e5 under \u00e9n promille fra Ap-regjeringens <a href=\"https:\/\/www.panoramanyheter.no\/bistandsbransjen-bistandsbudsjettet-bistandsorganisasjoner\/dette-vil-regjeringen-bruke-pa-bistand-i-2026\/404091\" rel=\"nofollow noopener\" target=\"_blank\">forslag til bistandsbudsjett\u00a0<\/a>i oktober.<\/p>\n<p data-lab-font_weight=\"font-weight-normal\" class=\"font-weight-normal m-font-weight-normal\">\u2013 Jeg hadde aldri trodd\u00a0de r\u00f8dgr\u00f8nne partiene skulle vise s\u00e5 lite handlekraft og solidaritet i en tid der hundrevis av millioner mennesker trenger v\u00e5r hjelp, sier\u00a0Eirik Mofoss, som leder tankesmien Langsikt.<\/p>\n<p data-lab-font_weight=\"font-weight-bold\" class=\"font-weight-bold m-font-weight-bold\">Han er kritisk til at partier kan\u00a0b\u00e6re \u00abparoler om internasjonal\u00a0solidaritet h\u00f8yt\u00bb, og\u00a0samtidig bare klare \u00e5 sikre 10 millioner ekstra til bistand p\u00e5 et\u00a0statsbudsjett p\u00e5 totalt 2165 milliarder kroner.<\/p>\n<p>\u2013 Dessverre\u00a0er det langt fra ord til handling, og i<br \/>\nverdens rikeste land f\u00f8rte budsjettforhandlingene til at vi bevilget enda mer<br \/>\ntil oss selv.<\/p>\n<p>Dette er endringene i 2026-bistanden<\/p>\n<p>                <img decoding=\"async\" src=\"https:\/\/www.europesays.com\/no\/wp-content\/uploads\/2025\/12\/1764873857_999_409980.webp\" width=\"365\" height=\"351\" title=\"Bj\u00f8rnar Moxnes, utenrikspolitisk talsperson i R\u00f8dt.\" alt=\"\" loading=\"lazy\" style=\"\"\/><\/p>\n<p>\n            Bj\u00f8rnar Moxnes, utenrikspolitisk talsperson i R\u00f8dt.<br \/>\n            Foto: Thomas Fure \/ NTB\n        <\/p>\n<p>P\u00e5 Mofoss sin kritikk svarer Bj\u00f8rnar Moxnes i R\u00f8dt at de r\u00f8dgr\u00f8nne partiene forhandlet\u00a0b\u00e5de\u00a0om det oppdaterte og endelige 2025-budsjettet og neste \u00e5rs budsjett.<\/p>\n<p class=\"font-weight-bold m-font-weight-bold\" data-lab-font_weight=\"font-weight-bold\">\u2013 Det er\u00a0underlig \u00e5 hevde at den ene delen\u00a0ikke utgj\u00f8r noe gjennomslag. Jeg tror ikke folk i Gaza merker s\u00e5 mye til slike norske budsjett-teknikaliteter, sier han.<\/p>\n<p>I tillegg \u00f8ker neste \u00e5rs bistand med 10 millioner kroner, understreker han.\u00a0<\/p>\n<p>Det skyldes\u00a0f\u00f8lgende tre endringer:\u00a0<\/p>\n<ul>\n<li class=\"lab-bodytext-line\">10 millioner ekstra til organisasjoner som jobber med bosettervold.\u00a0<\/li>\n<li class=\"lab-bodytext-line\">5 millioner ekstra til de palestinske selvstyremyndighetene, \u00f8remerket oppl\u00e6ring og kompetanseheving.\u00a0<\/li>\n<li class=\"lab-bodytext-line\">5 millioner dekkes inn med midler fra Norecs tilskudd til internasjonal rekruttering.<\/li>\n<\/ul>\n<p>Historisk lav bistand til verdens fattige<\/p>\n<p>Tankesmien Langsikt har sett p\u00e5\u00a0<a href=\"https:\/\/www.langsikt.no\/publikasjoner\/bistandprosentens-dod-en-analyse-av-hva-norsk-bistand-gar-til\" rel=\"nofollow noopener\" target=\"_blank\">hva norsk bistand g\u00e5r til<\/a><a href=\"https:\/\/www.langsikt.no\/publikasjoner\/bistandprosentens-dod-en-analyse-av-hva-norsk-bistand-gar-til\" style=\"background-color: rgba(0, 0, 0, 0);\" rel=\"nofollow noopener\" target=\"_blank\">.<\/a><\/p>\n<p>\u2013\u00a0Neste \u00e5r vil kun\u00a054 prosent av norsk bistand g\u00e5 til utvikling, fattigdomsreduksjon og humanit\u00e6r innsats.\u00a0Dette er over ti prosentpoeng lavere enn i 2022, og\u00a0den laveste andelen i norsk bistandshistorie, forteller Mofoss om tankesmiens\u00a0utregninger.<\/p>\n<p>                <img decoding=\"async\" src=\"https:\/\/www.europesays.com\/no\/wp-content\/uploads\/2025\/12\/1764873857_949_409978.webp\" width=\"365\" height=\"387\" title=\"Jonas Andersen Sayed, utenrikspolitisk talsperson i KrF.\" alt=\"\" loading=\"lazy\" style=\"\"\/><\/p>\n<p>\n            Jonas Andersen Sayed, utenrikspolitisk talsperson i KrF.<\/p>\n<p data-lab-font_weight=\"\">Norges bistand til de minst utviklede landene er ogs\u00e5 historisk lav, noe som f\u00e5r Jonas<br \/>\nAndersen Sayed, utenrikspolitisk talsperson i KrF, til \u00e5 reagere.<\/p>\n<p>\u2013 SV, MDG og R\u00f8dt hadde mulighet til \u00e5 f\u00e5 gjennom<br \/>\nendringer i et d\u00e5rlig bistandsbudsjett, der andelen som g\u00e5r til verdens<br \/>\nfattigste aldri har v\u00e6rt lavere. Det valgte de \u00e5 ikke prioritere, sier han til Panorama.\u00a0<\/p>\n<p>Han har tidligere <a href=\"https:\/\/www.stortinget.no\/no\/Saker-og-publikasjoner\/Sporsmal\/Skriftlige-sporsmal-og-svar\/Skriftlig-sporsmal\/?qnid=112444\" rel=\"nofollow noopener\" target=\"_blank\">stilt skriftlig sp\u00f8rsm\u00e5l<\/a> til utviklingsministeren om \u00e5 f\u00e5 en oversikt over bistanden til de fattigste landene.<\/p>\n<p class=\"font-weight-normal m-font-weight-normal\" data-lab-font_weight=\"font-weight-normal\">Oversikten han fikk til svar, viser at den totale bistanden til de minst utviklede landene\u00a0som andel av norsk bistand i 2010 var\u00a032,0 prosent, mens den var\u00a022,1 prosent i 2023.\u00a0<\/p>\n<p class=\"font-weight-bold m-font-weight-bold\" data-lab-font_weight=\"font-weight-bold\">Om man prisjusterer tallene, ble det ogs\u00e5 gitt f\u00e6rre kroner i 2023 enn i 2010.<\/p>\n<p>\u2013<br \/>\nUtvanning av bistanden<\/p>\n<p data-lab-font_weight=\"font-weight-bold\" class=\"font-weight-bold m-font-weight-bold\">Med \u00f8kt bistand til Ukraina og til andre tiltak, har bistanden til verdens fattigste blitt <a href=\"https:\/\/www.panoramanyheter.no\/afrika-bistandsbudsjettet-kirkens-nodhjelp\/regjeringen-redefinerer-norsk-bistand\/404069\" style=\"font-weight: 700; background-color: rgba(0, 0, 0, 0);\" rel=\"nofollow noopener\" target=\"_blank\">redusert ytterligere<\/a>\u00a0de siste \u00e5rene.<\/p>\n<p class=\"font-weight-normal m-font-weight-normal\" data-lab-font_weight=\"font-weight-normal\">\u2013<br \/>\nHelt siden St\u00f8re overtok i 2021 har det v\u00e6rt en vanvittig utvanning av bistanden, mener Sayed.<\/p>\n<p class=\"font-weight-normal m-font-weight-normal\" data-lab-font_weight=\"font-weight-normal\">Han p\u00e5peker at mens\u00a0<a href=\"https:\/\/www.panoramanyheter.no\/afrika-bistandens-hovedmal-bistandspolitikk\/norsk-bistand-er-i-ferd-med-a-svikte-sitt-eget-hovedmal\/403765\" rel=\"nofollow noopener\" target=\"_blank\">fattigdomsreduksjon tidligere <\/a>var det viktigste m\u00e5let i norsk bistand, g\u00e5r n\u00e5 bistanden til en rekke ulike m\u00e5l.<\/p>\n<p class=\"font-weight-normal m-font-weight-normal\" data-lab-font_weight=\"font-weight-normal\"> \u2013 Vi gir stadig mer til klima, flyktningutgifter i Norge og andre tiltak i<br \/>\nEuropa. Det g\u00e5r p\u00e5 bekostning av bistanden til fattigdomsbekjempelse, og s\u00e6rlig<br \/>\nbistanden til de minst utviklede landene, sier Sayed.<\/p>\n<p class=\"font-weight-normal m-font-weight-normal\" data-lab-font_weight=\"font-weight-normal\">I h\u00f8st har tankesmien Langsikt hatt en kampanje kalt \u00ab<a href=\"https:\/\/nor01.safelinks.protection.outlook.com\/?url=https%3A%2F%2Fwww.langsikt.no%2F100dager&amp;data=05%7C02%7C%7C96faf53d1f864701ac0e08de323f83df%7C3977e38caa4b439e80ea421a4d4ef891%7C0%7C0%7C639003445557615878%7CUnknown%7CTWFpbGZsb3d8eyJFbXB0eU1hcGkiOnRydWUsIlYiOiIwLjAuMDAwMCIsIlAiOiJXaW4zMiIsIkFOIjoiTWFpbCIsIldUIjoyfQ%3D%3D%7C0%7C%7C%7C&amp;sdata=tItv2M%2FO%2FUK9WCGiVO7dKObBigqySeD8KIuULQTmyUU%3D&amp;reserved=0\" style=\"background-color: rgba(0, 0, 0, 0);\" rel=\"nofollow noopener\" target=\"_blank\">Ikke alle har 100 dager<\/a>\u00bb, der de har delt ut n\u00f8drasjoner for \u00e5 \u00abminne politikerne p\u00e5 \u00e5 prioritere verdens fattigste i forhandlingene\u00bb.\u00a0<\/p>\n<p class=\"font-weight-normal m-font-weight-normal\" data-lab-font_weight=\"font-weight-normal\">En ny\u00a0<a href=\"https:\/\/www.panoramanyheter.no\/ekstrem-fattigdom-fattigdom-gunn-jorid-roset\/en-av-ti-lever-na-i-ekstrem-fattigdom\/404453\" style=\"background-color: rgba(0, 0, 0, 0);\" rel=\"nofollow noopener\" target=\"_blank\">fattigdomsrapport fra Norad<\/a>\u00a0viser at hver tiende person i verden lever i ekstrem fattigdom.<\/p>\n<p><a href=\"https:\/\/nor01.safelinks.protection.outlook.com\/?url=https%3A%2F%2Fwww.unicef.org%2Fsocial-policy%2Fchild-poverty&amp;data=05%7C02%7C%7C96faf53d1f864701ac0e08de323f83df%7C3977e38caa4b439e80ea421a4d4ef891%7C0%7C0%7C639003445557634677%7CUnknown%7CTWFpbGZsb3d8eyJFbXB0eU1hcGkiOnRydWUsIlYiOiIwLjAuMDAwMCIsIlAiOiJXaW4zMiIsIkFOIjoiTWFpbCIsIldUIjoyfQ%3D%3D%7C0%7C%7C%7C&amp;sdata=f9AjZ%2B9e1H0OcOpRs3fRRSa1p%2FUmFokz0QWUHFAxIQ0%3D&amp;reserved=0\" rel=\"nofollow noopener\" target=\"_blank\">\u2013\u00a0<\/a>De kan ikke vente lenger, sier Mofoss i Langsikt.<\/p>\n<p>Mener kritikken burde rettes mot andre<\/p>\n<p>SV og MDG har ogs\u00e5 f\u00e5tt tilbud om \u00e5 svare p\u00e5 kritikken fra Mofoss og Sayed. De har ikke svart p\u00e5 Panoramas sp\u00f8rsm\u00e5l. Men Moxnes i R\u00f8dt svarer f\u00f8lgende:<\/p>\n<p>\u2013 R\u00f8dt hadde st\u00f8rre ambisjoner, men dette er viktige gjennomslag med tanke p\u00e5 at vi har en tiendedel av representantene som trengs for \u00e5 f\u00e5 flertall i Stortinget.<\/p>\n<p>Han viser til at R\u00f8dt i sitt\u00a0<a href=\"https:\/\/www.panoramanyheter.no\/bistandsbudsjettet-politikk-statsbudsjettet-2026\/slik-vil-stottepartiene-endre-bistandsbudsjettet-for-2026\/407350\" rel=\"nofollow noopener\" target=\"_blank\">alternative budsjett<\/a>\u00a0for 2026 foreslo b\u00e5de \u00e5 \u00f8ke bistanden fra Ap-regjeringens forslag og \u00e5 ta imot flere flyktninger.<\/p>\n<p>\u2013 Det er nok av partier som vil kutte i bistanden, og det er nok dit kritikken b\u00f8r rettes.<\/p>\n<p>                Les mer om statsbudsjettet:<\/p>\n","protected":false},"excerpt":{"rendered":"Eirik Mofoss, leder for tankesmien Langsikt, er kritisk til at Norge gir mindre og mindre bistand til de&hellip;\n","protected":false},"author":2,"featured_media":104175,"comment_status":"","ping_status":"","sticky":false,"template":"","format":"standard","meta":{"footnotes":""},"categories":[10],"tags":[20,21,24,25,15,22,23,13,30,28,29,14,16,26,27],"class_list":{"0":"post-104319","1":"post","2":"type-post","3":"status-publish","4":"format-standard","5":"has-post-thumbnail","7":"category-norge","8":"tag-breaking-news","9":"tag-breakingnews","10":"tag-featured-news","11":"tag-featurednews","12":"tag-headlines","13":"tag-latest-news","14":"tag-latestnews","15":"tag-news","16":"tag-no","17":"tag-norge","18":"tag-norway","19":"tag-nyheter","20":"tag-overskrifter","21":"tag-top-stories","22":"tag-topstories"},"share_on_mastodon":{"url":"https:\/\/pubeurope.com\/@no\/115662780724731149","error":""},"_links":{"self":[{"href":"https:\/\/www.europesays.com\/no\/wp-json\/wp\/v2\/posts\/104319","targetHints":{"allow":["GET"]}}],"collection":[{"href":"https:\/\/www.europesays.com\/no\/wp-json\/wp\/v2\/posts"}],"about":[{"href":"https:\/\/www.europesays.com\/no\/wp-json\/wp\/v2\/types\/post"}],"author":[{"embeddable":true,"href":"https:\/\/www.europesays.com\/no\/wp-json\/wp\/v2\/users\/2"}],"replies":[{"embeddable":true,"href":"https:\/\/www.europesays.com\/no\/wp-json\/wp\/v2\/comments?post=104319"}],"version-history":[{"count":0,"href":"https:\/\/www.europesays.com\/no\/wp-json\/wp\/v2\/posts\/104319\/revisions"}],"wp:featuredmedia":[{"embeddable":true,"href":"https:\/\/www.europesays.com\/no\/wp-json\/wp\/v2\/media\/104175"}],"wp:attachment":[{"href":"https:\/\/www.europesays.com\/no\/wp-json\/wp\/v2\/media?parent=104319"}],"wp:term":[{"taxonomy":"category","embeddable":true,"href":"https:\/\/www.europesays.com\/no\/wp-json\/wp\/v2\/categories?post=104319"},{"taxonomy":"post_tag","embeddable":true,"href":"https:\/\/www.europesays.com\/no\/wp-json\/wp\/v2\/tags?post=104319"}],"curies":[{"name":"wp","href":"https:\/\/api.w.org\/{rel}","templated":true}]}}