{"id":104320,"date":"2025-12-04T18:46:11","date_gmt":"2025-12-04T18:46:11","guid":{"rendered":"https:\/\/www.europesays.com\/no\/104320\/"},"modified":"2025-12-04T18:46:11","modified_gmt":"2025-12-04T18:46:11","slug":"aaron-og-celin-bizet-donnum-avslorer-babylykke-etter-bryllupet-i-italia","status":"publish","type":"post","link":"https:\/\/www.europesays.com\/no\/104320\/","title":{"rendered":"Aaron og Celin Bizet D\u00f8nnum avsl\u00f8rer babylykke etter bryllupet i Italia"},"content":{"rendered":"<p class=\"kicker \" style=\"\">Aaron D\u00f8nnum og Celin Bizet D\u00f8nnum:<\/p>\n<p>  Fotballparet avsl\u00f8rer stor nyhet p\u00e5 Instagram.<\/p>\n<p>\n    ROMANTIKK &#8211; TAKK: Landslagsspiller Aron D\u00f8nnum og Manchester United-spiller Celin Bizet Ildhus\u00f8y har n\u00e5 giftet seg i Italia. Her fra en romantisk ferie i fjor. Foto: Skjermbilde: @aron.donnum \/ Instagram\n  <\/p>\n<p>I sommer ble fotballspillerne Aaron D\u00f8nnum og Celin Bizet D\u00f8nnum gift under en storsl\u00e5tt feiring i Italia.\u00a0<\/p>\n<p>N\u00e5 r\u00f8per de at familien utvides i en gladmelding delt i sosiale medier.\u00a0<\/p>\n<p>          <img loading=\"lazy\" decoding=\"async\" src=\"https:\/\/www.europesays.com\/no\/wp-content\/uploads\/2025\/12\/83940848.webp\" width=\"686\" height=\"837\" title=\"Foto: Skjermbilde fra Instagram\" alt=\"\" class=\"\" style=\"--aspect-ratio-image: 0.82; \"\/><\/p>\n<p>\n          Foto: Skjermbilde fra Instagram\n      <\/p>\n<p>\u00abBaby p\u00e5 vei\u00bb, st\u00e5r det under innlegget.<\/p>\n","protected":false},"excerpt":{"rendered":"Aaron D\u00f8nnum og Celin Bizet D\u00f8nnum: Fotballparet avsl\u00f8rer stor nyhet p\u00e5 Instagram. ROMANTIKK &#8211; TAKK: Landslagsspiller Aron D\u00f8nnum&hellip;\n","protected":false},"author":2,"featured_media":104321,"comment_status":"","ping_status":"","sticky":false,"template":"","format":"standard","meta":{"footnotes":""},"categories":[59],"tags":[5429,479,2543,30,28,29,83,82],"class_list":{"0":"post-104320","1":"post","2":"type-post","3":"status-publish","4":"format-standard","5":"has-post-thumbnail","7":"category-sport","8":"tag-gladnyhet","9":"tag-kjendis","10":"tag-kjendisdesken","11":"tag-no","12":"tag-norge","13":"tag-norway","14":"tag-sport","15":"tag-sports"},"share_on_mastodon":{"url":"","error":""},"_links":{"self":[{"href":"https:\/\/www.europesays.com\/no\/wp-json\/wp\/v2\/posts\/104320","targetHints":{"allow":["GET"]}}],"collection":[{"href":"https:\/\/www.europesays.com\/no\/wp-json\/wp\/v2\/posts"}],"about":[{"href":"https:\/\/www.europesays.com\/no\/wp-json\/wp\/v2\/types\/post"}],"author":[{"embeddable":true,"href":"https:\/\/www.europesays.com\/no\/wp-json\/wp\/v2\/users\/2"}],"replies":[{"embeddable":true,"href":"https:\/\/www.europesays.com\/no\/wp-json\/wp\/v2\/comments?post=104320"}],"version-history":[{"count":0,"href":"https:\/\/www.europesays.com\/no\/wp-json\/wp\/v2\/posts\/104320\/revisions"}],"wp:featuredmedia":[{"embeddable":true,"href":"https:\/\/www.europesays.com\/no\/wp-json\/wp\/v2\/media\/104321"}],"wp:attachment":[{"href":"https:\/\/www.europesays.com\/no\/wp-json\/wp\/v2\/media?parent=104320"}],"wp:term":[{"taxonomy":"category","embeddable":true,"href":"https:\/\/www.europesays.com\/no\/wp-json\/wp\/v2\/categories?post=104320"},{"taxonomy":"post_tag","embeddable":true,"href":"https:\/\/www.europesays.com\/no\/wp-json\/wp\/v2\/tags?post=104320"}],"curies":[{"name":"wp","href":"https:\/\/api.w.org\/{rel}","templated":true}]}}