{"id":104322,"date":"2025-12-04T18:49:13","date_gmt":"2025-12-04T18:49:13","guid":{"rendered":"https:\/\/www.europesays.com\/no\/104322\/"},"modified":"2025-12-04T18:49:13","modified_gmt":"2025-12-04T18:49:13","slug":"naeringsliv-averoy-vil-bygge-datasenter-i-averoy","status":"publish","type":"post","link":"https:\/\/www.europesays.com\/no\/104322\/","title":{"rendered":"N\u00e6ringsliv, Aver\u00f8y | Vil bygge datasenter i Aver\u00f8y"},"content":{"rendered":"\n<p>Torsdag lanserte selskapet Magnora et nytt datasenterprosjekt i Aver\u00f8y kommune.<\/p>\n<p>Det ble meldt i en <a href=\"https:\/\/newsweb.oslobors.no\/message\/661200\" rel=\"Follow nofollow noopener\" target=\"_blank\">b\u00f8rsmelding<\/a> fra selskapet torsdag morgen.<\/p>\n<p>I b\u00f8rsmeldingen skriver de at har planer om \u00e5 utvikle et datasenter med en kapasitet p\u00e5 inntil 100 megawatt.<\/p>\n<p>Tre samarbeidspartnere<\/p>\n<p>Prosjektet, som har f\u00e5tt navnet \u00abMagnora Scale Aver\u00f8ya\u00bb, g\u00e5r ut p\u00e5 at selskapet skal bygge et AI-datasenter. If\u00f8lge <a href=\"https:\/\/www.finansavisen.no\/energi\/2025\/12\/04\/8312162\/magnora-hiver-seg-pa-trenden?zephr_sso_ott=DmpHUC\" rel=\"Follow nofollow noopener\" target=\"_blank\">Finansavisen<\/a> er AI-datasentre er en ny type datasentre som ikke bare lagrer data, men i hovedsak bearbeider den. Det st\u00e5r i kontrast til de tradisjonelle datasentrene som i hovedsak har fungert som sentraler for datalagring.<\/p>\n<p>Prosjektet er et samarbeid mellom Magnora, Aver\u00f8y Industripark og Tore Knapskog. De tre er inne p\u00e5 eiersiden i prosjektet med henholdsvis 70 prosent, 22,5 prosent og 7,5 prosent av aksjene. N\u00e5 jobber de for \u00e5 f\u00e5 p\u00e5 plass de n\u00f8dvendige rettighetene, tillatelsene og tilgangen til str\u00f8mnettet som m\u00e5 til for \u00e5 bygge datasenteret.<\/p>\n<p>Skal selge seg ut<\/p>\n<p>I b\u00f8rsmeldingen skriver selskapet at de har sikret seg en tomt p\u00e5 120.000 kvm. som er regulert for industri. De skriver ogs\u00e5 at det vil ligge i n\u00e6rheten av et landbasert akvakultur-prosjekt med potensial for bruk av overskuddsvarme fra datasenteret.<\/p>\n<p>De skriver ogs\u00e5 at de planlegger \u00e5 selge seg helt ut n\u00e5r prosjektet er fullf\u00f8rt.<\/p>\n<p>  <a href=\"https:\/\/www.tk.no\/5-51-1749169\" class=\"related-teaser has-image default-story-teaser article--c-eRUmMG article--c-eRUmMG-jKCPdD-design-default\" rel=\"nofollow noopener\" target=\"_blank\"><\/p>\n<p>    <img decoding=\"async\" loading=\"lazy\"  src=\"https:\/\/www.europesays.com\/no\/wp-content\/uploads\/2025\/12\/NorSea+Atlantic_Illustrasjon+fra+nord.jpg\" alt=\"\" class=\"brick-c-cFOWSL\" style=\"\"\/><\/p>\n<p>\n            Les ogs\u00e5<\/p>\n<p>              Fabrikk-prosjektet har f\u00e5tt gr\u00f8nt lys \u2013 kan gi 280 nye arbeidsplasser\n        <\/p>\n<p>  <\/a><\/p>\n<p>  <a href=\"https:\/\/www.tk.no\/5-51-991513\" class=\"related-teaser has-image default-story-teaser article--c-eRUmMG article--c-eRUmMG-jKCPdD-design-default\" rel=\"nofollow noopener\" target=\"_blank\"><\/p>\n<p>    <img decoding=\"async\" loading=\"lazy\"  src=\"https:\/\/www.europesays.com\/no\/wp-content\/uploads\/2025\/12\/DSC_5005.JPG\" alt=\"\" class=\"brick-c-cFOWSL\" style=\"\"\/><\/p>\n<p>\n            Les ogs\u00e5<\/p>\n<p>              Her vil de produsere 20.000 tonn laks i \u00e5ret: \u2013 Vi \u00f8nsker \u00e5 bygge noe som er framtidsrettet\n        <\/p>\n<p>  <\/a><\/p>\n","protected":false},"excerpt":{"rendered":"Torsdag lanserte selskapet Magnora et nytt datasenterprosjekt i Aver\u00f8y kommune. Det ble meldt i en b\u00f8rsmelding fra selskapet&hellip;\n","protected":false},"author":2,"featured_media":104323,"comment_status":"","ping_status":"","sticky":false,"template":"","format":"standard","meta":{"footnotes":""},"categories":[56],"tags":[36,297,60,876,61,62,30,28,29,1510],"class_list":{"0":"post-104322","1":"post","2":"type-post","3":"status-publish","4":"format-standard","5":"has-post-thumbnail","7":"category-naeringsliv","8":"tag-art","9":"tag-averoy","10":"tag-business","11":"tag-datasenter","12":"tag-economy","13":"tag-naeringsliv","14":"tag-no","15":"tag-norge","16":"tag-norway","17":"tag-story"},"share_on_mastodon":{"url":"https:\/\/pubeurope.com\/@no\/115662800228757238","error":""},"_links":{"self":[{"href":"https:\/\/www.europesays.com\/no\/wp-json\/wp\/v2\/posts\/104322","targetHints":{"allow":["GET"]}}],"collection":[{"href":"https:\/\/www.europesays.com\/no\/wp-json\/wp\/v2\/posts"}],"about":[{"href":"https:\/\/www.europesays.com\/no\/wp-json\/wp\/v2\/types\/post"}],"author":[{"embeddable":true,"href":"https:\/\/www.europesays.com\/no\/wp-json\/wp\/v2\/users\/2"}],"replies":[{"embeddable":true,"href":"https:\/\/www.europesays.com\/no\/wp-json\/wp\/v2\/comments?post=104322"}],"version-history":[{"count":0,"href":"https:\/\/www.europesays.com\/no\/wp-json\/wp\/v2\/posts\/104322\/revisions"}],"wp:featuredmedia":[{"embeddable":true,"href":"https:\/\/www.europesays.com\/no\/wp-json\/wp\/v2\/media\/104323"}],"wp:attachment":[{"href":"https:\/\/www.europesays.com\/no\/wp-json\/wp\/v2\/media?parent=104322"}],"wp:term":[{"taxonomy":"category","embeddable":true,"href":"https:\/\/www.europesays.com\/no\/wp-json\/wp\/v2\/categories?post=104322"},{"taxonomy":"post_tag","embeddable":true,"href":"https:\/\/www.europesays.com\/no\/wp-json\/wp\/v2\/tags?post=104322"}],"curies":[{"name":"wp","href":"https:\/\/api.w.org\/{rel}","templated":true}]}}