{"id":104324,"date":"2025-12-04T18:50:17","date_gmt":"2025-12-04T18:50:17","guid":{"rendered":"https:\/\/www.europesays.com\/no\/104324\/"},"modified":"2025-12-04T18:50:17","modified_gmt":"2025-12-04T18:50:17","slug":"israel-far-lov-a-delta-i-eurovision-2","status":"publish","type":"post","link":"https:\/\/www.europesays.com\/no\/104324\/","title":{"rendered":"Israel f\u00e5r lov \u00e5 delta i Eurovision"},"content":{"rendered":"\n<p class=\"_lead_o9xde_2 _lead_xtcu6_50 layout-component text-serif-m layout-normal text-serif-l layout-component layout-wide layout-padded _wide_17hqh_1 layout-padded\">N\u00e5 trekker flere land seg.<\/p>\n<p><img alt=\"\u00a0Yuval Raphael sang i v\u00e5r for Israel. Foto: Ohad Zwigenberg \/ AP \/ NTB\" class=\"_image_qp4xg_65 layout-component layout-wide\" data-fullscreen- data-track-element-type=\"Article image fullscreen\" data-track-name=\"ImageFullscreen\" fetchpriority=\"high\" decoding=\"sync\" loading=\"eager\" height=\"3005\" itemprop=\"image\"  src=\"https:\/\/www.europesays.com\/no\/wp-content\/uploads\/2025\/12\/1764874212_360_2190995d-44f3-4e28-be15-2f46bec833f7\"  style=\"object-position:0% 0%\" width=\"4507\"\/>\u00a0Yuval Raphael sang i v\u00e5r for Israel. Foto: Ohad Zwigenberg \/ AP \/ NTB Oppdatert torsdag 4. desember kl. 19:47     <\/p>\n<p class=\"_paragraph_o9xde_4 _paragraph_xtcu6_10 layout-component text-serif-m layout-normal text-serif-m layout-padded\">Den europeiske kringkastingsunion (EBU) har besluttet at <a href=\"https:\/\/www.vg.no\/tag\/israel?utm_source=vg-article&amp;utm_medium=auto-tagger&amp;utm_campaign=ln1EeL\" class=\"_link_o9xde_39\" rel=\"nofollow noopener\" target=\"_blank\">Israel<\/a> f\u00e5r lov \u00e5 delta i Eurovision Song Contest (ESC) neste \u00e5r. Det ble klart p\u00e5 et m\u00f8te i EBU torsdag kveld, skriver nyhetsbyr\u00e5et Reuters.<\/p>\n<p class=\"_paragraph_o9xde_4 _paragraph_xtcu6_10 layout-component text-serif-m layout-normal text-serif-m layout-padded\">EBU som arrangerer Eurovision, avgjorde torsdag at det ikke skulle holdes avstemning om Israels deltakelse i sangkonkurransen. Alle medlemslandene skal f\u00e5 delta s\u00e5 lenge de viser klar st\u00f8tte til reformer som skal styrke sangkonkurransen, if\u00f8lge en pressemelding fra EBU.<\/p>\n<p>\u2013 Uakseptabelt<\/p>\n<p class=\"_paragraph_o9xde_4 _paragraph_xtcu6_10 layout-component text-serif-m layout-normal text-serif-m layout-padded\">Fem land har tidligere varslet at de vil boikotte arrangementet dersom Israel f\u00e5r delta. Tre av dem har har kommet med uttalelser torsdag kveld: <\/p>\n<ul class=\"_list_o9xde_3 _list_xtcu6_9 _unordered_o9xde_106 layout-component text-serif-m layout-normal text-serif-m layout-padded\">\n<li class=\"_item_o9xde_30\">B\u00e5de Nederland, Spania, Irland og Slovenia sier at trekker seg fra sangkonkurransen, melder Reuters.<\/li>\n<li class=\"_item_o9xde_30\">Irland sier i en uttalelse sier RTE at Irlands deltakelse \u00abforblir uakseptabel gitt det forferdelige tapet av liv i Gaza og den humanit\u00e6re krisen\u00bb.<\/li>\n<li class=\"_item_o9xde_30\">Kringkasteren i Island har ogs\u00e5 tidligere sagt at de vil boikotte konkurransen hvis Israel f\u00e5r delta fordi de ikke vil legitimere folkerettsbrudd. De har forel\u00f8pig ikke kommet med noen uttalelse om saken. <\/li>\n<\/ul>\n<p><img alt=\"Propalestinske demonstranter under Eurovision i Basel i Sveits i mai.  Foto: Georgios Kefalas \/ AP \/ NTB\" class=\"_image_qp4xg_65 layout-component layout-normal\" data-fullscreen- data-track-element-type=\"Article image fullscreen\" data-track-name=\"ImageFullscreen\" decoding=\"async\" loading=\"lazy\" height=\"4837\" itemprop=\"image\"  src=\"https:\/\/www.europesays.com\/no\/wp-content\/uploads\/2025\/12\/f6dc4e7d-ad5e-4363-bca9-612d9cdfd0f1\"  style=\"object-position:0% 0%\" width=\"7256\"\/>Propalestinske demonstranter under Eurovision i Basel i Sveits i mai.  Foto: Georgios Kefalas \/ AP \/ NTB<\/p>\n<p class=\"_paragraph_o9xde_4 _paragraph_xtcu6_10 layout-component text-serif-m layout-normal text-serif-m layout-padded\">Torsdag ble kjent at 611 norske kunstnere fra flere kulturfelt har underskrevet et <a href=\"https:\/\/www.vg.no\/rampelys\/i\/d456MB\/eurovision-artister-oppfordres-til-boikott\" data-track-element-type=\"Link\" data-track-id=\"link:d456MB\" class=\"_link_o9xde_39\" rel=\"nofollow noopener\" target=\"_blank\">opprop <\/a>mot Israels deltagelse i Eurovision Song Contest (ESC) 2026. De mener at NRK i denne saken har vist stor motvilje i forhold til \u00e5 ta et standpunkt.<\/p>\n<p class=\"_paragraph_o9xde_4 _paragraph_xtcu6_10 layout-component text-serif-m layout-normal text-serif-m layout-padded\">\u00abNRK er \u00e5penbart ikke i stand til \u00e5 ta et tydelig standpunkt mot at Israel kan delta i\u00a0<a href=\"https:\/\/www.vg.no\/tag\/eurovision?utm_source=vg-article&amp;utm_medium=auto-tagger&amp;utm_campaign=d456MB\" class=\"_link_o9xde_39\" rel=\"nofollow noopener\" target=\"_blank\">Eurovision<\/a>\u00bb, \u00e5pner de oppropet med. <\/p>\n<p>NRK st\u00f8tter<\/p>\n<p class=\"_paragraph_o9xde_4 _paragraph_xtcu6_10 layout-component text-serif-m layout-normal text-serif-m layout-padded\">Kringkastingssjef Vibeke F\u00fcrst Haugen sier hun st\u00f8tter endringene som er gjort i EBU. En konsekvens av endringene er at Israel ikke utestenges fra Eurovision.<\/p>\n<p class=\"_paragraph_o9xde_4 _paragraph_xtcu6_10 layout-component text-serif-m layout-normal text-serif-m layout-padded\">\u2013 I \u00e5r har vi deltatt aktivt i prosessen for \u00e5 gj\u00f8re EBU og Eurovision bedre, sterkere og mer samlende. Vi mener tiltakene er n\u00f8dvendige for \u00e5 beskytte konkurransens n\u00f8ytralitet og omd\u00f8mme, sier kringkastingssjef Vibeke F\u00fcrst Haugen i en pressemelding.<\/p>\n<p class=\"_paragraph_o9xde_4 _paragraph_xtcu6_10 layout-component text-serif-m layout-normal text-serif-m layout-padded\">\u2013 Et flertall av medlemmene bestemte at disse tiltakene som n\u00e5 iverksettes er tilstrekkelig for at vi kan g\u00e5 videre med konkurransen neste \u00e5r, sier Haugen til Dagsnytt 18. I pressemeldingen fra NRK heter det ogs\u00e5 at NRK st\u00f8tter at allmennkringkastere som oppfyller kriteriene og f\u00f8lger regelverket, f\u00e5r delta.<\/p>\n<p>\u2013 Uavhengighet v\u00e5r viktigste valuta<img alt=\"NRKs kringkastingssjef, Vibeke F\u00fcrst Haugen er denne uken i Gen\u00e8ve p\u00e5 den halv\u00e5rlige generalforsamlingen i EBU.  Foto: H\u00e5kon Mosvold Larsen \/ NTB\" class=\"_image_qp4xg_65 layout-component layout-normal\" data-fullscreen- data-track-element-type=\"Article image fullscreen\" data-track-name=\"ImageFullscreen\" decoding=\"async\" loading=\"lazy\" height=\"4000\" itemprop=\"image\"  src=\"https:\/\/www.europesays.com\/no\/wp-content\/uploads\/2025\/12\/c283ccac-91c8-4ade-860a-2c4f8ccf37d9\"  style=\"object-position:0% 0%\" width=\"6000\"\/>NRKs kringkastingssjef, Vibeke F\u00fcrst Haugen er denne uken i Gen\u00e8ve p\u00e5 den halv\u00e5rlige generalforsamlingen i EBU.  Foto: H\u00e5kon Mosvold Larsen \/ NTB<\/p>\n<p class=\"_paragraph_o9xde_4 _paragraph_xtcu6_10 layout-component text-serif-m layout-normal text-serif-m layout-padded\">\u2013 Men Nederland, Spania og Irland, kringkasterne der, har sagt at de vil boikotte konkuransen. Hva var NRKs vurdering i dag? sp\u00f8r programlederen i Dagsnytt 18.<\/p>\n<p class=\"_paragraph_o9xde_4 _paragraph_xtcu6_10 layout-component text-serif-m layout-normal text-serif-m layout-padded\">\u2013 NRK er en offentlig finansiert almenkringkaster. V\u00e5r jobb er \u00e5 informere og rapportere. Det er ikke \u00e5 ta stilling og det er heller ikke \u00e5 ta side. Uavhengighet er v\u00e5r aller viktigste valuta og v\u00e5rt viktigste m\u00e5l, og det er ogs\u00e5 helt fundamentalt for at vi skal klare \u00e5 oppfylle v\u00e5rt oppdrag, sier Vibeke F\u00fcrst Haugen.<\/p>\n<p><img alt=\"Israel's Yuval Raphael f\u00f8r \u00e5pningsseremonien i mai. Hun endre p\u00e5 en andreplass. N\u00e5 f\u00e5r Israel en ny sjanse.  Foto: Peter Schneider \/ AP \/ NTB\" class=\"_image_qp4xg_65 layout-component layout-normal\" data-fullscreen- data-track-element-type=\"Article image fullscreen\" data-track-name=\"ImageFullscreen\" decoding=\"async\" loading=\"lazy\" height=\"1949\" itemprop=\"image\"  src=\"https:\/\/www.europesays.com\/no\/wp-content\/uploads\/2025\/12\/2b9d9994-f5ff-429d-85d1-017625aa6db0\"  style=\"object-position:0% 0%\" width=\"2923\"\/>Israel&#8217;s Yuval Raphael f\u00f8r \u00e5pningsseremonien i mai. Hun endre p\u00e5 en andreplass. N\u00e5 f\u00e5r Israel en ny sjanse.  Foto: Peter Schneider \/ AP \/ NTB<\/p>\n<p class=\"_paragraph_o9xde_4 _paragraph_xtcu6_10 layout-component text-serif-m layout-normal text-serif-m layout-padded\">\u2013 NRK er en offentlig finansiert kringkaster <\/p>\n<p class=\"_paragraph_o9xde_4 _paragraph_xtcu6_10 layout-component text-serif-m layout-normal text-serif-m layout-padded\">If\u00f8lge NRK inneb\u00e6rer endringene blant annet strengere regler for \u00e5 hindre<br \/>p\u00e5virkningskampanjer og gjeninnf\u00f8ring av fagjuryer i semifinalene for \u00e5 styrke<br \/>sikkerheten rundt avstemningen.<\/p>\n<p class=\"_paragraph_o9xde_4 _paragraph_xtcu6_10 layout-component text-serif-m layout-normal text-serif-m layout-padded\">\u2013 NRK mener det er viktig at vi holder en l\u00f8pende samtale g\u00e5ende om hvordan vi<br \/>ivaretar troverdigheten til EBU og Eurovision Song Contest fremover. Det inneb\u00e6rer at<br \/>vi raskt b\u00f8r evaluere gjennomf\u00f8ringen av Eurovision 2026, og at vi fortsetter arbeidet<br \/>med \u00e5 forbedre Eurovision, sier Vibeke F\u00fcrst Haugen i pressemeldingen.<\/p>\n<p>\u2013 Trist<\/p>\n<p class=\"_paragraph_o9xde_4 _paragraph_xtcu6_10 layout-component text-serif-m layout-normal text-serif-m layout-padded\">\u2013 Jeg synes at er veldig trist at en konkurranse som skal v\u00e6re hyggelig har blitt skikkelig kranglete, forteller Morten Thomassen, leder i MGP klubben.<\/p>\n<p class=\"_paragraph_o9xde_4 _paragraph_xtcu6_10 layout-component text-serif-m layout-normal text-serif-m layout-padded\">Han etterlyser regler for hvordan konkurransen skal behandle land som okkuperer.<\/p>\n<p><img alt=\"Forel\u00f8pig har ikke  Morten Thomassen, leder i MGP klubben, planer om \u00e5 kansellere turen ned til \u00e5rets konkurranse i Wien.  Foto: Heiko Junge \/ NTB\" class=\"_image_qp4xg_65 layout-component layout-normal\" data-fullscreen- data-track-element-type=\"Article image fullscreen\" data-track-name=\"ImageFullscreen\" decoding=\"async\" loading=\"lazy\" height=\"3533\" itemprop=\"image\"  src=\"https:\/\/www.europesays.com\/no\/wp-content\/uploads\/2025\/12\/eede35ee-90b2-4ae9-8969-771cc30b20b4\"  style=\"object-position:0% 0%\" width=\"5300\"\/>Forel\u00f8pig har ikke  Morten Thomassen, leder i MGP klubben, planer om \u00e5 kansellere turen ned til \u00e5rets konkurranse i Wien.  Foto: Heiko Junge \/ NTB<\/p>\n<p class=\"_paragraph_o9xde_4 _paragraph_xtcu6_10 layout-component text-serif-m layout-normal text-serif-m layout-padded\">Israels president Isaac Herzog uttrykker glede over at landet f\u00e5r delta i Eurovision Song Contest i 2026, melder\u00a0<a href=\"https:\/\/www.reutersconnect.com\/all?id=tag:reuters.com,2025:newsml_MT1ALTS8N3VP0N32&amp;share=true\" class=\"_link_o9xde_39\" rel=\"nofollow noopener\" target=\"_blank\">Reuters<\/a>. Det israelske kringkastingsselskapet KAN bekrefter at de vi delta.<\/p>\n","protected":false},"excerpt":{"rendered":"N\u00e5 trekker flere land seg. \u00a0Yuval Raphael sang i v\u00e5r for Israel. Foto: Ohad Zwigenberg \/ AP \/&hellip;\n","protected":false},"author":2,"featured_media":104325,"comment_status":"","ping_status":"","sticky":false,"template":"","format":"standard","meta":{"footnotes":""},"categories":[12],"tags":[6061,20,21,2513,24,25,15,52,22,23,13,30,28,29,14,16,26,27,42,43,44,45],"class_list":{"0":"post-104324","1":"post","2":"type-post","3":"status-publish","4":"format-standard","5":"has-post-thumbnail","7":"category-verden","8":"tag-boikott","9":"tag-breaking-news","10":"tag-breakingnews","11":"tag-eurovision","12":"tag-featured-news","13":"tag-featurednews","14":"tag-headlines","15":"tag-israel","16":"tag-latest-news","17":"tag-latestnews","18":"tag-news","19":"tag-no","20":"tag-norge","21":"tag-norway","22":"tag-nyheter","23":"tag-overskrifter","24":"tag-top-stories","25":"tag-topstories","26":"tag-verden","27":"tag-world","28":"tag-world-news","29":"tag-worldnews"},"share_on_mastodon":{"url":"https:\/\/pubeurope.com\/@no\/115662804044224916","error":""},"_links":{"self":[{"href":"https:\/\/www.europesays.com\/no\/wp-json\/wp\/v2\/posts\/104324","targetHints":{"allow":["GET"]}}],"collection":[{"href":"https:\/\/www.europesays.com\/no\/wp-json\/wp\/v2\/posts"}],"about":[{"href":"https:\/\/www.europesays.com\/no\/wp-json\/wp\/v2\/types\/post"}],"author":[{"embeddable":true,"href":"https:\/\/www.europesays.com\/no\/wp-json\/wp\/v2\/users\/2"}],"replies":[{"embeddable":true,"href":"https:\/\/www.europesays.com\/no\/wp-json\/wp\/v2\/comments?post=104324"}],"version-history":[{"count":0,"href":"https:\/\/www.europesays.com\/no\/wp-json\/wp\/v2\/posts\/104324\/revisions"}],"wp:featuredmedia":[{"embeddable":true,"href":"https:\/\/www.europesays.com\/no\/wp-json\/wp\/v2\/media\/104325"}],"wp:attachment":[{"href":"https:\/\/www.europesays.com\/no\/wp-json\/wp\/v2\/media?parent=104324"}],"wp:term":[{"taxonomy":"category","embeddable":true,"href":"https:\/\/www.europesays.com\/no\/wp-json\/wp\/v2\/categories?post=104324"},{"taxonomy":"post_tag","embeddable":true,"href":"https:\/\/www.europesays.com\/no\/wp-json\/wp\/v2\/tags?post=104324"}],"curies":[{"name":"wp","href":"https:\/\/api.w.org\/{rel}","templated":true}]}}