{"id":104326,"date":"2025-12-04T18:51:09","date_gmt":"2025-12-04T18:51:09","guid":{"rendered":"https:\/\/www.europesays.com\/no\/104326\/"},"modified":"2025-12-04T18:51:09","modified_gmt":"2025-12-04T18:51:09","slug":"butikkene-kan-ga-tomme-for-favoritter-for-jul-salget-gar-veldig-bra","status":"publish","type":"post","link":"https:\/\/www.europesays.com\/no\/104326\/","title":{"rendered":"Butikkene kan g\u00e5 tomme for favoritter f\u00f8r jul: \u2013 Salget g\u00e5r veldig bra"},"content":{"rendered":"<p>Denne saken er skrevet av Jakob H\u00e5ker Ottesen, elev ved Spjelkavik ungdomsskole, som har hatt arbeidsuke hos Sunnm\u00f8rsposten.<\/p>\n<p>Dagligvarebutikkene merker b\u00e5de \u00f8kt ettersp\u00f8rsel og priskrig i hyllene.<\/p>\n<p>If\u00f8lge e<a href=\"https:\/\/dinside.dagbladet.no\/fritid\/da-er-det-tomt\/83933101\" rel=\"noopener nofollow\" target=\"_blank\">n artikkel <\/a>fra DinSide, er \u00e5rets produksjon av brun julebrus fra Ringnes avsluttet. Dermed kan butikkene kun selge det de har igjen p\u00e5 lager, og flere steder begynner det \u00e5 t\u00f8mmes.<\/p>\n<p>For mange er nettopp den brune varianten en obligatorisk del av f\u00f8rjulstiden. Men i \u00e5r kan favoritten bli vanskelig \u00e5 f\u00e5 tak i, s\u00e6rlig p\u00e5 \u00d8stlandet, hvor salget tradisjonelt er h\u00f8yt.<\/p>\n<p><strong>Men hvordan er situasjonen i \u00c5lesund?<\/strong><\/p>\n<p><img decoding=\"async\" src=\"data:image\/gif;base64,R0lGODlhEAAJAIAAAP\/\/\/wAAACH5BAEAAAAALAAAAAAQAAkAAAIKhI+py+0Po5yUFQA7\" alt=\"\"\/><br \/>\n  Si ha det bra til brun julebrus for i \u00e5r.<br \/>\n  <strong>Foto:<\/strong> Jakob H\u00e5ker OttesenBunnpris:  \u2013 Vi er nesten tomme allerede<\/p>\n<p>Hos Bunnpris g\u00e5r julebrusen unna i h\u00f8yt tempo.<\/p>\n<p><strong>\u2013 Julebrussalget her blir vel ganske fort tomt alts\u00e5. Akkurat n\u00e5 har vi ikke noe s\u00e6rlig til brun julebrus, sier butikkansatt Kristoffer S\u00f8vik.<\/strong><\/p>\n<p>I hyllene st\u00e5r det i stedet andre merker.<\/p>\n<p><strong>\u2013 Vi har mest Rudolf og Hansa akkurat n\u00e5. Det er nok \u00abRudolf og Nissens\u00bb fra Oskar Sylte vi selger mest av.<\/strong><\/p>\n<p>If\u00f8lge S\u00f8vik er det ogs\u00e5 priskrig, men ikke p\u00e5 alt.<\/p>\n<p>\u2013 Det er priskrig p\u00e5 det meste n\u00e5, spesielt n\u00e5r alle setter dem ned til ti kroner. Men ikke s\u00e5 mye p\u00e5 Ringnes-brusen. Det er mest Oskar Sylte det er priskrig p\u00e5.<\/p>\n<p><img decoding=\"async\" src=\"data:image\/gif;base64,R0lGODlhEAAJAIAAAP\/\/\/wAAACH5BAEAAAAALAAAAAAQAAkAAAIKhI+py+0Po5yUFQA7\" alt=\"\"\/><br \/>\n  Lite brun julebrus i kj\u00f8ledisken hos Bunnpris.<br \/>\n  <strong>Foto:<\/strong> Jakob H\u00e5ker OttesenKiwi: \u2013 Det selger masse<\/p>\n<p><strong>Julebrusen hos Kiwi er fortsatt godt tilgjengelig, og de merker ikke samme mangel som andre steder.<\/strong><\/p>\n<p>\u2013 Det g\u00e5r fint, det selger i hvert fall masse, sier Viktoria Skeide.<\/p>\n<p>Hun er usikker p\u00e5 hvilken julebrus som er den st\u00f8rste favoritten hos kundene, men \u00e9n ting er klart: priskrigen er i gang.<\/p>\n<p><strong>\u2013 Det er priskrig p\u00e5 den fra Hamar.<\/strong><\/p>\n<p>I motsetning til flere andre butikker tror de ikke at hyllene blir tomme f\u00f8r jul.<\/p>\n<p>\u2013 Nei, det bruker som regel \u00e5 v\u00e6re igjen til januar.<\/p>\n<p><img decoding=\"async\" src=\"data:image\/gif;base64,R0lGODlhEAAJAIAAAP\/\/\/wAAACH5BAEAAAAALAAAAAAQAAkAAAIKhI+py+0Po5yUFQA7\" alt=\"\"\/><br \/>\n  Fortsatt godt med brun julebrus fra Hamar tilgjengelig  hos Kiwi.<br \/>\n  <strong>Foto:<\/strong> Jakob H\u00e5ker OttesenSpar:  \u2013 G\u00e5r trolig tom f\u00f8r jul<\/p>\n<p>Hos Spar p\u00e5 \u00c5lesund Storsenter er tonen en annen. Her g\u00e5r julebrusen ut av hyllene raskt, og butikken forventer \u00e5 merke Ringnes-mangelen.<\/p>\n<p><strong>\u2013 Julebrussalget g\u00e5r veldig bra, s\u00e5 vi kommer nok til \u00e5 g\u00e5 tom f\u00f8r jul, sier butikksjef Ole Huse.<\/strong><\/p>\n<p>Det er Hansa r\u00f8d julebrus som selger mest i butikken, men ogs\u00e5 her kan tilgjengeligheten stramme seg til.<\/p>\n<p>\u2013 Jeg tror vi skal ha helt inn til siste uke, sier Huse, men understreker at det ikke er noen garanti.<\/p>\n<p><img decoding=\"async\" src=\"data:image\/gif;base64,R0lGODlhEAAJAIAAAP\/\/\/wAAACH5BAEAAAAALAAAAAAQAAkAAAIKhI+py+0Po5yUFQA7\" alt=\"\"\/><br \/>\n  Butikkhyllene hos Eurospar har rikelig med brus \u2013 enn\u00e5.<br \/>\n  <strong>Foto:<\/strong> Jakob H\u00e5ker OttesenKan bli en \u00abr\u00f8d jul\u00bb for brunbrus-elskere<\/p>\n<p>Med produksjonen hos Ringnes avsluttet og julehandelen i full gang, tyder mye p\u00e5 at brun julebrus kan bli en ferskvare i \u00e5r. Samtidig gj\u00f8r priskrigen at enkelte andre merker selger ekstra godt og holder julestemningen oppe i hyllene.<\/p>\n<p><img decoding=\"async\" src=\"data:image\/gif;base64,R0lGODlhEAAJAIAAAP\/\/\/wAAACH5BAEAAAAALAAAAAAQAAkAAAIKhI+py+0Po5yUFQA7\" alt=\"\"\/><br \/>\n  Blir masse r\u00f8d julebrus i \u00e5r!<br \/>\n  <strong>Foto:<\/strong> Jakob H\u00e5ker Ottesen<\/p>\n","protected":false},"excerpt":{"rendered":"Denne saken er skrevet av Jakob H\u00e5ker Ottesen, elev ved Spjelkavik ungdomsskole, som har hatt arbeidsuke hos Sunnm\u00f8rsposten.&hellip;\n","protected":false},"author":2,"featured_media":104327,"comment_status":"","ping_status":"","sticky":false,"template":"","format":"standard","meta":{"footnotes":""},"categories":[10],"tags":[1703,20,21,24,25,15,5593,6725,7852,22,23,13,30,28,29,14,16,7636,5661,26,27],"class_list":{"0":"post-104326","1":"post","2":"type-post","3":"status-publish","4":"format-standard","5":"has-post-thumbnail","7":"category-norge","8":"tag-alesund","9":"tag-breaking-news","10":"tag-breakingnews","11":"tag-featured-news","12":"tag-featurednews","13":"tag-headlines","14":"tag-jul","15":"tag-julebrus","16":"tag-julehandel","17":"tag-latest-news","18":"tag-latestnews","19":"tag-news","20":"tag-no","21":"tag-norge","22":"tag-norway","23":"tag-nyheter","24":"tag-overskrifter","25":"tag-priskrig","26":"tag-ringnes","27":"tag-top-stories","28":"tag-topstories"},"share_on_mastodon":{"url":"https:\/\/pubeurope.com\/@no\/115662807541346772","error":""},"_links":{"self":[{"href":"https:\/\/www.europesays.com\/no\/wp-json\/wp\/v2\/posts\/104326","targetHints":{"allow":["GET"]}}],"collection":[{"href":"https:\/\/www.europesays.com\/no\/wp-json\/wp\/v2\/posts"}],"about":[{"href":"https:\/\/www.europesays.com\/no\/wp-json\/wp\/v2\/types\/post"}],"author":[{"embeddable":true,"href":"https:\/\/www.europesays.com\/no\/wp-json\/wp\/v2\/users\/2"}],"replies":[{"embeddable":true,"href":"https:\/\/www.europesays.com\/no\/wp-json\/wp\/v2\/comments?post=104326"}],"version-history":[{"count":0,"href":"https:\/\/www.europesays.com\/no\/wp-json\/wp\/v2\/posts\/104326\/revisions"}],"wp:featuredmedia":[{"embeddable":true,"href":"https:\/\/www.europesays.com\/no\/wp-json\/wp\/v2\/media\/104327"}],"wp:attachment":[{"href":"https:\/\/www.europesays.com\/no\/wp-json\/wp\/v2\/media?parent=104326"}],"wp:term":[{"taxonomy":"category","embeddable":true,"href":"https:\/\/www.europesays.com\/no\/wp-json\/wp\/v2\/categories?post=104326"},{"taxonomy":"post_tag","embeddable":true,"href":"https:\/\/www.europesays.com\/no\/wp-json\/wp\/v2\/tags?post=104326"}],"curies":[{"name":"wp","href":"https:\/\/api.w.org\/{rel}","templated":true}]}}