{"id":104328,"date":"2025-12-04T18:53:13","date_gmt":"2025-12-04T18:53:13","guid":{"rendered":"https:\/\/www.europesays.com\/no\/104328\/"},"modified":"2025-12-04T18:53:13","modified_gmt":"2025-12-04T18:53:13","slug":"vm-2026-ekspertenes-drommegruppe-for-norge","status":"publish","type":"post","link":"https:\/\/www.europesays.com\/no\/104328\/","title":{"rendered":"VM 2026: Ekspertenes dr\u00f8mmegruppe for Norge"},"content":{"rendered":"\n<p class=\"_lead_o9xde_2 _lead_xtcu6_50 layout-component text-serif-m layout-normal text-serif-l layout-component layout-wide layout-padded _wide_17hqh_1 layout-padded\">Fredag blir Norges VM-gruppe klar. Ekspertene er samstemte om hvilket lag Norge b\u00f8r h\u00e5pe p\u00e5 fra pott \u00e9n.<\/p>\n<p><img alt=\"Ekspertene er samstemte: Canada er Norges dr\u00f8mmemotstander. Foto: Paul Childs \/ Reuters \/ NTB\" class=\"_image_qp4xg_65 layout-component layout-wide\" data-fullscreen- data-track-element-type=\"Article image fullscreen\" data-track-name=\"ImageFullscreen\" fetchpriority=\"high\" decoding=\"sync\" loading=\"eager\" height=\"2250\" itemprop=\"image\"  src=\"https:\/\/www.europesays.com\/no\/wp-content\/uploads\/2025\/12\/3f0a5952-5bb9-4c74-825e-6754fc42d07d\"  style=\"object-position:0% 0%\" width=\"3281\"\/>Ekspertene er samstemte: Canada er Norges dr\u00f8mmemotstander. Foto: Paul Childs \/ Reuters \/ NTB<\/p>\n<ul aria-hidden=\"true\" class=\"_images_1uft6_111\">\n<li><a class=\"_link_1uft6_116\" href=\"https:\/\/www.vg.no\/forfatter\/andreas-hopen\" style=\"z-index:1\" title=\"Andreas Hopen\" rel=\"nofollow noopener\" target=\"_blank\"><img alt=\"Bilde av Andreas Hopen\" class=\"_image_1uft6_93\" fetchpriority=\"low\" loading=\"lazy\" decoding=\"async\" itemprop=\"image\"  src=\"https:\/\/www.europesays.com\/no\/wp-content\/uploads\/2025\/12\/1764874391_593_8d697287-ea03-4d54-ab67-6d65b82629eb\"  width=\"480\"\/><\/a><\/li>\n<\/ul>\n<p> Oppdatert torsdag 4. desember kl. 19:29    <\/p>\n<ul class=\"_list_o9xde_3 _list_64s2r_85 _unordered_o9xde_106 text-sans-m\">\n<li class=\"_item_o9xde_30\">Fredag trekker Norges VM-gruppe, og eksperter diskuterer dr\u00f8mmemotstandere.<\/li>\n<li class=\"_item_o9xde_30\">NRK-ekspert Andrine Hegerberg h\u00e5per p\u00e5 Canada, Australia og Haiti.<\/li>\n<li class=\"_item_o9xde_30\">Sportssjef Tor-Kristian Karlsen er enig og mener Norge skal kunne sl\u00e5 Canada.<\/li>\n<li class=\"_item_o9xde_30\">TV 2-ekspert Yaw Amankwah deler to grupper, \u00e9n med kule motstandere og \u00e9n med st\u00f8rst sjanse for avansement.<\/li>\n<\/ul>\n<p>Vis mer <\/p>\n<p class=\"_paragraph_o9xde_4 _paragraph_xtcu6_10 layout-component text-serif-m layout-normal text-serif-m layout-padded\">\u2013 Jeg tenker det er greit med forutsigbare motstandere, ikke s\u00e5 store overraskelser, og helst land uten s\u00e5 mye mesterskapserfaring sier NRKs fotballekspert Andrine Hegerberg til VG etter \u00e5 ha f\u00e5tt bestillingen.<\/p>\n<p class=\"_paragraph_o9xde_4 _paragraph_xtcu6_10 layout-component text-serif-m layout-normal text-serif-m layout-padded\">Fredag 18:00 trekkes VM-gruppene. Trekningen avgj\u00f8r hvor Norge skal spille &#8211; og hvilke land som m\u00e5 sl\u00e5s for \u00e5 sikre avansement fra gruppespillet. <\/p>\n<p class=\"_paragraph_o9xde_4 _paragraph_xtcu6_10 layout-component text-serif-m layout-normal text-serif-m layout-padded\">Hva er Norges dr\u00f8mmegruppe? <\/p>\n<p class=\"_paragraph_o9xde_4 _paragraph_xtcu6_10 layout-component text-serif-m layout-normal text-serif-m layout-padded\">Det var sp\u00f8rsm\u00e5let fra VG &#8211; noe Hegerberg har tenkt mye p\u00e5 de siste ukene.<\/p>\n<p class=\"_paragraph_o9xde_4 _paragraph_xtcu6_10 layout-component text-serif-m layout-normal text-serif-m layout-padded\"><strong class=\"_strong_o9xde_25\">Trekningen kan du f\u00f8lge p\u00e5 VG fra 17:00 fredag kveld.<\/strong><\/p>\n<p class=\"_paragraph_o9xde_4 _paragraph_xtcu6_10 layout-component text-serif-m layout-normal text-serif-m layout-padded\"> Gruppen hun har laget best\u00e5r av Canada, Australia og Haiti i tillegg til Norge.<\/p>\n<p class=\"_paragraph_o9xde_4 _paragraph_xtcu6_10 layout-component text-serif-m layout-normal text-serif-m layout-padded\">\u2013 Alle har ulike defensive utfordringer, og de har ikke s\u00e5 mye x-faktor. De er ogs\u00e5 relativt forutsigbare, mener den tidligere lanslagsspilleren.<\/p>\n<p><img decoding=\"async\" alt=\"Bilde av Andrine Hegerberg\" class=\"_image_ygndg_42\" height=\"27\" itemprop=\"image\" loading=\"lazy\"  src=\"https:\/\/www.europesays.com\/no\/wp-content\/uploads\/2025\/12\/24efda40-5398-4af0-be2a-88ab5d7f0edb\"  width=\"40\"\/><strong class=\"_name_ygndg_51 title-serif-xs\">Andrine Hegerberg<\/strong><\/p>\n<p class=\"_paragraph_o9xde_4 text-sans-m _description_ygndg_56\">Tidligere landslagsspiller og utenlandsproff. N\u00e5 NRKs fotballekspert.<\/p>\n<p>Hegerbergs dr\u00f8mmegruppeAndrine Hegerberg<\/p>\n<ol class=\"_list_o9xde_3 _list_xtcu6_9 _list_16v91_9 _ordered_o9xde_79 layout-component text-serif-m layout-normal text-sans-m layout-padded\" itemprop=\"text\">\n<li class=\"_item_o9xde_30\">Canada<\/li>\n<li class=\"_item_o9xde_30\">Australia<\/li>\n<li class=\"_item_o9xde_30\">Norge<\/li>\n<li class=\"_item_o9xde_30\">Haiti<\/li>\n<\/ol>\n<p class=\"_paragraph_o9xde_4 _paragraph_xtcu6_10 layout-component text-serif-m layout-normal text-serif-m layout-padded\">Mange\u00e5rig sportssjef og speider Tor-Kristian Karlsen er enig med Hegerberg om motstanden fra pott \u00e9n og to.<\/p>\n<p class=\"_paragraph_o9xde_4 _paragraph_xtcu6_10 layout-component text-serif-m layout-normal text-serif-m layout-padded\">\u2013 Canada er opplagt. Null VM-erfaring og kj\u00f8rer intens RedBull-type h\u00f8yt press som Norge skal kunne spille seg gjennom gang p\u00e5 gang, forklarer Karlsen til VG.<\/p>\n<p><img decoding=\"async\" alt=\"Bilde av Tor-Kristian Karlsen\" class=\"_image_ygndg_42\" height=\"60\" itemprop=\"image\" loading=\"lazy\"  src=\"https:\/\/www.europesays.com\/no\/wp-content\/uploads\/2025\/12\/7321df15-1e15-4e49-82b8-51859bd97174\"  width=\"40\"\/><strong class=\"_name_ygndg_51 title-serif-xs\">Tor-Kristian Karlsen<\/strong><\/p>\n<p class=\"_paragraph_o9xde_4 _paragraph_xtcu6_10 layout-component text-serif-m layout-normal text-serif-m layout-padded\">Karlsen mener det er to spillere Norge m\u00e5 passe seg for i Canada.<\/p>\n<p class=\"_paragraph_o9xde_4 _paragraph_xtcu6_10 layout-component text-serif-m layout-normal text-serif-m layout-padded\">\u2013 De har to meget sterke angrepsspillere i Jonathan David (Juventus) og Promise David (Union SG), men det som f\u00f8lger bakover er altfor tynt til at de skal t\u00e5le \u00e5 st\u00e5 imot sterk motstand gjennom en helt kamp, sier Karlsen.<\/p>\n<p class=\"_paragraph_o9xde_4 _paragraph_xtcu6_10 layout-component text-serif-m layout-normal text-serif-m layout-padded\">Han har ogs\u00e5 Australia fra pott to og sier de ofte blir baktunge, og ikke er mye \u00e5 frykte fremover i banen.<\/p>\n<p class=\"_paragraph_o9xde_4 _paragraph_xtcu6_10 layout-component text-serif-m layout-normal text-serif-m layout-padded\">\u2013 De er ikke noe spesielt dyktige til \u00e5 holde p\u00e5 ballen i etablert angrepsspill og mangler x-faktor i angrep, fortsetter han.<\/p>\n<p class=\"_paragraph_o9xde_4 _paragraph_xtcu6_10 layout-component text-serif-m layout-normal text-serif-m layout-padded\">Det siste laget han vil ha med i en \u00abdr\u00f8mmetrekning\u00bb er et land Norge slo i oktober: New ZealandNew ZealandNew Zealand og Australia er ikke formelt i samme konf\u00f8derasjon. Sportslig sett h\u00f8rer Australia til Asia, mens New Zealand h\u00f8rer til Oseania..<\/p>\n<p class=\"_paragraph_o9xde_4 _paragraph_xtcu6_10 layout-component text-serif-m layout-normal text-serif-m layout-padded\"> \u2013 De har Wood p\u00e5 topp, men han er det relativt enkelt \u00e5 isolere, og New Zealand har heller ikke gode nok spillere rundt til \u00e5 &laquo;mate&raquo; ham kontinuerlig.<\/p>\n<p>Tor-Kristian Karlsens dr\u00f8mmegruppe<\/p>\n<ol class=\"_list_o9xde_3 _list_xtcu6_9 _list_16v91_9 _ordered_o9xde_79 layout-component text-serif-m layout-normal text-sans-m layout-padded\">\n<li class=\"_item_o9xde_30\">Canada<\/li>\n<li class=\"_item_o9xde_30\">Australia<\/li>\n<li class=\"_item_o9xde_30\">Norge<\/li>\n<li class=\"_item_o9xde_30\">New Zealand<\/li>\n<\/ol>\n<p>Vis mer<\/p>\n<p class=\"_paragraph_o9xde_4 _paragraph_xtcu6_10 layout-component text-serif-m layout-normal text-serif-m layout-padded\">TV 2-ekspert Yaw Amankwah har ogs\u00e5 f\u00e5tt i oppgave \u00e5 sette opp sin dr\u00f8mmetrekning &#8211; han mener det er to m\u00e5ter \u00e5 l\u00f8se den oppgaven p\u00e5.<\/p>\n<p class=\"_paragraph_o9xde_4 _paragraph_xtcu6_10 layout-component text-serif-m layout-normal text-serif-m layout-padded\">\u2013 Enten en gruppe med kule motstandere eller den gruppen med enklest mulig motstand, som gir st\u00f8rst sjanse for gruppeseier.<\/p>\n<p><img decoding=\"async\" alt=\"Bilde av Yaw Amankwah\" class=\"_image_ygndg_42\" height=\"27\" itemprop=\"image\" loading=\"lazy\"  src=\"https:\/\/www.europesays.com\/no\/wp-content\/uploads\/2025\/12\/dbc17be3-ee6d-43c3-abd1-10c607967333\"  width=\"40\"\/><strong class=\"_name_ygndg_51 title-serif-xs\">Yaw Amankwah<\/strong><\/p>\n<p class=\"_paragraph_o9xde_4 text-sans-m _description_ygndg_56\">TV 2-ekspert og tidligere spiller for Brann, Stab\u00e6k, Sandefjord og Hobro.<\/p>\n<p class=\"_paragraph_o9xde_4 _paragraph_xtcu6_10 layout-component text-serif-m layout-normal text-serif-m layout-padded\">Han legger f\u00f8rst frem sin dr\u00f8mmegruppe med kul motstand i gruppen.<\/p>\n<p class=\"_paragraph_o9xde_4 _paragraph_xtcu6_10 layout-component text-serif-m layout-normal text-serif-m layout-padded\">\u2013 Personlig hadde jeg synes det var r\u00e5tt med England, Uruguay og Ghana. Spesielt siste med tanke p\u00e5 at jeg har en far fra Ghana, sier Amankwah.<\/p>\n<p class=\"_paragraph_o9xde_4 _paragraph_xtcu6_10 layout-component text-serif-m layout-normal text-serif-m layout-padded\">Haaland scoret sitt 100. m\u00e5l i Premier League tirsdag. Se h\u00f8ydepunktene her:<\/p>\n<p class=\"_paragraph_o9xde_4 _paragraph_xtcu6_10 layout-component text-serif-m layout-normal text-serif-m layout-padded\">En slik gruppe vil gi store stjerner i alle kampene til Norge.<\/p>\n<p class=\"_paragraph_o9xde_4 _paragraph_xtcu6_10 layout-component text-serif-m layout-normal text-serif-m layout-padded\">I Amankwahs andre utkast &#8211; som han mener gir Norge st\u00f8rst sjanse for avansement er stjernefaktoren i andre enden.<\/p>\n<p class=\"_paragraph_o9xde_4 _paragraph_xtcu6_10 layout-component text-serif-m layout-normal text-serif-m layout-padded\">Han har samme land fra pott \u00e9n som Hegerberg og Karlsen. Resten er ulikt.<\/p>\n<p>Amankwahs dr\u00f8mmegruppe<\/p>\n<ol class=\"_list_o9xde_3 _list_xtcu6_9 _list_16v91_9 _ordered_o9xde_79 layout-component text-serif-m layout-normal text-sans-m layout-padded\">\n<li class=\"_item_o9xde_30\">Canada<\/li>\n<li class=\"_item_o9xde_30\">Iran<\/li>\n<li class=\"_item_o9xde_30\">Norge<\/li>\n<li class=\"_item_o9xde_30\">Kapp Verde<\/li>\n<\/ol>\n<p>Vis mer<\/p>\n<p class=\"_paragraph_o9xde_4 _paragraph_xtcu6_10 layout-component text-serif-m layout-normal text-serif-m layout-padded\">\u2013 Det er de svakeste fra hver pott, hvis man hensyntar seedingregleneseedingregleneAt man ikke har flere nasjoner fra de ulike konf\u00f8derasjonene., sier Amankwah.<\/p>\n<p class=\"_paragraph_o9xde_4 _paragraph_xtcu6_10 layout-component text-serif-m layout-normal text-serif-m layout-padded\">Spesielt Kapp Verde mener han Norge b\u00f8r sl\u00e5 enkelt.<\/p>\n<p class=\"_paragraph_o9xde_4 _paragraph_xtcu6_10 layout-component text-serif-m layout-normal text-serif-m layout-padded\">\u2013 Ikke et vondt ord om Kapp Verde, men jeg s\u00e5 den avgj\u00f8rende kampen som sendte dem til VM. Det er et lag som skulle slitt i Eliteserien, slik jeg ser det. Det ville v\u00e6rt en kamp hvor Norge kunne hvilt spillere, fastsl\u00e5r Amankwah.<\/p>\n","protected":false},"excerpt":{"rendered":"Fredag blir Norges VM-gruppe klar. Ekspertene er samstemte om hvilket lag Norge b\u00f8r h\u00e5pe p\u00e5 fra pott \u00e9n.&hellip;\n","protected":false},"author":2,"featured_media":104329,"comment_status":"","ping_status":"","sticky":false,"template":"","format":"standard","meta":{"footnotes":""},"categories":[59],"tags":[92,8634,3163,30,28,29,83,82],"class_list":{"0":"post-104328","1":"post","2":"type-post","3":"status-publish","4":"format-standard","5":"has-post-thumbnail","7":"category-sport","8":"tag-fotball","9":"tag-fotball-vm-2026","10":"tag-herrelandslaget-fotball","11":"tag-no","12":"tag-norge","13":"tag-norway","14":"tag-sport","15":"tag-sports"},"share_on_mastodon":{"url":"https:\/\/pubeurope.com\/@no\/115662815850435247","error":""},"_links":{"self":[{"href":"https:\/\/www.europesays.com\/no\/wp-json\/wp\/v2\/posts\/104328","targetHints":{"allow":["GET"]}}],"collection":[{"href":"https:\/\/www.europesays.com\/no\/wp-json\/wp\/v2\/posts"}],"about":[{"href":"https:\/\/www.europesays.com\/no\/wp-json\/wp\/v2\/types\/post"}],"author":[{"embeddable":true,"href":"https:\/\/www.europesays.com\/no\/wp-json\/wp\/v2\/users\/2"}],"replies":[{"embeddable":true,"href":"https:\/\/www.europesays.com\/no\/wp-json\/wp\/v2\/comments?post=104328"}],"version-history":[{"count":0,"href":"https:\/\/www.europesays.com\/no\/wp-json\/wp\/v2\/posts\/104328\/revisions"}],"wp:featuredmedia":[{"embeddable":true,"href":"https:\/\/www.europesays.com\/no\/wp-json\/wp\/v2\/media\/104329"}],"wp:attachment":[{"href":"https:\/\/www.europesays.com\/no\/wp-json\/wp\/v2\/media?parent=104328"}],"wp:term":[{"taxonomy":"category","embeddable":true,"href":"https:\/\/www.europesays.com\/no\/wp-json\/wp\/v2\/categories?post=104328"},{"taxonomy":"post_tag","embeddable":true,"href":"https:\/\/www.europesays.com\/no\/wp-json\/wp\/v2\/tags?post=104328"}],"curies":[{"name":"wp","href":"https:\/\/api.w.org\/{rel}","templated":true}]}}