{"id":104336,"date":"2025-12-04T19:00:12","date_gmt":"2025-12-04T19:00:12","guid":{"rendered":"https:\/\/www.europesays.com\/no\/104336\/"},"modified":"2025-12-04T19:00:12","modified_gmt":"2025-12-04T19:00:12","slug":"aleksander-aamodt-kilde-beaver-creek-2","status":"publish","type":"post","link":"https:\/\/www.europesays.com\/no\/104336\/","title":{"rendered":"Aleksander Aamodt Kilde, Beaver Creek"},"content":{"rendered":"\n<p><b>Rennet p\u00e5g\u00e5r!<\/b><\/p>\n<p>Fra startnummer tre kj\u00f8rte Kilde ned til forel\u00f8pig 2.-plass, 0,68 bak lagkompis Adrian Smiseth Sejersted.<\/p>\n<p>\u2013 Han gjennomf\u00f8rer trygt, men det kan bli bra, sier Viaplay-kommentator Kjetil Andr\u00e9 Aamodt.<\/p>\n<p>\u2013 Det kan det. Jeg synes han gj\u00f8r det med trygghet og stil, istemmer Kjetil Jansrud.<\/p>\n<p>I etterkant har amerikanske Ryan Cochran-Siegle kj\u00f8rt inn til ny ledelse, 0,39 foran Sejersted.<\/p>\n<p>Sejersted og Kilde ligger som henholdsvis nummer tre og elleve etter at 20 l\u00f8pere har kommer i m\u00e5l.<\/p>\n<p>\u2013 Vi m\u00e5 ta oss et minutt og hylle Kilde. Den kampen han har v\u00e6rt gjennom og den betydningen han har for laget, er s\u00e5 viktig. En vanvittig bra start, enn s\u00e5 lenge, sier Jansrud.<\/p>\n<p>   <img decoding=\"async\" width=\"8640\" height=\"5760\" fetchpriority=\"low\"  loading=\"lazy\"  src=\"https:\/\/www.europesays.com\/no\/wp-content\/uploads\/2025\/12\/cueres_scp-mangler_navn_BKrkRLSFzz4.jpg\" alt=\"Courchevel , Frankrike 20230209. &#10;Kjetil Andr\u00e9 Aamodt og Kjetil Jansrud i Nent Group f\u00f8r Super-G for menn under VM i alpint i Courchevel, Frankrike.&#10;Foto: Lise \u00c5serud \/ NTB\" class=\"brick-c-cFOWSL\" style=\"--brick-image-ratio: 8640 \/ 5760;\"\/><\/p>\n<p>      IMPONERT: Kjetil Andr\u00e9 Aamodt og Kjetil Jansrud var forn\u00f8yd med Kildes comeback.<br \/>\n      Foto: Lise \u00c5serud (NTB)\n    <\/p>\n<p>  N\u00f8lte f\u00f8r start<\/p>\n<p>F\u00f8r rennet fikk Kilde sp\u00f8rsm\u00e5l om han kj\u00f8rte for \u00e5 vinne.<\/p>\n<p>\u2013 Jeg har lyst til \u00e5 si ja, men jeg tror at det blir litt urettferdig, sier han noe n\u00f8lende til Viaplay.<\/p>\n<p>Rennet var nordmannens f\u00f8rste i utfor siden det fatale fallet i Wengen for nesten to \u00e5r siden.<\/p>\n<p>Han gjorde riktignok comeback i super-G-rennet i Copper Mountain i forrige uke, der han ble nummer 24.<\/p>\n<p>Etter rennet tok hans forlovede, den amerikanske alpinstjernen Mikaela Shiffrin, til t\u00e5rene:<\/p>\n<p>    Vil du se neste video?<\/p>\n<p>    <a href=\"https:\/\/www.nettavisen.no\/fredrik-solvang\/jonas-gahr-store\/debatten\/fredrik-solvang-himler-av-jonas-gahr-store-men-i-alle\/v\/5-95-2751917\" class=\"recommend-poster\" data-adp-clicklabel=\"video-recommend\" data-adp-clickvalue=\"poster\" rel=\"nofollow noopener\" target=\"_blank\"><br \/>\n      <img decoding=\"async\" width=\"200\" height=\"200\" loading=\"lazy\" src=\"https:\/\/www.europesays.com\/no\/wp-content\/uploads\/2025\/11\/Solvang+bredde.jpg\" alt=\"\" class=\"brick-c-cFOWSL\" style=\"--brick-image-ratio: 200 \/ 200;\"\/><\/p>\n<p>Himler av St\u00f8re: \u2013 Men i alle\u20261:06<\/p>\n<p>    <\/a><\/p>\n<p><b>Les ogs\u00e5: <a rel=\"Follow nofollow noopener\" href=\"https:\/\/www.nettavisen.no\/sport\/forloveden-i-tarer-i-kilde-comebacket\/s\/5-95-2751839\" target=\"_blank\">Forloveden i t\u00e5rer i Kilde-comebacket<\/a><\/b><\/p>\n<p>Flere operasjoner<\/p>\n<p>Da hadde det g\u00e5tt 684 dager siden han falt stygt like f\u00f8r m\u00e5lgang i utforrennet i Wengen i Sveits 13. januar 2024.<\/p>\n<p>Der p\u00e5dro han seg et stygt kutt i leggen og en skade i skulderen som har gjort at han ikke har kunnet konkurrert. I perioden etter m\u00e5tte han gjennom flere operasjoner for \u00e5 komme seg tilbake til konkurransel\u00f8ypa.<\/p>\n<p>I forkant av torsdagens utforcomeback gjennomf\u00f8rte ogs\u00e5 Kilde to treningsomganger der han ble nummer 45 og 9.<\/p>\n<p>F\u00f8r skaden var Kilde en av verdens beste fartsl\u00f8pere og sanket inn seire. Han to siste renn f\u00f8r skaden resulterte i to 3.-plasser.<\/p>\n<p>Lommedalen-l\u00f8peren st\u00e5r totalt med 21 verdenscupseire og totalt 48 pallplasser i verdenscupen.<\/p>\n<p>Han har ogs\u00e5 fire OL- og VM-medaljer p\u00e5 CV-en.<\/p>\n<p>Grunnet sn\u00f8mangel ble torsdagens renn flyttet fra fredag, i tillegg til at starten ble flyttet lenger opp i fjellet.<\/p>\n<p>Fredrik M\u00f8ller skal ogs\u00e5 i aksjon som nummer 43.<\/p>\n","protected":false},"excerpt":{"rendered":"Rennet p\u00e5g\u00e5r! Fra startnummer tre kj\u00f8rte Kilde ned til forel\u00f8pig 2.-plass, 0,68 bak lagkompis Adrian Smiseth Sejersted. \u2013&hellip;\n","protected":false},"author":2,"featured_media":104337,"comment_status":"","ping_status":"","sticky":false,"template":"","format":"standard","meta":{"footnotes":""},"categories":[59],"tags":[30,28,29,83,82],"class_list":{"0":"post-104336","1":"post","2":"type-post","3":"status-publish","4":"format-standard","5":"has-post-thumbnail","7":"category-sport","8":"tag-no","9":"tag-norge","10":"tag-norway","11":"tag-sport","12":"tag-sports"},"share_on_mastodon":{"url":"https:\/\/pubeurope.com\/@no\/115662843165513760","error":""},"_links":{"self":[{"href":"https:\/\/www.europesays.com\/no\/wp-json\/wp\/v2\/posts\/104336","targetHints":{"allow":["GET"]}}],"collection":[{"href":"https:\/\/www.europesays.com\/no\/wp-json\/wp\/v2\/posts"}],"about":[{"href":"https:\/\/www.europesays.com\/no\/wp-json\/wp\/v2\/types\/post"}],"author":[{"embeddable":true,"href":"https:\/\/www.europesays.com\/no\/wp-json\/wp\/v2\/users\/2"}],"replies":[{"embeddable":true,"href":"https:\/\/www.europesays.com\/no\/wp-json\/wp\/v2\/comments?post=104336"}],"version-history":[{"count":0,"href":"https:\/\/www.europesays.com\/no\/wp-json\/wp\/v2\/posts\/104336\/revisions"}],"wp:featuredmedia":[{"embeddable":true,"href":"https:\/\/www.europesays.com\/no\/wp-json\/wp\/v2\/media\/104337"}],"wp:attachment":[{"href":"https:\/\/www.europesays.com\/no\/wp-json\/wp\/v2\/media?parent=104336"}],"wp:term":[{"taxonomy":"category","embeddable":true,"href":"https:\/\/www.europesays.com\/no\/wp-json\/wp\/v2\/categories?post=104336"},{"taxonomy":"post_tag","embeddable":true,"href":"https:\/\/www.europesays.com\/no\/wp-json\/wp\/v2\/tags?post=104336"}],"curies":[{"name":"wp","href":"https:\/\/api.w.org\/{rel}","templated":true}]}}